{"id":87062,"date":"2019-02-08T23:00:40","date_gmt":"2019-02-08T20:00:40","guid":{"rendered":"https:\/\/www.enerjigazetesi.ist\/?p=87062"},"modified":"2019-02-08T23:03:09","modified_gmt":"2019-02-08T20:03:09","slug":"enerjisa-uretim-uretimin-genc-enerjisi-prog-ini-gencler-icin-duzenliyor","status":"publish","type":"post","link":"https:\/\/www.enerjigazetesi.ist\/en\/enerjisa-uretim-uretimin-genc-enerjisi-prog-ini-gencler-icin-duzenliyor\/","title":{"rendered":"(Turkish) Enerjisa \u00dcretim &#8220;\u00dcretim\u2019in Gen\u00e7 Enerjisi&#8221; Prog.&#8217;\u0131n\u0131 Gen\u00e7ler \u0130\u00e7in D\u00fczenliyor"},"content":{"rendered":"<p class=\"qtranxs-available-languages-message qtranxs-available-languages-message-en\">Sorry, this entry is only available in <a href=\"https:\/\/www.enerjigazetesi.ist\/tr\/wp-json\/wp\/v2\/posts\/87062\" class=\"qtranxs-available-language-link qtranxs-available-language-link-tr\" title=\"Turkish\">Turkish<\/a>. For the sake of viewer convenience, the content is shown below in the alternative language. You may click the link to switch the active language.<\/p><p><\/p>\n<h1>Bilgiye \u00f6nem veren, sekt\u00f6r\u00fcn gelece\u011fine y\u00f6n vererek bu alanda sekt\u00f6rde \u00f6nc\u00fc olmay\u0131 hedefleyen Enerjisa \u00dcretim; gen\u00e7lere bilgi ve birikim aktarmak, onlar\u0131n fikirlerini sekt\u00f6re kazand\u0131rmak amac\u0131yla \u00fcniversitelerle i\u015fbirliklerini s\u00fcrd\u00fcr\u00fcyor. Bu \u00e7er\u00e7evede \u0130stanbul Teknik \u00dcniversitesi\u2019nde verilecek derslerle birlikte gen\u00e7lerin e\u011fitim ve geli\u015fimine katk\u0131da bulunulmas\u0131 hedefleniyor.<\/h1>\n<p>T\u00fcrkiye\u2019nin lider \u00f6zel sekt\u00f6r enerji \u00fcretim \u015firketi Enerjisa \u00dcretim, sekt\u00f6r\u00fcn gelece\u011fine y\u00f6n veren enerji \u015firketi olarak lider konumunu g\u00fc\u00e7lendirmeyi ama\u00e7l\u0131yor. Bu ama\u00e7 do\u011frultusunda bilgi ve deneyimin ger\u00e7ek rekabet avantaj\u0131 yaratt\u0131\u011f\u0131na inanan Enerjisa \u00dcretim, s\u00fcrekli geli\u015fimi oda\u011f\u0131na alarak <img loading=\"lazy\" class=\"alignright size-medium wp-image-87064\" src=\"https:\/\/www.enerjigazetesi.ist\/wp-content\/uploads\/2019\/02\/enerjisa-uretim-uretimin-genc-enerjisi-prog-ini-gencler-icin-duzenliyor-300x200.jpg\" alt=\"\" width=\"300\" height=\"200\" srcset=\"https:\/\/www.enerjigazetesi.ist\/wp-content\/uploads\/2019\/02\/enerjisa-uretim-uretimin-genc-enerjisi-prog-ini-gencler-icin-duzenliyor-300x200.jpg 300w, https:\/\/www.enerjigazetesi.ist\/wp-content\/uploads\/2019\/02\/enerjisa-uretim-uretimin-genc-enerjisi-prog-ini-gencler-icin-duzenliyor-500x333.jpg 500w, https:\/\/www.enerjigazetesi.ist\/wp-content\/uploads\/2019\/02\/enerjisa-uretim-uretimin-genc-enerjisi-prog-ini-gencler-icin-duzenliyor-75x50.jpg 75w, https:\/\/www.enerjigazetesi.ist\/wp-content\/uploads\/2019\/02\/enerjisa-uretim-uretimin-genc-enerjisi-prog-ini-gencler-icin-duzenliyor-450x300.jpg 450w, https:\/\/www.enerjigazetesi.ist\/wp-content\/uploads\/2019\/02\/enerjisa-uretim-uretimin-genc-enerjisi-prog-ini-gencler-icin-duzenliyor.jpg 732w\" sizes=\"(max-width: 300px) 100vw, 300px\" \/>\u00fcniversitelerle i\u015fbirliklerine devam ediyor. Sabanc\u0131 \u00dcniversitesi ile devam eden \u201cSanayi Odakl\u0131 Projeler\u201d \u00e7al\u0131\u015fma grubunun ard\u0131ndan, \u0130stanbul Teknik \u00dcniversitesi ile i\u015fbirli\u011fi ger\u00e7ekle\u015ftiriyor.<\/p>\n<p>\u0130\u015fbirli\u011fi \u00e7er\u00e7evesinde \u0130stanbul Teknik \u00dcniversitesi Kimya M\u00fchendisli\u011fi Fak\u00fcltesi\u2019nde \u201cYak\u0131t Kimyas\u0131 ve Teknolojisi\u201d lisans se\u00e7imli dersi, Enerjisa \u00dcretim&#8217;in y\u00f6neticileriyle e\u015fg\u00fcd\u00fcmde verilecek. Derslerde, Enerji ve Enerji Teknolojisindeki Temel Kavramlar, K\u00f6m\u00fcr, Petrol, Do\u011fal Gaz, Yenilenebilir Enerji Kaynaklar\u0131, At\u0131ktan Enerji \u00dcretimi,\u00a0 N\u00fckleer Elektrik \u00dcretimi, Kojenerasyon Teknolojisi, Enerji Verimlili\u011fi, Enerji-\u00c7evre-\u0130klim De\u011fi\u015fimi konular\u0131 i\u015flenirken, \u201cKimya End\u00fcstrisinde Enerji Tasarrufu\u201d se\u00e7imli lisans dersi \u00f6\u011frencileri de ilgili \u00fc\u00e7 derse kat\u0131lacak.<\/p>\n<p><strong>Dersin \u00f6\u011fretim \u00fcyesi Prof.Dr. Filiz Karaosmano\u011flu<\/strong> &#8220;\u00d6\u011frencilerimiz bu i\u015fbirli\u011fi ile donan\u0131mlar\u0131 end\u00fcstriyel destekli, daha g\u00fc\u00e7l\u00fc olarak enerji sekt\u00f6r\u00fcm\u00fcz i\u00e7in haz\u0131r olacak. Emek verecek Enerjisa \u00dcretim y\u00f6neticilerine ve k\u0131ymetli mezunumuz Enerjisa \u00dcretim CEO\u2019su Arman\u00e7 Ekinci \u00f6zelinde samimi te\u015fekk\u00fcr\u00fcm\u00fc pe\u015finen sunar\u0131m. Belki de Enerjisa \u00dcretim&#8217;in gelecekteki CEO&#8217;lar\u0131ndan biri de bu s\u0131n\u0131ftan olabilir&#8221; dedi.<\/p>\n<p><strong>Enerjisa \u00dcretim\u2019in \u0130nsan Kaynaklar\u0131 Genel M\u00fcd\u00fcr Yard\u0131mc\u0131s\u0131 Ahmet R. Kumbasar konu ile ilgili olarak,<\/strong> \u201cT\u00fcrkiye&#8217;nin lider elektrik \u00fcretim \u015firketi olarak amac\u0131m\u0131z bilgi birikimini s\u00fcrekli geli\u015ftiren, standartlar\u0131 belirleyen ve sekt\u00f6r\u00fcn gelece\u011fine y\u00f6n veren enerji \u015firketi olmak. Bu ama\u00e7 do\u011frultusunda bilgi ve know-how\u2019a \u00f6nem veriyoruz. Bizler, Enerjisa \u00dcretim\u2019de s\u00fcrekli geli\u015fimi destekleyen yap\u0131m\u0131zla yeni projeler geli\u015ftiriyor, \u00fcniversite i\u015fbirliklerimizi bilgi ve deneyimlerimizin transferi anlam\u0131nda olduk\u00e7a \u00f6nemli bir ad\u0131m olarak g\u00f6r\u00fcyoruz.<\/p>\n<p>T\u00fcrkiye\u2019nin \u00f6nde gelen \u00fcniversitelerinde vermeye ba\u015flad\u0131\u011f\u0131m\u0131z derslerin ard\u0131ndan T\u00fcrkiye\u2019nin en \u00f6nemli \u00dcniversitelerinden biri olan \u0130stanbul Teknik \u00dcniversitesi ile de i\u015fbirli\u011fi yapt\u0131\u011f\u0131m\u0131z i\u00e7in \u00e7ok mutluyuz. Bu e\u011fitimler sonucunda \u00f6\u011frenciler, Enerjisa \u00dcretim&#8217;in uzun y\u0131llard\u0131r biriktirmi\u015f oldu\u011fu deneyim ve tecr\u00fcbelerinden faydalanacaklar. Bu e\u011fitimler hem onlar i\u00e7in hem de ilerleyen y\u0131llarda teknisyen veya m\u00fchendis olarak aram\u0131za kat\u0131lacak olmalar\u0131ndan dolay\u0131 sekt\u00f6r\u00fcm\u00fcz i\u00e7in \u00e7ok k\u0131ymetli\u201d dedi.<\/p>\n<p>Enerjisa \u00dcretim, \u0130stanbul Teknik \u00dcniversitesi ile devam eden e\u011fitim alan\u0131ndaki i\u015fbirliklerine \u201c\u00dcretim\u2019in Gen\u00e7 Enerjisi\u201d Program\u0131 alt\u0131nda ilerleyen d\u00f6nemlerde de geli\u015ftirerek devam etmeyi hedefliyor.<\/p>","protected":false},"excerpt":{"rendered":"<p>Sorry, this entry is only available in Turkish. For the sake of viewer convenience, the content is shown below in the alternative language. You may click the link to switch the active language. Bilgiye \u00f6nem veren, sekt\u00f6r\u00fcn gelece\u011fine y\u00f6n vererek bu alanda sekt\u00f6rde \u00f6nc\u00fc olmay\u0131 hedefleyen Enerjisa \u00dcretim; gen\u00e7lere bilgi ve birikim aktarmak, onlar\u0131n fikirlerini [&hellip;]<\/p>\n","protected":false},"author":1,"featured_media":87064,"comment_status":"open","ping_status":"open","sticky":false,"template":"","format":"standard","meta":[],"categories":[51,53],"tags":[46095,40783,46092,1488,5291,40784,33693,67,1009,46088,12,46090,35365,7728,870,46091,46086,46093,29134,1675,46089,59,18346,46094,46087,508],"views":1374,"_links":{"self":[{"href":"https:\/\/www.enerjigazetesi.ist\/en\/wp-json\/wp\/v2\/posts\/87062"}],"collection":[{"href":"https:\/\/www.enerjigazetesi.ist\/en\/wp-json\/wp\/v2\/posts"}],"about":[{"href":"https:\/\/www.enerjigazetesi.ist\/en\/wp-json\/wp\/v2\/types\/post"}],"author":[{"embeddable":true,"href":"https:\/\/www.enerjigazetesi.ist\/en\/wp-json\/wp\/v2\/users\/1"}],"replies":[{"embeddable":true,"href":"https:\/\/www.enerjigazetesi.ist\/en\/wp-json\/wp\/v2\/comments?post=87062"}],"version-history":[{"count":0,"href":"https:\/\/www.enerjigazetesi.ist\/en\/wp-json\/wp\/v2\/posts\/87062\/revisions"}],"wp:featuredmedia":[{"embeddable":true,"href":"https:\/\/www.enerjigazetesi.ist\/en\/wp-json\/wp\/v2\/media\/87064"}],"wp:attachment":[{"href":"https:\/\/www.enerjigazetesi.ist\/en\/wp-json\/wp\/v2\/media?parent=87062"}],"wp:term":[{"taxonomy":"category","embeddable":true,"href":"https:\/\/www.enerjigazetesi.ist\/en\/wp-json\/wp\/v2\/categories?post=87062"},{"taxonomy":"post_tag","embeddable":true,"href":"https:\/\/www.enerjigazetesi.ist\/en\/wp-json\/wp\/v2\/tags?post=87062"}],"curies":[{"name":"wp","href":"https:\/\/api.w.org\/{rel}","templated":true}]}}