{"id":87027,"date":"2019-02-08T12:54:22","date_gmt":"2019-02-08T09:54:22","guid":{"rendered":"https:\/\/www.enerjigazetesi.ist\/?p=87027"},"modified":"2019-02-08T12:59:42","modified_gmt":"2019-02-08T09:59:42","slug":"dogadaki-hayati-elektrigini-gunesten-alan-ahsap-karavani-ile-yasiyor","status":"publish","type":"post","link":"https:\/\/www.enerjigazetesi.ist\/en\/dogadaki-hayati-elektrigini-gunesten-alan-ahsap-karavani-ile-yasiyor\/","title":{"rendered":"(Turkish) Do\u011fadaki Hayat\u0131 Elektri\u011fini G\u00fcne\u015ften Alan Ah\u015fap Karavan\u0131 \u0130le Ya\u015f\u0131yor!"},"content":{"rendered":"<p class=\"qtranxs-available-languages-message qtranxs-available-languages-message-en\">Sorry, this entry is only available in <a href=\"https:\/\/www.enerjigazetesi.ist\/tr\/wp-json\/wp\/v2\/posts\/87027\" class=\"qtranxs-available-language-link qtranxs-available-language-link-tr\" title=\"Turkish\">Turkish<\/a>. For the sake of viewer convenience, the content is shown below in the alternative language. You may click the link to switch the active language.<\/p><p><\/p>\n<h1>G\u00fcm\u00fc\u015fhane&#8217;de ya\u015fayan Emre Co\u015fkun taraf\u0131ndan do\u011fada ya\u015fama duydu\u011fu sevgiyi ya\u015famla bulu\u015fturmaya y\u00f6nelik 6 ki\u015filik konaklama kapasitesine sahip g\u00fcne\u015f enerjisiyle elektri\u011fini \u00fcreten ah\u015fap karavan yap\u0131ld\u0131.<\/h1>\n<p><img loading=\"lazy\" class=\"alignright size-medium wp-image-87029\" src=\"https:\/\/www.enerjigazetesi.ist\/wp-content\/uploads\/2019\/02\/dogadaki-hayati-elektrigini-gunesten-alan-ahsap-karavani-ile-yasiyor-300x169.jpg\" alt=\"\" width=\"300\" height=\"169\" srcset=\"https:\/\/www.enerjigazetesi.ist\/wp-content\/uploads\/2019\/02\/dogadaki-hayati-elektrigini-gunesten-alan-ahsap-karavani-ile-yasiyor-300x169.jpg 300w, https:\/\/www.enerjigazetesi.ist\/wp-content\/uploads\/2019\/02\/dogadaki-hayati-elektrigini-gunesten-alan-ahsap-karavani-ile-yasiyor-768x432.jpg 768w, https:\/\/www.enerjigazetesi.ist\/wp-content\/uploads\/2019\/02\/dogadaki-hayati-elektrigini-gunesten-alan-ahsap-karavani-ile-yasiyor-500x281.jpg 500w, https:\/\/www.enerjigazetesi.ist\/wp-content\/uploads\/2019\/02\/dogadaki-hayati-elektrigini-gunesten-alan-ahsap-karavani-ile-yasiyor-80x45.jpg 80w, https:\/\/www.enerjigazetesi.ist\/wp-content\/uploads\/2019\/02\/dogadaki-hayati-elektrigini-gunesten-alan-ahsap-karavani-ile-yasiyor.jpg 863w\" sizes=\"(max-width: 300px) 100vw, 300px\" \/>Do\u011fay\u0131 ve ya\u015fam\u0131 sevdi\u011fi i\u00e7in ayr\u0131ca babas\u0131n\u0131n da marangoz olmas\u0131ndan \u00f6t\u00fcr\u00fc Amerika&#8217;da &#8220;<strong>Teen house<\/strong>&#8221; olarak adland\u0131r\u0131lan k\u00fclt\u00fcr\u00fc, ya\u015fad\u0131\u011f\u0131 \u015fehre ta\u015f\u0131ma istedi\u011fini yerine getirerek bu ama\u00e7la babas\u0131yla \u00e7ekiciye ba\u011flanabilen karavan yapt\u0131klar\u0131n\u0131 dile getiren Co\u015fkun a\u00e7\u0131klamas\u0131nda \u015funlar\u0131 s\u00f6yledi:<\/p>\n<p>&#8220;Bu karavan\u0131 45 g\u00fcn i\u00e7inde imal edilerek 4 \u00e7eker ara\u00e7 ile 2 bin 100 rak\u0131ma \u00e7\u0131kar\u0131ld\u0131. Getirebilece\u011fim en y\u00fcksek noktaya ula\u015ft\u0131rd\u0131m. 18 metrekare geni\u015fe ve 2 metre insan boyuna g\u00f6re tasarland\u0131. \u0130\u00e7erisinde sobayla \u0131s\u0131nmaktay\u0131z. Banyo, tuvalet, mutfak, yatak yerleri gibi her \u015feyi d\u00fc\u015f\u00fcn\u00fclm\u00fc\u015ft\u00fcr. Elektrik ihtiyac\u0131 ise tamamen kurdu\u011fumuz g\u00fcne\u015f enerjisi sistemiyle kar\u015f\u0131lanmaktad\u0131r. Alt k\u0131sm\u0131na yerle\u015ftirilen makaslar sayesinde y\u00fcksek e\u011fimli arazilere de \u00e7\u0131kar\u0131lmaktad\u0131r.&#8221;<\/p>\n<p>Sarp ALTINEL &#8211; <a href=\"mailto:sarp.altinel@enerjigazetesi.ist\" target=\"_blank\" rel=\"noopener\">sarp.altinel@enerjigazetesi.ist<\/a><\/p>","protected":false},"excerpt":{"rendered":"<p>Sorry, this entry is only available in Turkish. For the sake of viewer convenience, the content is shown below in the alternative language. You may click the link to switch the active language. G\u00fcm\u00fc\u015fhane&#8217;de ya\u015fayan Emre Co\u015fkun taraf\u0131ndan do\u011fada ya\u015fama duydu\u011fu sevgiyi ya\u015famla bulu\u015fturmaya y\u00f6nelik 6 ki\u015filik konaklama kapasitesine sahip g\u00fcne\u015f enerjisiyle elektri\u011fini \u00fcreten ah\u015fap [&hellip;]<\/p>\n","protected":false},"author":1,"featured_media":87029,"comment_status":"open","ping_status":"open","sticky":false,"template":"","format":"standard","meta":[],"categories":[51,53,49],"tags":[67,1009,23416,45650,23133,34925,23131,34977,26829],"views":641,"_links":{"self":[{"href":"https:\/\/www.enerjigazetesi.ist\/en\/wp-json\/wp\/v2\/posts\/87027"}],"collection":[{"href":"https:\/\/www.enerjigazetesi.ist\/en\/wp-json\/wp\/v2\/posts"}],"about":[{"href":"https:\/\/www.enerjigazetesi.ist\/en\/wp-json\/wp\/v2\/types\/post"}],"author":[{"embeddable":true,"href":"https:\/\/www.enerjigazetesi.ist\/en\/wp-json\/wp\/v2\/users\/1"}],"replies":[{"embeddable":true,"href":"https:\/\/www.enerjigazetesi.ist\/en\/wp-json\/wp\/v2\/comments?post=87027"}],"version-history":[{"count":0,"href":"https:\/\/www.enerjigazetesi.ist\/en\/wp-json\/wp\/v2\/posts\/87027\/revisions"}],"wp:featuredmedia":[{"embeddable":true,"href":"https:\/\/www.enerjigazetesi.ist\/en\/wp-json\/wp\/v2\/media\/87029"}],"wp:attachment":[{"href":"https:\/\/www.enerjigazetesi.ist\/en\/wp-json\/wp\/v2\/media?parent=87027"}],"wp:term":[{"taxonomy":"category","embeddable":true,"href":"https:\/\/www.enerjigazetesi.ist\/en\/wp-json\/wp\/v2\/categories?post=87027"},{"taxonomy":"post_tag","embeddable":true,"href":"https:\/\/www.enerjigazetesi.ist\/en\/wp-json\/wp\/v2\/tags?post=87027"}],"curies":[{"name":"wp","href":"https:\/\/api.w.org\/{rel}","templated":true}]}}