{"id":86967,"date":"2020-03-01T14:46:17","date_gmt":"2020-03-01T11:46:17","guid":{"rendered":"https:\/\/www.enerjigazetesi.ist\/?p=86967"},"modified":"2020-05-02T13:15:05","modified_gmt":"2020-05-02T10:15:05","slug":"artik-cati-ustunde-gunes-enerjisi-sistemleri-ve-santraliyle-elektrik-uretmenin-tam-zamani","status":"publish","type":"post","link":"https:\/\/www.enerjigazetesi.ist\/en\/artik-cati-ustunde-gunes-enerjisi-sistemleri-ve-santraliyle-elektrik-uretmenin-tam-zamani\/","title":{"rendered":"(Turkish) Art\u0131k \u00c7at\u0131 \u00dcst\u00fc G\u00fcne\u015f Enerjisi Sistemleriyle Elektrik \u00dcretiminin Tam Zaman\u0131!"},"content":{"rendered":"<p class=\"qtranxs-available-languages-message qtranxs-available-languages-message-en\">Sorry, this entry is only available in <a href=\"https:\/\/www.enerjigazetesi.ist\/tr\/wp-json\/wp\/v2\/posts\/86967\" class=\"qtranxs-available-language-link qtranxs-available-language-link-tr\" title=\"Turkish\">Turkish<\/a>. For the sake of viewer convenience, the content is shown below in the alternative language. You may click the link to switch the active language.<\/p><p><\/p>\n<h1>Bilindi\u011fi \u00fczere TBMM Genel Kurulu taraf\u0131ndan kamuoyunda &#8220;torba tasar\u0131&#8221; olarak ad\u0131 ge\u00e7en, vergi kanunlar\u0131yla baz\u0131 kanun ve kanun h\u00fckm\u00fcnde kararnamelerde de\u011fi\u015fiklik yap\u0131lmas\u0131 hakk\u0131nda kanun tasar\u0131s\u0131 kabul edilerek yasala\u015fm\u0131\u015ft\u0131. \u00d6zellikle Enerji alan\u0131nda d\u00fczenlemelerin yer ald\u0131\u011f\u0131 torba yasa ile yenilenebilir enerji kaynaklar\u0131 da ( \u00c7at\u0131 \u00fcst\u00fc g\u00fcne\u015f enerjisi sistemleri ve santrali) te\u015fvik ediliyor.\u00a0E\u011fer \u00e7at\u0131lar en az 21 m\u00b2 bo\u015f bir alana sahipse \u00e7at\u0131 \u00fcst\u00fc g\u00fcne\u015f enerjisi sistemi kurulumu yap\u0131larak y\u0131lda 10 bin TL&#8217;ye varan bir kazan\u00e7 elde edebilmektedir.<\/h1>\n<h2 data-card-id=\"078201fe-6275-4191-c1b5-7aa2485f10ee\" data-card-type=\"Text\">\u00c7at\u0131s\u0131na G\u00fcne\u015f Enerjisi Sistemi ve Santrali Kurarak\u00a0Kendi Elektri\u011fini \u00dcretene Vergi Yok!<\/h2>\n<p class=\"non-card\" data-card-id=\"078201fe-6275-4191-c1b5-7aa2485f10ee\" data-card-type=\"Text\">Apartmanlarda bulunanlar dahil olmak \u00fczere, konutlar\u0131n \u00e7at\u0131 veya cephelerinin yenilenebilir enerji kaynaklar\u0131na dayal\u0131 elektrik enerjisi (<strong>\u00f6rn:<\/strong> g\u00fcne\u015f enerjisi sistemleri ve santrali) \u00fcretimi ama\u00e7l\u0131 kullan\u0131lmas\u0131 torba yasayla te\u015fvik edilirken bu \u00e7er\u00e7evede\u00a0<strong>\u00fcretilen elektrik enerjisinin ihtiya\u00e7 <img loading=\"lazy\" class=\"alignleft size-medium wp-image-86970\" src=\"https:\/\/www.enerjigazetesi.ist\/wp-content\/uploads\/2019\/02\/artik-cati-ustunde-gunes-enerjisinden-elektrik-uretmenin-tam-zamani-300x156.jpg\" alt=\"\" width=\"300\" height=\"156\" srcset=\"https:\/\/www.enerjigazetesi.ist\/wp-content\/uploads\/2019\/02\/artik-cati-ustunde-gunes-enerjisinden-elektrik-uretmenin-tam-zamani-300x156.jpg 300w, https:\/\/www.enerjigazetesi.ist\/wp-content\/uploads\/2019\/02\/artik-cati-ustunde-gunes-enerjisinden-elektrik-uretmenin-tam-zamani-500x260.jpg 500w, https:\/\/www.enerjigazetesi.ist\/wp-content\/uploads\/2019\/02\/artik-cati-ustunde-gunes-enerjisinden-elektrik-uretmenin-tam-zamani-80x42.jpg 80w, https:\/\/www.enerjigazetesi.ist\/wp-content\/uploads\/2019\/02\/artik-cati-ustunde-gunes-enerjisinden-elektrik-uretmenin-tam-zamani.jpg 625w\" sizes=\"(max-width: 300px) 100vw, 300px\" \/>fazlas\u0131n\u0131 son kaynak tedarik \u015firketine satanlar vergiden muaf esnaf kapsam\u0131nda yer alacakt\u0131r.<\/strong><\/p>\n<p class=\"non-card\" data-card-id=\"078201fe-6275-4191-c1b5-7aa2485f10ee\" data-card-type=\"Text\">S\u00f6z konusu yasa kapsam\u0131nda \u00e7at\u0131lara kurulacak ( g\u00fcne\u015f enerjisi sistemleri ve santrali ) \u00fcretim tesisinin kurulum g\u00fcc\u00fc 10 kw&#8217;\u0131 ge\u00e7meyecek, \u00fcretim ve t\u00fcketim tesisi ayn\u0131 noktada bulunmas\u0131 gerekmektedir.<\/p>\n<p class=\"non-card\" data-card-id=\"078201fe-6275-4191-c1b5-7aa2485f10ee\" data-card-type=\"Text\">Kat M\u00fclkiyeti Kanunu da dahil olmak \u00fczere ana gayrimenkul\u00fcn ortak elektrik ihtiya\u00e7lar\u0131n\u0131n kar\u015f\u0131lanmas\u0131na y\u00f6nelik <strong>\u00e7at\u0131 veya cephelerde kurulacak elektrik enerjisi \u00fcretim tesisinden kat maliklerince elde edilecek gelirler de muafiyet kapsam\u0131nda yer almaktad\u0131r.<\/strong><\/p>\n<p class=\"non-card\" data-card-id=\"078201fe-6275-4191-c1b5-7aa2485f10ee\" data-card-type=\"Text\">Bu ( g\u00fcne\u015f enerjisi sistemi ve santrali ) tesisten \u00fcretilen enerjiyi satanlar\u0131n belge d\u00fczenleme, defter tutma, beyanname verme y\u00fck\u00fcml\u00fcl\u00fc\u011f\u00fc olmayacakt\u0131r.<\/p>\n<p class=\"non-card\" data-card-id=\"f8f5008f-b083-46dd-1c05-af20e67da429\" data-card-type=\"Text\">&#8220;10 kW (Dahil) ve alt\u0131 sistemlere y\u00f6nelik bu y\u00f6netmelik sayesinde ki\u015filerin kendi \u00fcrettikleri ihtiya\u00e7 fazlas\u0131 elektri\u011fin bedeli ise kendi tarifesindeki ( abone grubundaki ) parekende al\u0131\u015f fiyat\u0131 \u00fczerinden sat\u0131\u015f\u0131 yap\u0131lmaktad\u0131r. Fiyatlama mekanizmas\u0131 ile da\u011f\u0131t\u0131m firmalar\u0131na gider pusulas\u0131 kesmek suretiyle \u00f6deme elde edecektir.<strong>\u00a0\u00dcretti\u011fi fazladan enerjiyi da\u011f\u0131t\u0131m \u015firketine satan ki\u015fi gelir elde edecek ancak Bakanl\u0131\u011f\u0131n te\u015fvik politikas\u0131 uyar\u0131nca, gelir vergisi \u00f6deme k\u00fclfeti de kalkacakt\u0131r. Bu sat\u0131\u015f\u0131n meydana gelmesiyle da\u011f\u0131t\u0131m \u015firketi ger\u00e7ek ki\u015fiye gider pusulas\u0131 kesmek suretiyle \u00f6deme ger\u00e7ekle\u015ftirecektir.\u00a0<\/strong>B\u00f6ylece faturaland\u0131rma veya defter tutma y\u00fck\u00fcml\u00fcl\u00fc\u011f\u00fc gerektiren ba\u015fka bir muhasebele\u015ftirme i\u015flemine art\u0131k gerek kalmayacakt\u0131r.&#8221;<\/p>\n<h2 data-card-id=\"f8f5008f-b083-46dd-1c05-af20e67da429\" data-card-type=\"Text\">\u00c7at\u0131 \u00dcst\u00fc G\u00fcne\u015f Enerjisi Sistemleri ve Santrali Ba\u015fvurular\u0131 \u0130\u00e7in \u0130zlenecek Yol<\/h2>\n<p class=\"non-card\" data-card-id=\"f8f5008f-b083-46dd-1c05-af20e67da429\" data-card-type=\"Text\">10 kW alt\u0131 \u00e7at\u0131 \u00fcst\u00fc g\u00fcne\u015f enerjisi sistemi ve santrali (GES) kurmak isteyen ki\u015fi b\u00f6lgelerindeki elektrik da\u011f\u0131t\u0131m firmas\u0131na m\u00fcracaat ederek \u00f6ncelikle bir ba\u011flant\u0131 g\u00f6r\u00fc\u015f\u00fc talep edecek. Ba\u015fvururken s\u00f6z konusu ki\u015fi kimlik belgesi, ba\u015fvuru formu, abonelik evrak\u0131, e\u011fer apartmanda ya\u015f\u0131yorsa apartman y\u00f6netiminin \u00e7at\u0131ya kullanmas\u0131na y\u00f6nelik ortak karar\u0131n noter onayl\u0131 suretini, bir elektrik m\u00fchendisinden al\u0131nm\u0131\u015f tek hat \u015femas\u0131n\u0131 ve bir harita m\u00fchendisli onayl\u0131 aplikasyon krokisini alarak ba\u015fvurusunu ger\u00e7ekle\u015ftirecek.<\/p>\n<p class=\"non-card\" data-card-id=\"f8f5008f-b083-46dd-1c05-af20e67da429\" data-card-type=\"Text\">E\u011fer faturalar\u0131nda yazan t\u00fcketim s\u00f6zle\u015fme g\u00fcc\u00fc 10 kW ve alt\u0131 ise do\u011frudan ba\u011flant\u0131 g\u00f6r\u00fc\u015f\u00fc (Ba\u011flant\u0131 Anla\u015fmas\u0131na \u00c7a\u011fr\u0131 Mektubu) edinebilecek ve 10 kW \u00fczeri ise de\u011ferlendirmeye tabi olacakt\u0131r. S\u00f6z konusu de\u011ferlendirme akabinde ba\u011flant\u0131 g\u00f6r\u00fc\u015f\u00fc (Ba\u011flant\u0131 Anla\u015fmas\u0131na \u00c7a\u011fr\u0131 Mektubu) alan ki\u015fi uzman bir elektrik m\u00fchendisli\u011fi b\u00fcrosuna giderek projesinin paftalar\u0131n\u0131 ve proje onay belgelerini olu\u015fturacak. Daha sonra bulundu\u011fu b\u00f6lgenin TEDA\u015e B\u00f6lge M\u00fcd\u00fcrl\u00fc\u011f\u00fc\u2019ne (bu k\u0131s\u0131mda \u015fimdilik devlet devreye giriyor, \u00f6zel da\u011f\u0131t\u0131m firmas\u0131 de\u011fil) gidecek. Burada\u00a0<strong>projesi onaylanan ki\u015fi tekrar \u00f6zel da\u011f\u0131t\u0131m firmas\u0131na giderek ba\u011flant\u0131 anla\u015fmas\u0131na onay\u0131n\u0131 ald\u0131\u011f\u0131 takdirde s\u00f6z konusu tesisini 1 y\u0131l i\u00e7erisinde kurmakla m\u00fckelleftir aksi halde ba\u011flant\u0131 anla\u015fmas\u0131 h\u00fck\u00fcmleri fesih olmaktad\u0131r.<\/strong><\/p>\n<h2 data-card-id=\"f8f5008f-b083-46dd-1c05-af20e67da429\" data-card-type=\"Text\">\u00c7at\u0131 \u00dcst\u00fc G\u00fcne\u015f Enerjisi Sistemleri ve Santrali Dikkat Edilmesi Gerekenler<\/h2>\n<p class=\"non-card\" data-card-id=\"f8f5008f-b083-46dd-1c05-af20e67da429\" data-card-type=\"Text\"><strong>\u00d6rne\u011fin 3 kW\u2019l\u0131k bir tesiste yakla\u015f\u0131k 12 adet 270Wp ve \u00fczeri g\u00fcne\u015f paneli kullan\u0131ld\u0131\u011f\u0131n\u0131, bu panelleri yerle\u015ftirmek i\u00e7in \u00e7at\u0131s\u0131nda en az 21 m\u00b2 bo\u015f alan bulundurulmas\u0131 gerekmektedir.<\/strong><\/p>\n<p class=\"non-card\" data-card-id=\"f8f5008f-b083-46dd-1c05-af20e67da429\" data-card-type=\"Text\">\u201c\u00c7at\u0131n\u0131n ilgili k\u0131sm\u0131nda anten, baca vb. gibi g\u00f6lgeleme unsuru olmamal\u0131d\u0131r. Panelleri \u00e7at\u0131n\u0131n tipine g\u00f6re belirlenecek altyap\u0131ya yerle\u015ftirecek uzman ekip kablo ba\u011flant\u0131lar\u0131yla evirici denilen elektri\u011fi normal \u015febekeye senkronize eden cihaza ba\u011flant\u0131lar\u0131 sa\u011flay\u0131p pano ve saya\u00e7 kurulumunu tamamlad\u0131\u011f\u0131 takdirde, kabaca tesis elektri\u011fi \u00fcretmeye haz\u0131r olmaktad\u0131r. Daha sonra yetkili \u00f6zel da\u011f\u0131t\u0131m firmas\u0131 ve TEDA\u015e davet edilerek ge\u00e7ici kabul yap\u0131ld\u0131\u011f\u0131 takdirde g\u00fcne\u015f enerjisi sistemi ve santraliniz (ges) elektrik \u00fcretmeye resmi olarak ba\u015flayacakt\u0131r. Burada \u00f6nemli olan husus deneyimli, i\u015finin uzman\u0131 ve kendini bu alanda kan\u0131tlam\u0131\u015f firmalarla \u00e7al\u0131\u015fmak olmal\u0131d\u0131r.\u201d<\/p>\n<h2 data-card-id=\"f8f5008f-b083-46dd-1c05-af20e67da429\" data-card-type=\"Text\">\u00c7at\u0131 \u00dcst\u00fc G\u00fcne\u015f Enerjisi Sistemleri ve Santrali (GES) Kendini 5-7 Y\u0131l Aral\u0131\u011f\u0131nda Kendisini Amorti Etmektedir<\/h2>\n<p class=\"non-card\" data-card-id=\"07d19152-9461-4941-bbe0-ec965bb6c9b6\" data-card-type=\"Text\">Maliyetin g\u00fcne\u015f panelinin t\u00fcr\u00fc, modeli, \u00e7at\u0131n\u0131n (cephenin) yap\u0131s\u0131, kablo metrajlar\u0131, invert\u00f6r t\u00fcr\u00fc, pano ayr\u0131nt\u0131lar\u0131, mesafe gibi bir \u00e7ok unsura ba\u011fl\u0131 oldu\u011fu i\u00e7in standart bir fiyat s\u00f6ylemek pek do\u011fru de\u011fildir. &#8220;<strong>Fiyatlar\u0131n ve \u00fcretim verimlili\u011finin b\u00f6lgeye g\u00f6re de\u011fi\u015fiklik g\u00f6sterebilmesi ile birlikte 11 kWp g\u00fcc\u00fcnde bir \u00e7at\u0131 projesinin ortalama y\u0131ll\u0131k 8 bin 700 TL civar\u0131nda getirisi ve bu getiriyle birlikte sistem 5 ile 7 y\u0131l aras\u0131nda kendini amorti edebilmektedir<\/strong>&#8220;<\/p>\n<p class=\"non-card\" data-card-id=\"07d19152-9461-4941-bbe0-ec965bb6c9b6\" data-card-type=\"Text\">S\u00f6z konusu d\u00fczenleme ile vatanda\u015f elektri\u011fini kendisi \u00fcretebilecek enerji depolamas\u0131 yapar ise elektrik kesintilerinde uzun bir s\u00fcre g\u00fcnl\u00fck ihtiya\u00e7lar\u0131n\u0131 sa\u011flayabilecek bir g\u00fc\u00e7 tedarik sistemi meydana getirmi\u015f olacakt\u0131r. Evinde olmad\u0131\u011f\u0131 d\u00f6nemlerde fazladan \u00fcretilen elektrik sayesinde ek gelir elde edecek ve konutu bo\u015f iken bir de\u011fer yaratm\u0131\u015f olacakt\u0131r.<\/p>\n<h2 data-card-id=\"f8f5008f-b083-46dd-1c05-af20e67da429\" data-card-type=\"Text\">\u00c7at\u0131 \u00dcst\u00fc G\u00fcne\u015f Enerjisi Sistemleri ve Santrali Yeni \u0130stihdam Alanlar\u0131 Meydana Getirecek<\/h2>\n<p class=\"non-card\" data-card-id=\"07d19152-9461-4941-bbe0-ec965bb6c9b6\" data-card-type=\"Text\">Gelece\u011fe y\u00f6nelik bir tasarruf mekanizmas\u0131 sunan bu yap\u0131 ile hem \u00fclkenin bireysel t\u00fcketicilere y\u00f6nelik elektrik arz\u0131 problemleri basit bir y\u00f6ntemle ki\u015filer elektrik \u00fcreticisi yaparak \u00e7\u00f6z\u00fclmektedir. Sekt\u00f6r\u00fcn geli\u015fmesiyle yeni istihdam alanlar\u0131, \u00fcreticiler ve ekonomik milli de\u011ferler de meydana gelmektedir.<\/p>\n<p class=\"non-card\" data-card-id=\"07d19152-9461-4941-bbe0-ec965bb6c9b6\" data-card-type=\"Text\">&#8220;Ortalama ki\u015fi ba\u015f\u0131na 5 kW GES kuruldu\u011funu g\u00f6z \u00f6n\u00fcne al\u0131rsak 1.000 MW bir kurulu g\u00fcce ula\u015f\u0131lmas\u0131 i\u00e7in toplam 200.000 hanenin elektri\u011fi bu \u015fekilde kar\u015f\u0131lanabilmektedir. Yani Antalya gibi bir ilin bireysel elektrik ihtiya\u00e7lar\u0131n\u0131n 1\/4\u2019\u00fcn\u00fcn bu \u015fekilde sa\u011flanmas\u0131 m\u00fcmk\u00fcnd\u00fcr.\u00a0<strong>Kurulumu kolay, temiz ve refah seviyesini y\u00fckselten bir enerji ve \u00fcretim teknolojisinin halk\u0131m\u0131zda \u00fczerinde \u00e7ok \u00e7abuk bilin\u00e7lenerek ilgi duyaca\u011f\u0131 \u00f6ng\u00f6r\u00fclmektedir<\/strong>.&#8221;<\/p>\n<h2 data-card-id=\"f8f5008f-b083-46dd-1c05-af20e67da429\" data-card-type=\"Text\">\u00c7at\u0131 \u00dcst\u00fc G\u00fcne\u015f Enerjisi Sistemleri ve Santrali Olan Ki\u015fi Ta\u015f\u0131n\u0131r ve(ya) Evini Satarsa\u2026<\/h2>\n<p class=\"non-card\" data-card-id=\"07d19152-9461-4941-bbe0-ec965bb6c9b6\" data-card-type=\"Text\">Y\u00f6netmelikte bu konuda a\u00e7\u0131k\u00e7a d\u00fczenlemeler yap\u0131lm\u0131\u015ft\u0131r. Bu tarz bir <span style=\"text-decoration: underline;\">devir oldu\u011funda;<\/span><\/p>\n<p class=\"non-card\" data-card-id=\"07d19152-9461-4941-bbe0-ec965bb6c9b6\" data-card-type=\"Text\">1-) Yeni t\u00fcketici ile <strong>perakende sat\u0131\u015f s\u00f6zle\u015fmesi<\/strong> veya <strong>ikili anla\u015fma imzalanmas\u0131<\/strong>,<\/p>\n<p class=\"non-card\" data-card-id=\"07d19152-9461-4941-bbe0-ec965bb6c9b6\" data-card-type=\"Text\">2-) Yeni t\u00fcketici taraf\u0131ndan \u0130lgili \u015eebeke \u0130\u015fletmecisine ba\u015fvuruda bulunulmas\u0131 halinde, yeni t\u00fcketici ile 2 (iki) g\u00fcn i\u00e7erisinde ilgili \u00fcretim tesisine y\u00f6nelik Sistem Kullan\u0131m Anla\u015fmas\u0131 imzalanmaktad\u0131r. Yani k\u0131saca evin yeni sahibi g\u00fcne\u015f enerjisi sistemi ve santralinin de ( GES ) yeni sahibi olabilmektedir.<\/p>\n<p><span style=\"color: #993300;\"><strong>Detayl\u0131 Bilgi Almak \u0130\u00e7in \u0130leti\u015fim Formunu Doldurun Biz Sizi Arayal\u0131m!<\/strong><\/span><\/p>\n<div role=\"form\" class=\"wpcf7\" id=\"wpcf7-f112046-o1\" lang=\"tr-TR\" dir=\"ltr\">\n<div class=\"screen-reader-response\"><p role=\"status\" aria-live=\"polite\" aria-atomic=\"true\"><\/p> <ul><\/ul><\/div>\n<form action=\"\/en\/wp-json\/wp\/v2\/posts\/86967#wpcf7-f112046-o1\" method=\"post\" class=\"wpcf7-form init\" novalidate=\"novalidate\" data-status=\"init\">\n<div style=\"display: none;\">\n<input type=\"hidden\" name=\"_wpcf7\" value=\"112046\" \/>\n<input type=\"hidden\" name=\"_wpcf7_version\" value=\"5.5.6.1\" \/>\n<input type=\"hidden\" name=\"_wpcf7_locale\" value=\"tr_TR\" \/>\n<input type=\"hidden\" name=\"_wpcf7_unit_tag\" value=\"wpcf7-f112046-o1\" \/>\n<input type=\"hidden\" name=\"_wpcf7_container_post\" value=\"0\" \/>\n<input type=\"hidden\" name=\"_wpcf7_posted_data_hash\" value=\"\" \/>\n<\/div>\n<p><label> Ad\u0131n\u0131z (gerekli)<br \/>\n    <span class=\"wpcf7-form-control-wrap your-name\"><input type=\"text\" name=\"your-name\" value=\"\" size=\"40\" class=\"wpcf7-form-control wpcf7-text wpcf7-validates-as-required\" aria-required=\"true\" aria-invalid=\"false\" \/><\/span> <\/label><\/p>\n<p><label> E-posta adresiniz (gerekli)<br \/>\n    <span class=\"wpcf7-form-control-wrap your-email\"><input type=\"email\" name=\"your-email\" value=\"\" size=\"40\" class=\"wpcf7-form-control wpcf7-text wpcf7-email wpcf7-validates-as-required wpcf7-validates-as-email\" aria-required=\"true\" aria-invalid=\"false\" \/><\/span> <\/label><\/p>\n<p><label> Konu<br \/>\n    <span class=\"wpcf7-form-control-wrap your-subject\"><input type=\"text\" name=\"your-subject\" value=\"\" size=\"40\" class=\"wpcf7-form-control wpcf7-text\" aria-invalid=\"false\" \/><\/span> <\/label><\/p>\n<p><label> \u0130letiniz<br \/>\n    <span class=\"wpcf7-form-control-wrap your-message\"><textarea name=\"your-message\" cols=\"40\" rows=\"10\" class=\"wpcf7-form-control wpcf7-textarea\" aria-invalid=\"false\"><\/textarea><\/span> <\/label><\/p>\n<p><input type=\"submit\" value=\"G\u00f6nder\" class=\"wpcf7-form-control has-spinner wpcf7-submit\" \/><\/p>\n<p style=\"display: none !important;\" class=\"akismet-fields-container\" data-prefix=\"_wpcf7_ak_\"><label>&#916;<textarea name=\"_wpcf7_ak_hp_textarea\" cols=\"45\" rows=\"8\" maxlength=\"100\"><\/textarea><\/label><input type=\"hidden\" id=\"ak_js_1\" name=\"_wpcf7_ak_js\" value=\"126\"\/><script>document.getElementById( \"ak_js_1\" ).setAttribute( \"value\", ( new Date() ).getTime() );<\/script><\/p><div class=\"wpcf7-response-output\" aria-hidden=\"true\"><\/div><\/form><\/div>\n<p><em>Etkin M\u00fc\u015fteri Memnuniyeti Politikalar\u0131 Kapsam\u0131nda Taraf\u0131n\u0131za 24 Saat \u0130\u00e7erisinde Geri D\u00f6n\u00fc\u015f Yap\u0131lmaktad\u0131r.<\/em><\/p>","protected":false},"excerpt":{"rendered":"<p>Sorry, this entry is only available in Turkish. For the sake of viewer convenience, the content is shown below in the alternative language. You may click the link to switch the active language. Bilindi\u011fi \u00fczere TBMM Genel Kurulu taraf\u0131ndan kamuoyunda &#8220;torba tasar\u0131&#8221; olarak ad\u0131 ge\u00e7en, vergi kanunlar\u0131yla baz\u0131 kanun ve kanun h\u00fckm\u00fcnde kararnamelerde de\u011fi\u015fiklik yap\u0131lmas\u0131 [&hellip;]<\/p>\n","protected":false},"author":1,"featured_media":86970,"comment_status":"open","ping_status":"open","sticky":false,"template":"","format":"standard","meta":[],"categories":[51,53,49],"tags":[46115,46117,46116,45405,45403,45404,39460,37412,26659,46112,39435,1079,34979,36512,19638,21654,46118,34980,26353,19,45993,46113,45991,2765,23416,35237,45994,45995,23133,34925,23131,46122,46121,25722,46119,46123,46124,20317,46120,46114,34977,45992,6823,26829,508],"views":2544,"_links":{"self":[{"href":"https:\/\/www.enerjigazetesi.ist\/en\/wp-json\/wp\/v2\/posts\/86967"}],"collection":[{"href":"https:\/\/www.enerjigazetesi.ist\/en\/wp-json\/wp\/v2\/posts"}],"about":[{"href":"https:\/\/www.enerjigazetesi.ist\/en\/wp-json\/wp\/v2\/types\/post"}],"author":[{"embeddable":true,"href":"https:\/\/www.enerjigazetesi.ist\/en\/wp-json\/wp\/v2\/users\/1"}],"replies":[{"embeddable":true,"href":"https:\/\/www.enerjigazetesi.ist\/en\/wp-json\/wp\/v2\/comments?post=86967"}],"version-history":[{"count":0,"href":"https:\/\/www.enerjigazetesi.ist\/en\/wp-json\/wp\/v2\/posts\/86967\/revisions"}],"wp:featuredmedia":[{"embeddable":true,"href":"https:\/\/www.enerjigazetesi.ist\/en\/wp-json\/wp\/v2\/media\/86970"}],"wp:attachment":[{"href":"https:\/\/www.enerjigazetesi.ist\/en\/wp-json\/wp\/v2\/media?parent=86967"}],"wp:term":[{"taxonomy":"category","embeddable":true,"href":"https:\/\/www.enerjigazetesi.ist\/en\/wp-json\/wp\/v2\/categories?post=86967"},{"taxonomy":"post_tag","embeddable":true,"href":"https:\/\/www.enerjigazetesi.ist\/en\/wp-json\/wp\/v2\/tags?post=86967"}],"curies":[{"name":"wp","href":"https:\/\/api.w.org\/{rel}","templated":true}]}}