{"id":86959,"date":"2019-02-07T12:46:26","date_gmt":"2019-02-07T09:46:26","guid":{"rendered":"https:\/\/www.enerjigazetesi.ist\/?p=86959"},"modified":"2019-02-07T12:55:24","modified_gmt":"2019-02-07T09:55:24","slug":"turkiye-enerji-piyasasinin-uzun-vadeli-gorunumu-raporu-aciklaniyor","status":"publish","type":"post","link":"https:\/\/www.enerjigazetesi.ist\/en\/turkiye-enerji-piyasasinin-uzun-vadeli-gorunumu-raporu-aciklaniyor\/","title":{"rendered":"(Turkish) &#8221;T\u00fcrkiye Enerji Piyasas\u0131n\u0131n Uzun Vadeli G\u00f6r\u00fcn\u00fcm\u00fc&#8221; Raporu A\u00e7\u0131klan\u0131yor"},"content":{"rendered":"<p class=\"qtranxs-available-languages-message qtranxs-available-languages-message-en\">Sorry, this entry is only available in <a href=\"https:\/\/www.enerjigazetesi.ist\/tr\/wp-json\/wp\/v2\/posts\/86959\" class=\"qtranxs-available-language-link qtranxs-available-language-link-tr\" title=\"Turkish\">Turkish<\/a>. For the sake of viewer convenience, the content is shown below in the alternative language. You may click the link to switch the active language.<\/p><p><\/p>\n<h1>SHURA Enerji D\u00f6n\u00fc\u015f\u00fcm\u00fc Merkezi ve\u00a0BloombergNEF, &#8220;T\u00fcrkiye\u2019nin Enerji D\u00f6n\u00fc\u015f\u00fcm\u00fcnde K\u0131sa Vadeli Yat\u0131r\u0131mlar\u0131 H\u0131zland\u0131rmak i\u00e7in Uzun Vadeli \u00c7\u00f6z\u00fcmler&#8221; etkinli\u011fi d\u00fczenleyecek.<\/h1>\n<p><strong>13 \u015eubat \u00c7ar\u015famba<\/strong> g\u00fcn\u00fc ger\u00e7ekle\u015ftirilecek ve SHURA Enerji D\u00f6n\u00fc\u015f\u00fcm\u00fc Merkezi Y\u00f6nlendirme Komitesi Ba\u015fkan\u0131 <strong>Selahattin Hakman<\/strong>\u2019\u0131n evsahipli\u011fini yapaca\u011f\u0131 toplant\u0131da, BloombergNEF Avrupa, Ortado\u011fu &amp; Afrika Politika Analisti <strong>Katherine Poseidon<\/strong> \u2018T\u00fcrkiye Enerji Piyasas\u0131n\u0131n Uzun Vadeli G\u00f6r\u00fcn\u00fcm\u00fc\u2018 raporunu a\u00e7\u0131klayacak.<\/p>\n<p><img loading=\"lazy\" class=\"alignright size-medium wp-image-86961\" src=\"https:\/\/www.enerjigazetesi.ist\/wp-content\/uploads\/2019\/02\/turkiye-enerji-piyasasinin-uzun-vadeli-gorunumu-raporu-aciklaniyor-300x225.jpg\" alt=\"\" width=\"300\" height=\"225\" srcset=\"https:\/\/www.enerjigazetesi.ist\/wp-content\/uploads\/2019\/02\/turkiye-enerji-piyasasinin-uzun-vadeli-gorunumu-raporu-aciklaniyor-300x225.jpg 300w, https:\/\/www.enerjigazetesi.ist\/wp-content\/uploads\/2019\/02\/turkiye-enerji-piyasasinin-uzun-vadeli-gorunumu-raporu-aciklaniyor-768x576.jpg 768w, https:\/\/www.enerjigazetesi.ist\/wp-content\/uploads\/2019\/02\/turkiye-enerji-piyasasinin-uzun-vadeli-gorunumu-raporu-aciklaniyor-500x375.jpg 500w, https:\/\/www.enerjigazetesi.ist\/wp-content\/uploads\/2019\/02\/turkiye-enerji-piyasasinin-uzun-vadeli-gorunumu-raporu-aciklaniyor-67x50.jpg 67w, https:\/\/www.enerjigazetesi.ist\/wp-content\/uploads\/2019\/02\/turkiye-enerji-piyasasinin-uzun-vadeli-gorunumu-raporu-aciklaniyor.jpg 800w\" sizes=\"(max-width: 300px) 100vw, 300px\" \/>SHURA Enerji D\u00f6n\u00fc\u015f\u00fcm\u00fc Merkezi\u2019nin \u2018T\u00fcrkiye\u2019de Enerji D\u00f6n\u00fc\u015f\u00fcm\u00fc: Yat\u0131r\u0131mlar ve F\u0131rsatlar\u2019 serisinin ikincisi olan etkinlikte her y\u0131l BloombergNEF taraf\u0131ndan haz\u0131rlanan ve enerji sekt\u00f6r\u00fcn\u00fcn k\u00fcresel \u00f6l\u00e7ekte uzun vadeli ekonomik tahminlerinden olu\u015fan \u2018Yeni Enerji G\u00f6r\u00fcn\u00fcm\u00fc 2018\u2019in sonu\u00e7lar\u0131na dayanan ve uzun vadeli de\u011fi\u015fimlerin T\u00fcrkiye\u2019nin elektrik sekt\u00f6r\u00fcndeki kaynak t\u00fcrlerine etkisini ele al\u0131nacak. 2050 y\u0131l\u0131na kadar T\u00fcrkiye\u2019de yenilenebilir enerji kaynaklar\u0131na yap\u0131labilecek yat\u0131r\u0131mlar ve bunun ekonomik temelli g\u00f6r\u00fcn\u00fcm\u00fc raporun ana unsurlar\u0131n\u0131 olu\u015fturuyor.<\/p>\n<p>Enerji sekt\u00f6r\u00fcn\u00fcn \u00f6nde gelen isimlerini bulu\u015fturacak toplant\u0131da ayr\u0131ca SHURA Enerji D\u00f6n\u00fc\u015f\u00fcm\u00fc Merkezi Y\u00f6nlendirme Komitesi Ba\u015fkan\u0131 Selahattin Hakman, Limak Enerji Grubu CEO\u2019su Birol Erg\u00fcven, Borusan ENBW Genel M\u00fcd\u00fcr\u00fc Mehmet Acarla ve Enerji Ticareti Derne\u011fi Kurucu Ba\u015fkan\u0131 ve Ba\u015fkan Vekili Mustafa Karahan\u2019\u0131n kat\u0131laca\u011f\u0131 \u2018T\u00fcrkiye\u2019nin Uzun Vadeli Enerji Planlamas\u0131 Nas\u0131l G\u00fc\u00e7lendirilir ve Yat\u0131r\u0131m Risklerinin \u00dcstesinden Nas\u0131l Gelinir\u2019 ba\u015fl\u0131kl\u0131 oturum d\u00fczenlenecek.<\/p>\n<p>Kat\u0131l\u0131mc\u0131lar, T\u00fcrkiye\u2019nin enerji d\u00f6n\u00fc\u015f\u00fcm\u00fcn\u00fc mercek alt\u0131na alan raporla birlikte yenilenebilir enerjinin uzun vadeli potansiyelini ve enerji d\u00f6n\u00fc\u015f\u00fcm\u00fcndeki geli\u015fmelerin piyasa \u00fczerindeki etkilerini tart\u0131\u015facak.<\/p>\n<p><strong>Yer:<\/strong>\u00a0Tekfen Tower- Konferans Salonu (B1 Kat)<br \/>\nB\u00fcy\u00fckdere Caddesi, No: 209, 4. Levent, \u0130stanbul<br \/>\n<strong>Tarih:<\/strong>\u00a013 \u015eubat 2019, \u00c7ar\u015famba<br \/>\n<strong>Saat:<\/strong>\u00a009.30 \u2013 Kay\u0131t- Kahvalt\u0131<br \/>\n10.00 \u2013 Kar\u015f\u0131lama \u2013 A\u00e7\u0131l\u0131\u015f<br \/>\n13.00 \u2013 Kapan\u0131\u015f<\/p>\n<p><strong>Detayl\u0131 Program <a href=\"https:\/\/www.enerjigazetesi.ist\/wp-content\/uploads\/2019\/02\/turkiye-enerji-piyasasinin-uzun-vadeli-gorunumu-raporu-aciklaniyor.pdf\" target=\"_blank\" rel=\"noopener\">\u0130\u00e7in TIKLAYINIZ &gt;&gt;&gt;<\/a><\/strong><\/p>","protected":false},"excerpt":{"rendered":"<p>Sorry, this entry is only available in Turkish. For the sake of viewer convenience, the content is shown below in the alternative language. You may click the link to switch the active language. SHURA Enerji D\u00f6n\u00fc\u015f\u00fcm\u00fc Merkezi ve\u00a0BloombergNEF, &#8220;T\u00fcrkiye\u2019nin Enerji D\u00f6n\u00fc\u015f\u00fcm\u00fcnde K\u0131sa Vadeli Yat\u0131r\u0131mlar\u0131 H\u0131zland\u0131rmak i\u00e7in Uzun Vadeli \u00c7\u00f6z\u00fcmler&#8221; etkinli\u011fi d\u00fczenleyecek. 13 \u015eubat \u00c7ar\u015famba g\u00fcn\u00fc [&hellip;]<\/p>\n","protected":false},"author":1,"featured_media":86961,"comment_status":"open","ping_status":"open","sticky":false,"template":"","format":"standard","meta":[],"categories":[51,53],"tags":[38648,45989,19638,34980,26353,1564,623,67,1009,40956,45990,12478,37672,34977,26829],"views":953,"_links":{"self":[{"href":"https:\/\/www.enerjigazetesi.ist\/en\/wp-json\/wp\/v2\/posts\/86959"}],"collection":[{"href":"https:\/\/www.enerjigazetesi.ist\/en\/wp-json\/wp\/v2\/posts"}],"about":[{"href":"https:\/\/www.enerjigazetesi.ist\/en\/wp-json\/wp\/v2\/types\/post"}],"author":[{"embeddable":true,"href":"https:\/\/www.enerjigazetesi.ist\/en\/wp-json\/wp\/v2\/users\/1"}],"replies":[{"embeddable":true,"href":"https:\/\/www.enerjigazetesi.ist\/en\/wp-json\/wp\/v2\/comments?post=86959"}],"version-history":[{"count":0,"href":"https:\/\/www.enerjigazetesi.ist\/en\/wp-json\/wp\/v2\/posts\/86959\/revisions"}],"wp:featuredmedia":[{"embeddable":true,"href":"https:\/\/www.enerjigazetesi.ist\/en\/wp-json\/wp\/v2\/media\/86961"}],"wp:attachment":[{"href":"https:\/\/www.enerjigazetesi.ist\/en\/wp-json\/wp\/v2\/media?parent=86959"}],"wp:term":[{"taxonomy":"category","embeddable":true,"href":"https:\/\/www.enerjigazetesi.ist\/en\/wp-json\/wp\/v2\/categories?post=86959"},{"taxonomy":"post_tag","embeddable":true,"href":"https:\/\/www.enerjigazetesi.ist\/en\/wp-json\/wp\/v2\/tags?post=86959"}],"curies":[{"name":"wp","href":"https:\/\/api.w.org\/{rel}","templated":true}]}}