{"id":86862,"date":"2019-02-05T23:51:28","date_gmt":"2019-02-05T20:51:28","guid":{"rendered":"https:\/\/www.enerjigazetesi.ist\/?p=86862"},"modified":"2019-02-05T23:53:03","modified_gmt":"2019-02-05T20:53:03","slug":"nukleer-duzenleme-kurulu-baskan-ve-uyeliklerine-atama-gerceklestirildi","status":"publish","type":"post","link":"https:\/\/www.enerjigazetesi.ist\/en\/nukleer-duzenleme-kurulu-baskan-ve-uyeliklerine-atama-gerceklestirildi\/","title":{"rendered":"(Turkish) N\u00fckleer D\u00fczenleme Kurulu Ba\u015fkan ve \u00dcyeliklerine Atama Ger\u00e7ekle\u015ftirildi"},"content":{"rendered":"<p class=\"qtranxs-available-languages-message qtranxs-available-languages-message-en\">Sorry, this entry is only available in <a href=\"https:\/\/www.enerjigazetesi.ist\/tr\/wp-json\/wp\/v2\/posts\/86862\" class=\"qtranxs-available-language-link qtranxs-available-language-link-tr\" title=\"Turkish\">Turkish<\/a>. For the sake of viewer convenience, the content is shown below in the alternative language. You may click the link to switch the active language.<\/p><p><\/p>\n<h1><img loading=\"lazy\" class=\"size-medium wp-image-86864 alignleft\" src=\"https:\/\/www.enerjigazetesi.ist\/wp-content\/uploads\/2019\/02\/nukleer-duzenleme-kurulu-baskan-ve-uyeliklerine-atama-gerceklestirildi-300x169.gif\" alt=\"\" width=\"300\" height=\"169\" srcset=\"https:\/\/www.enerjigazetesi.ist\/wp-content\/uploads\/2019\/02\/nukleer-duzenleme-kurulu-baskan-ve-uyeliklerine-atama-gerceklestirildi-300x169.gif 300w, https:\/\/www.enerjigazetesi.ist\/wp-content\/uploads\/2019\/02\/nukleer-duzenleme-kurulu-baskan-ve-uyeliklerine-atama-gerceklestirildi-500x281.gif 500w, https:\/\/www.enerjigazetesi.ist\/wp-content\/uploads\/2019\/02\/nukleer-duzenleme-kurulu-baskan-ve-uyeliklerine-atama-gerceklestirildi-80x45.gif 80w\" sizes=\"(max-width: 300px) 100vw, 300px\" \/><\/h1>\n<h1>Cumhurba\u015fkanl\u0131\u011f\u0131\u2019n\u0131n ge\u00e7ti\u011fimiz y\u0131l yay\u0131mlanan 702 say\u0131l\u0131 kararnamesi ile kurulan N\u00fckleer D\u00fczenleme Kurulu (NDK) ba\u015fkan ve \u00fcyeliklerine atama ger\u00e7ekle\u015ftirildi.<\/h1>\n<p><span id=\"more-104307\"><\/span>Resmi Gazete\u2019ilgili say\u0131s\u0131nda yay\u0131mlanan Cumhurba\u015fkan\u0131 atama karar\u0131na g\u00f6re, NDK Ba\u015fkanl\u0131\u011f\u0131na Zafer Demircan, \u0130kinci Ba\u015fkanl\u0131\u011fa Necati Yama\u00e7 ve \u00fcyeliklere de \u0130smail Hakk\u0131 Ar\u0131kan, Af\u015fin Burak Bostanc\u0131 ile Mehmet Fatih Alptekin getirildi.<\/p>","protected":false},"excerpt":{"rendered":"<p>Sorry, this entry is only available in Turkish. For the sake of viewer convenience, the content is shown below in the alternative language. You may click the link to switch the active language. Cumhurba\u015fkanl\u0131\u011f\u0131\u2019n\u0131n ge\u00e7ti\u011fimiz y\u0131l yay\u0131mlanan 702 say\u0131l\u0131 kararnamesi ile kurulan N\u00fckleer D\u00fczenleme Kurulu (NDK) ba\u015fkan ve \u00fcyeliklerine atama ger\u00e7ekle\u015ftirildi. Resmi Gazete\u2019ilgili say\u0131s\u0131nda yay\u0131mlanan [&hellip;]<\/p>\n","protected":false},"author":1,"featured_media":86864,"comment_status":"open","ping_status":"open","sticky":false,"template":"","format":"standard","meta":[],"categories":[51,53,43],"tags":[67,1009,1133,36443,45905,21,23134,25480,34931,34930],"views":1043,"_links":{"self":[{"href":"https:\/\/www.enerjigazetesi.ist\/en\/wp-json\/wp\/v2\/posts\/86862"}],"collection":[{"href":"https:\/\/www.enerjigazetesi.ist\/en\/wp-json\/wp\/v2\/posts"}],"about":[{"href":"https:\/\/www.enerjigazetesi.ist\/en\/wp-json\/wp\/v2\/types\/post"}],"author":[{"embeddable":true,"href":"https:\/\/www.enerjigazetesi.ist\/en\/wp-json\/wp\/v2\/users\/1"}],"replies":[{"embeddable":true,"href":"https:\/\/www.enerjigazetesi.ist\/en\/wp-json\/wp\/v2\/comments?post=86862"}],"version-history":[{"count":0,"href":"https:\/\/www.enerjigazetesi.ist\/en\/wp-json\/wp\/v2\/posts\/86862\/revisions"}],"wp:featuredmedia":[{"embeddable":true,"href":"https:\/\/www.enerjigazetesi.ist\/en\/wp-json\/wp\/v2\/media\/86864"}],"wp:attachment":[{"href":"https:\/\/www.enerjigazetesi.ist\/en\/wp-json\/wp\/v2\/media?parent=86862"}],"wp:term":[{"taxonomy":"category","embeddable":true,"href":"https:\/\/www.enerjigazetesi.ist\/en\/wp-json\/wp\/v2\/categories?post=86862"},{"taxonomy":"post_tag","embeddable":true,"href":"https:\/\/www.enerjigazetesi.ist\/en\/wp-json\/wp\/v2\/tags?post=86862"}],"curies":[{"name":"wp","href":"https:\/\/api.w.org\/{rel}","templated":true}]}}