{"id":8677,"date":"2013-03-22T17:35:46","date_gmt":"2013-03-22T14:35:46","guid":{"rendered":"https:\/\/www.enerjigazetesi.ist\/?p=8677"},"modified":"2013-03-22T17:36:40","modified_gmt":"2013-03-22T14:36:40","slug":"apple-veri-merkezleri-yuzde-100-yenilenebilir-enerji-kullaniyor","status":"publish","type":"post","link":"https:\/\/www.enerjigazetesi.ist\/en\/apple-veri-merkezleri-yuzde-100-yenilenebilir-enerji-kullaniyor\/","title":{"rendered":"(Turkish) Apple Veri Merkezleri Y\u00fczde 100 Yenilenebilir Enerji Kullan\u0131yor"},"content":{"rendered":"<p class=\"qtranxs-available-languages-message qtranxs-available-languages-message-en\">Sorry, this entry is only available in <a href=\"https:\/\/www.enerjigazetesi.ist\/tr\/wp-json\/wp\/v2\/posts\/8677\" class=\"qtranxs-available-language-link qtranxs-available-language-link-tr\" title=\"Turkish\">Turkish<\/a>. For the sake of viewer convenience, the content is shown below in the alternative language. You may click the link to switch the active language.<\/p><p><strong>Apple&#8217;\u0131n \u00f6zellikle \u015firket politikas\u0131 olarak ye\u015fil enerji kullan\u0131m\u0131n\u0131 destekledi\u011fi, pek \u00e7ok \u00fcr\u00fcn\u00fcn\u00fcn sat\u0131\u015f politikas\u0131nda do\u011faya zarar vermeme \u00f6zelli\u011fini de pazarlad\u0131\u011f\u0131 biliniyor. <a href=\"http:\/\/www.apple.com\/environment\/\" rel=\"nofollow\" target=\"_blank\">\u00c7evre politikalar\u0131 raporunun<\/a> 2012 g\u00fcncellemesinde ise \u015firketin art\u0131k veri merkezleri i\u00e7in y\u00fczde 100 yenilenebilir enerji kaynaklar\u0131n\u0131 kulland\u0131\u011f\u0131 bildiriliyor.<a href=\"https:\/\/www.enerjigazetesi.ist\/wp-content\/uploads\/2013\/03\/xapple-veri-merkezleri-tamamen-yenilenebilir-enerji-kullaniyor-manset_640x360.jpg.pagespeed.ic_.5aUi8Wxt06.jpg\"><img loading=\"lazy\" class=\"size-medium wp-image-8678 alignleft\" title=\"xapple-veri-merkezleri-tamamen-yenilenebilir-enerji-kullaniyor-manset_640x360.jpg.pagespeed.ic.5aUi8Wxt06\" src=\"https:\/\/www.enerjigazetesi.ist\/wp-content\/uploads\/2013\/03\/xapple-veri-merkezleri-tamamen-yenilenebilir-enerji-kullaniyor-manset_640x360.jpg.pagespeed.ic_.5aUi8Wxt06-300x173.jpg\" alt=\"\" width=\"300\" height=\"173\" srcset=\"https:\/\/www.enerjigazetesi.ist\/wp-content\/uploads\/2013\/03\/xapple-veri-merkezleri-tamamen-yenilenebilir-enerji-kullaniyor-manset_640x360.jpg.pagespeed.ic_.5aUi8Wxt06-300x173.jpg 300w, https:\/\/www.enerjigazetesi.ist\/wp-content\/uploads\/2013\/03\/xapple-veri-merkezleri-tamamen-yenilenebilir-enerji-kullaniyor-manset_640x360.jpg.pagespeed.ic_.5aUi8Wxt06-80x46.jpg 80w, https:\/\/www.enerjigazetesi.ist\/wp-content\/uploads\/2013\/03\/xapple-veri-merkezleri-tamamen-yenilenebilir-enerji-kullaniyor-manset_640x360.jpg.pagespeed.ic_.5aUi8Wxt06.jpg 494w\" sizes=\"(max-width: 300px) 100vw, 300px\" \/><\/a><\/strong><\/p>\n<p>Bu enerji kaynaklar\u0131n\u0131n <strong>g\u00fcne\u015f, r\u00fczgar, su ve jeotermal enerji<\/strong> olduklar\u0131n\u0131n a\u00e7\u0131kland\u0131\u011f\u0131 son raporda <strong>Texas<\/strong>, <strong>Calif<\/strong>, <strong>Almanya<\/strong> ve <strong>\u0130rlanda<\/strong> veri merkezlerinin varl\u0131\u011f\u0131ndan bahsedilirken, \u015firketin toplam genel enerji t\u00fcketiminde ise <strong>y\u00fczde 75<\/strong> yenilenebilir enerji kullan\u0131ld\u0131\u011f\u0131 belirtiliyor. Apple ise yak\u0131n zamanda hedefinin t\u00fcm \u015firket enerji t\u00fcketimini y\u00fczde 100 yenilenebilir enerjiye d\u00f6n\u00fc\u015ft\u00fcrmek oldu\u011funu a\u00e7\u0131kl\u0131yor.<\/p>\n<p>\u015eirketin veri merkezlerinde bu politikay\u0131 g\u00fctmesi \u00f6zellikle <strong>Greenpeace&#8217;in<\/strong> Apple&#8217;\u0131n y\u00fcksek enerji t\u00fcketimini ele\u015ftirmesinin ard\u0131ndan ger\u00e7ekle\u015fti\u011fi biliniyor. Pek \u00e7ok di\u011fer teknoloji \u015firketinin de <strong>Google<\/strong> ba\u015fta olmak \u00fczere yenilenebilir enerji kaynakl\u0131 kullan\u0131m\u0131 i\u00e7in \u00e7al\u0131\u015fmalar ger\u00e7ekle\u015ftirdikleri de bir ger\u00e7ek ancak Apple bu konuda en iddial\u0131lardan birisi olmaya devam ediyor.<\/p>\n<p>Kaynak: <a href=\"http:\/\/www.tamindir.com\/apple-veri-merkezleri-yuzde-100-yenilenebilir-enerji-kullaniyor_h-3007\/\" target=\"_blank\">Tamindir<\/a><\/p>","protected":false},"excerpt":{"rendered":"<p>Sorry, this entry is only available in Turkish. For the sake of viewer convenience, the content is shown below in the alternative language. You may click the link to switch the active language.Apple&#8217;\u0131n \u00f6zellikle \u015firket politikas\u0131 olarak ye\u015fil enerji kullan\u0131m\u0131n\u0131 destekledi\u011fi, pek \u00e7ok \u00fcr\u00fcn\u00fcn\u00fcn sat\u0131\u015f politikas\u0131nda do\u011faya zarar vermeme \u00f6zelli\u011fini de pazarlad\u0131\u011f\u0131 biliniyor. \u00c7evre politikalar\u0131 [&hellip;]<\/p>\n","protected":false},"author":1,"featured_media":8678,"comment_status":"open","ping_status":"open","sticky":false,"template":"","format":"standard","meta":[],"categories":[53,49,47,48,50],"tags":[2655,67,148,227,35370,70,69,99,105,3769],"views":1095,"_links":{"self":[{"href":"https:\/\/www.enerjigazetesi.ist\/en\/wp-json\/wp\/v2\/posts\/8677"}],"collection":[{"href":"https:\/\/www.enerjigazetesi.ist\/en\/wp-json\/wp\/v2\/posts"}],"about":[{"href":"https:\/\/www.enerjigazetesi.ist\/en\/wp-json\/wp\/v2\/types\/post"}],"author":[{"embeddable":true,"href":"https:\/\/www.enerjigazetesi.ist\/en\/wp-json\/wp\/v2\/users\/1"}],"replies":[{"embeddable":true,"href":"https:\/\/www.enerjigazetesi.ist\/en\/wp-json\/wp\/v2\/comments?post=8677"}],"version-history":[{"count":4,"href":"https:\/\/www.enerjigazetesi.ist\/en\/wp-json\/wp\/v2\/posts\/8677\/revisions"}],"predecessor-version":[{"id":8682,"href":"https:\/\/www.enerjigazetesi.ist\/en\/wp-json\/wp\/v2\/posts\/8677\/revisions\/8682"}],"wp:featuredmedia":[{"embeddable":true,"href":"https:\/\/www.enerjigazetesi.ist\/en\/wp-json\/wp\/v2\/media\/8678"}],"wp:attachment":[{"href":"https:\/\/www.enerjigazetesi.ist\/en\/wp-json\/wp\/v2\/media?parent=8677"}],"wp:term":[{"taxonomy":"category","embeddable":true,"href":"https:\/\/www.enerjigazetesi.ist\/en\/wp-json\/wp\/v2\/categories?post=8677"},{"taxonomy":"post_tag","embeddable":true,"href":"https:\/\/www.enerjigazetesi.ist\/en\/wp-json\/wp\/v2\/tags?post=8677"}],"curies":[{"name":"wp","href":"https:\/\/api.w.org\/{rel}","templated":true}]}}