{"id":86724,"date":"2019-02-03T23:56:18","date_gmt":"2019-02-03T20:56:18","guid":{"rendered":"https:\/\/www.enerjigazetesi.ist\/?p=86724"},"modified":"2019-02-04T00:32:25","modified_gmt":"2019-02-03T21:32:25","slug":"cin-2018-yilinda-yenilenebilir-enerjiden-elektrik-uretimini-yuzde-12-artirdi","status":"publish","type":"post","link":"https:\/\/www.enerjigazetesi.ist\/en\/cin-2018-yilinda-yenilenebilir-enerjiden-elektrik-uretimini-yuzde-12-artirdi\/","title":{"rendered":"(Turkish) \u00c7in, 2018&#8217;de Yenilenebilir Enerjiden Elektrik \u00dcretimini %12 Art\u0131rd\u0131"},"content":{"rendered":"<p class=\"qtranxs-available-languages-message qtranxs-available-languages-message-en\">Sorry, this entry is only available in <a href=\"https:\/\/www.enerjigazetesi.ist\/tr\/wp-json\/wp\/v2\/posts\/86724\" class=\"qtranxs-available-language-link qtranxs-available-language-link-tr\" title=\"Turkish\">Turkish<\/a>. For the sake of viewer convenience, the content is shown below in the alternative language. You may click the link to switch the active language.<\/p><p><\/p>\n<h1><img loading=\"lazy\" class=\"alignleft size-medium wp-image-86726\" src=\"https:\/\/www.enerjigazetesi.ist\/wp-content\/uploads\/2019\/02\/cin-2018-yilinda-yenilenebilir-enerjiden-elektrik-uretimini-yuzde-12-artirdi-300x228.jpg\" alt=\"\" width=\"300\" height=\"228\" srcset=\"https:\/\/www.enerjigazetesi.ist\/wp-content\/uploads\/2019\/02\/cin-2018-yilinda-yenilenebilir-enerjiden-elektrik-uretimini-yuzde-12-artirdi-300x228.jpg 300w, https:\/\/www.enerjigazetesi.ist\/wp-content\/uploads\/2019\/02\/cin-2018-yilinda-yenilenebilir-enerjiden-elektrik-uretimini-yuzde-12-artirdi-500x381.jpg 500w, https:\/\/www.enerjigazetesi.ist\/wp-content\/uploads\/2019\/02\/cin-2018-yilinda-yenilenebilir-enerjiden-elektrik-uretimini-yuzde-12-artirdi-66x50.jpg 66w, https:\/\/www.enerjigazetesi.ist\/wp-content\/uploads\/2019\/02\/cin-2018-yilinda-yenilenebilir-enerjiden-elektrik-uretimini-yuzde-12-artirdi.jpg 641w\" sizes=\"(max-width: 300px) 100vw, 300px\" \/>\u00c7in\u2019in 2018 y\u0131l\u0131nda yenilenebilir enerjiden elektrik \u00fcretim kapasitesi y\u0131ll\u0131k % 12 oran\u0131nda art\u0131\u015f g\u00f6sterdi.<\/h1>\n<p>\u00c7in Ulusal Enerji \u0130daresi (NEA) taraf\u0131ndan \u00c7in&#8217;in 2018 y\u0131l\u0131 sonu itibari ile toplam yenilenebilir enerji \u00fcretim kapasitesinin 2017 y\u0131l\u0131na g\u00f6re % 12 art\u0131\u015f g\u00f6stererek 728 gigawatt (GW) oldu\u011fu belirtildi.<\/p>\n<p>NEA&#8217;n\u0131n a\u00e7\u0131klad\u0131\u011f\u0131 verilere g\u00f6re \u00c7in ulusal elektrik \u015febekesine 2018 y\u0131l\u0131nda toplamda 20,59 GW yeni r\u00fczgar enerjisi, 44,3 GW g\u00fcne\u015f enerjisi kapasitesi ilavesi yap\u0131ld\u0131.<\/p>","protected":false},"excerpt":{"rendered":"<p>Sorry, this entry is only available in Turkish. For the sake of viewer convenience, the content is shown below in the alternative language. You may click the link to switch the active language. \u00c7in\u2019in 2018 y\u0131l\u0131nda yenilenebilir enerjiden elektrik \u00fcretim kapasitesi y\u0131ll\u0131k % 12 oran\u0131nda art\u0131\u015f g\u00f6sterdi. \u00c7in Ulusal Enerji \u0130daresi (NEA) taraf\u0131ndan \u00c7in&#8217;in 2018 [&hellip;]<\/p>\n","protected":false},"author":1,"featured_media":86726,"comment_status":"open","ping_status":"open","sticky":false,"template":"","format":"standard","meta":[],"categories":[51,53,49,50],"tags":[886,5208,39655,67,1009,35038,23416,35039,23133,32723,35002,24949,35004,23318,37032,34977,26829],"views":874,"_links":{"self":[{"href":"https:\/\/www.enerjigazetesi.ist\/en\/wp-json\/wp\/v2\/posts\/86724"}],"collection":[{"href":"https:\/\/www.enerjigazetesi.ist\/en\/wp-json\/wp\/v2\/posts"}],"about":[{"href":"https:\/\/www.enerjigazetesi.ist\/en\/wp-json\/wp\/v2\/types\/post"}],"author":[{"embeddable":true,"href":"https:\/\/www.enerjigazetesi.ist\/en\/wp-json\/wp\/v2\/users\/1"}],"replies":[{"embeddable":true,"href":"https:\/\/www.enerjigazetesi.ist\/en\/wp-json\/wp\/v2\/comments?post=86724"}],"version-history":[{"count":0,"href":"https:\/\/www.enerjigazetesi.ist\/en\/wp-json\/wp\/v2\/posts\/86724\/revisions"}],"wp:featuredmedia":[{"embeddable":true,"href":"https:\/\/www.enerjigazetesi.ist\/en\/wp-json\/wp\/v2\/media\/86726"}],"wp:attachment":[{"href":"https:\/\/www.enerjigazetesi.ist\/en\/wp-json\/wp\/v2\/media?parent=86724"}],"wp:term":[{"taxonomy":"category","embeddable":true,"href":"https:\/\/www.enerjigazetesi.ist\/en\/wp-json\/wp\/v2\/categories?post=86724"},{"taxonomy":"post_tag","embeddable":true,"href":"https:\/\/www.enerjigazetesi.ist\/en\/wp-json\/wp\/v2\/tags?post=86724"}],"curies":[{"name":"wp","href":"https:\/\/api.w.org\/{rel}","templated":true}]}}