{"id":86705,"date":"2019-02-03T22:42:38","date_gmt":"2019-02-03T19:42:38","guid":{"rendered":"https:\/\/www.enerjigazetesi.ist\/?p=86705"},"modified":"2019-02-03T23:02:25","modified_gmt":"2019-02-03T20:02:25","slug":"akkuyu-ngs-turk-firmalarina-dunyada-rekabet-avantaji-saglayacak","status":"publish","type":"post","link":"https:\/\/www.enerjigazetesi.ist\/en\/akkuyu-ngs-turk-firmalarina-dunyada-rekabet-avantaji-saglayacak\/","title":{"rendered":"(Turkish) Akkuyu NGS T\u00fcrk Firmalar\u0131na Rekabet Avantaj\u0131 Sa\u011flayacak"},"content":{"rendered":"<p class=\"qtranxs-available-languages-message qtranxs-available-languages-message-en\">Sorry, this entry is only available in <a href=\"https:\/\/www.enerjigazetesi.ist\/tr\/wp-json\/wp\/v2\/posts\/86705\" class=\"qtranxs-available-language-link qtranxs-available-language-link-tr\" title=\"Turkish\">Turkish<\/a>. For the sake of viewer convenience, the content is shown below in the alternative language. You may click the link to switch the active language.<\/p><p><\/p>\n<h1>T\u00fcrkiye\u2019nin ilk n\u00fckleer g\u00fc\u00e7 santrali Akkuyu N\u00fckleer G\u00fc\u00e7 Santrali\u2019nin (NGS) in\u015faat\u0131 h\u0131zla devam ederken, birinci \u00fcnitenin 2023 y\u0131l\u0131nda \u00fcretime ge\u00e7mesi hedefleniyor. Akkuyu, T\u00fcrkiye\u2019nin t\u00fcketti\u011fi enerjinin y\u00fczde 10\u2019unu kar\u015f\u0131layacak potansiyelinin yan\u0131nda, i\u015f d\u00fcnyas\u0131n\u0131 n\u00fckleer teknolojiyle bulu\u015fturmas\u0131 a\u00e7\u0131s\u0131ndan da \u00f6nem ta\u015f\u0131yor.<span id=\"more-104272\"><\/span>\u00a0N\u00fckleer M\u00fchendisler Derne\u011fi Y\u00f6netim Kurulu \u00dcyesi Korcan Kayr\u0131n, n\u00fckleer santrallerin \u00fclkenin n\u00fckleer teknoloji kapasitesini g\u00fc\u00e7lendirece\u011fini ve T\u00fcrk firmalar\u0131na yeni f\u0131rsatlar sunaca\u011f\u0131n\u0131 dile getirdi.<\/h1>\n<p>Rosatom\u2019dan yap\u0131lan a\u00e7\u0131klamada, N\u00fckleer M\u00fchendisler Derne\u011fi Y\u00f6netim Kurulu \u00dcyesi Korcan Kayr\u0131n\u2019\u0131n, n\u00fckleer santrallerin T\u00fcrk i\u015f d\u00fcnyas\u0131na sa\u011flayaca\u011f\u0131 f\u0131rsatlara ili\u015fkin de\u011ferlenmesine yer verildi. Uluslararas\u0131 N\u00fckleer Santraller Zirvesi\u2019nin ger\u00e7ekle\u015fmesinde g\u00f6rev alan Kayr\u0131n, T\u00fcrkiye\u2019nin katma de\u011feri y\u00fcksek sekt\u00f6rlere odaklan\u0131p, s\u00fcrd\u00fcr\u00fclebilir bir ekonomik modele ge\u00e7mesi gerekti\u011finin alt\u0131n\u0131 \u00e7izdi. <img loading=\"lazy\" class=\"alignleft size-medium wp-image-86707\" src=\"https:\/\/www.enerjigazetesi.ist\/wp-content\/uploads\/2019\/02\/akkuyu-ngs-turk-firmalarina-dunyada-rekabet-avantaji-saglayacak-300x133.jpg\" alt=\"\" width=\"300\" height=\"133\" srcset=\"https:\/\/www.enerjigazetesi.ist\/wp-content\/uploads\/2019\/02\/akkuyu-ngs-turk-firmalarina-dunyada-rekabet-avantaji-saglayacak-300x133.jpg 300w, https:\/\/www.enerjigazetesi.ist\/wp-content\/uploads\/2019\/02\/akkuyu-ngs-turk-firmalarina-dunyada-rekabet-avantaji-saglayacak-768x341.jpg 768w, https:\/\/www.enerjigazetesi.ist\/wp-content\/uploads\/2019\/02\/akkuyu-ngs-turk-firmalarina-dunyada-rekabet-avantaji-saglayacak-1024x455.jpg 1024w, https:\/\/www.enerjigazetesi.ist\/wp-content\/uploads\/2019\/02\/akkuyu-ngs-turk-firmalarina-dunyada-rekabet-avantaji-saglayacak-500x222.jpg 500w, https:\/\/www.enerjigazetesi.ist\/wp-content\/uploads\/2019\/02\/akkuyu-ngs-turk-firmalarina-dunyada-rekabet-avantaji-saglayacak-80x36.jpg 80w, https:\/\/www.enerjigazetesi.ist\/wp-content\/uploads\/2019\/02\/akkuyu-ngs-turk-firmalarina-dunyada-rekabet-avantaji-saglayacak.jpg 1175w\" sizes=\"(max-width: 300px) 100vw, 300px\" \/>T\u00fcrkiye\u2019nin \u00f6zellikle savunma sanayinde yerlile\u015ftirme anlam\u0131nda \u00e7ok g\u00fczel hamleler yapt\u0131\u011f\u0131na i\u015faret eden Kayr\u0131n, \u201cBunun ayn\u0131s\u0131 n\u00fckleerde de olabilir. N\u00fckleer sanayine i\u015f yapan \u015firketler, savunma sanayine i\u015f yapan \u015firketler d\u00fcnyada rekabet avantaj\u0131 elde eder. T\u00fcrkiye\u2019nin n\u00fckleer kul\u00fcpte yer almas\u0131 ise onu \u015fampiyonlar ligine ta\u015f\u0131yacak. T\u00fcrk sanayicisinin n\u00fckleer teknolojiyi \u00f6\u011frenmesi, n\u00fckleer end\u00fcstrisi i\u00e7in yat\u0131r\u0131m yapmas\u0131 \u00f6nemli. Bu kapasite onlara hem yurt i\u00e7inde hem de yurt d\u0131\u015f\u0131nda n\u00fckleer santral projelerinde i\u015f alma f\u0131rsat\u0131 sa\u011flayabilir\u201d ifadelerini kulland\u0131.<\/p>\n<p>N\u00fckleer teknoloji kapasitesinin g\u00fc\u00e7lenmesinin sadece enerji de\u011fil, uzay, savunma, otomotiv, denizcilik, havac\u0131l\u0131k gibi katma de\u011feri y\u00fcksek sanayi kollar\u0131nda da T\u00fcrkiye\u2019nin daha \u00e7ok g\u00fc\u00e7l\u00fc olmas\u0131n\u0131 sa\u011flayaca\u011f\u0131n\u0131 ifade eden Kayr\u0131n, \u201cAlmanya, Japonya, Hindistan ve G\u00fcney Kore \u00f6nce teknoloji ithal ettiler, sonra da kendilerine \u00f6zg\u00fc n\u00fckleer g\u00fc\u00e7 santrali tasar\u0131mlar\u0131 geli\u015ftirdiler. Bu s\u00fcre\u00e7, devletle \u00f6zel sekt\u00f6r\u00fcn uyum i\u00e7inde \u00e7al\u0131\u015fmas\u0131yla m\u00fcmk\u00fcn olabilir. Sanayi ve Teknoloji Bakanl\u0131\u011f\u0131 K\u00fcmelenme Destek Program\u0131 kapsam\u0131nda, Ankara Sanayi Odas\u0131 koordinat\u00f6rl\u00fc\u011f\u00fcnde y\u00fcr\u00fct\u00fclen N\u00fckleer Sanayi K\u00fcmelenmesi (N\u00dcKSAK) de bu sekt\u00f6r\u00fcn f\u0131rsatlar\u0131n\u0131 ortaya koyan, T\u00fcrkiye\u2019de kurulmas\u0131 planlanan n\u00fckleer santral projelerinin ve bu projelerin altyap\u0131lar\u0131n\u0131n m\u00fcmk\u00fcn oldu\u011funca yerelle\u015ftirilmesi amac\u0131yla at\u0131lan \u00f6nemli bir ad\u0131md\u0131r\u201d dedi.<\/p>","protected":false},"excerpt":{"rendered":"<p>Sorry, this entry is only available in Turkish. For the sake of viewer convenience, the content is shown below in the alternative language. You may click the link to switch the active language. T\u00fcrkiye\u2019nin ilk n\u00fckleer g\u00fc\u00e7 santrali Akkuyu N\u00fckleer G\u00fc\u00e7 Santrali\u2019nin (NGS) in\u015faat\u0131 h\u0131zla devam ederken, birinci \u00fcnitenin 2023 y\u0131l\u0131nda \u00fcretime ge\u00e7mesi hedefleniyor. Akkuyu, [&hellip;]<\/p>\n","protected":false},"author":1,"featured_media":86707,"comment_status":"open","ping_status":"open","sticky":false,"template":"","format":"standard","meta":[],"categories":[51,53,43],"tags":[3019,1303,67,1009,45772,23134,25480,18831,34930,4681,3586],"views":881,"_links":{"self":[{"href":"https:\/\/www.enerjigazetesi.ist\/en\/wp-json\/wp\/v2\/posts\/86705"}],"collection":[{"href":"https:\/\/www.enerjigazetesi.ist\/en\/wp-json\/wp\/v2\/posts"}],"about":[{"href":"https:\/\/www.enerjigazetesi.ist\/en\/wp-json\/wp\/v2\/types\/post"}],"author":[{"embeddable":true,"href":"https:\/\/www.enerjigazetesi.ist\/en\/wp-json\/wp\/v2\/users\/1"}],"replies":[{"embeddable":true,"href":"https:\/\/www.enerjigazetesi.ist\/en\/wp-json\/wp\/v2\/comments?post=86705"}],"version-history":[{"count":0,"href":"https:\/\/www.enerjigazetesi.ist\/en\/wp-json\/wp\/v2\/posts\/86705\/revisions"}],"wp:featuredmedia":[{"embeddable":true,"href":"https:\/\/www.enerjigazetesi.ist\/en\/wp-json\/wp\/v2\/media\/86707"}],"wp:attachment":[{"href":"https:\/\/www.enerjigazetesi.ist\/en\/wp-json\/wp\/v2\/media?parent=86705"}],"wp:term":[{"taxonomy":"category","embeddable":true,"href":"https:\/\/www.enerjigazetesi.ist\/en\/wp-json\/wp\/v2\/categories?post=86705"},{"taxonomy":"post_tag","embeddable":true,"href":"https:\/\/www.enerjigazetesi.ist\/en\/wp-json\/wp\/v2\/tags?post=86705"}],"curies":[{"name":"wp","href":"https:\/\/api.w.org\/{rel}","templated":true}]}}