{"id":86620,"date":"2019-02-01T15:31:39","date_gmt":"2019-02-01T12:31:39","guid":{"rendered":"https:\/\/www.enerjigazetesi.ist\/?p=86620"},"modified":"2019-02-01T15:33:50","modified_gmt":"2019-02-01T12:33:50","slug":"klimada-turkiye-ve-japonyanin-oncu-firmalari-guclerini-birlestirdi","status":"publish","type":"post","link":"https:\/\/www.enerjigazetesi.ist\/en\/klimada-turkiye-ve-japonyanin-oncu-firmalari-guclerini-birlestirdi\/","title":{"rendered":"(Turkish) Klima&#8217;da T\u00fcrkiye ve Japonya&#8217;n\u0131n \u00d6nc\u00fc Firmalar\u0131 G\u00fc\u00e7lerini Birle\u015ftirdi"},"content":{"rendered":"<p class=\"qtranxs-available-languages-message qtranxs-available-languages-message-en\">Sorry, this entry is only available in <a href=\"https:\/\/www.enerjigazetesi.ist\/tr\/wp-json\/wp\/v2\/posts\/86620\" class=\"qtranxs-available-language-link qtranxs-available-language-link-tr\" title=\"Turkish\">Turkish<\/a>. For the sake of viewer convenience, the content is shown below in the alternative language. You may click the link to switch the active language.<\/p><p><\/p>\n<h1>T\u00fcrkiye\u2019de iklimlendirmenin \u00f6nc\u00fc firmalar\u0131ndan Form \u015eirketler Grubu<u>, Mitsubishi Heavy Industries <\/u>ile ortakl\u0131k anla\u015fmas\u0131 imzalad\u0131. Klima sekt\u00f6r\u00fcne y\u00f6n verecek bu anla\u015fma ile kurulacak yeni ortak giri\u015fimin ad\u0131 Form-MHI Klima Sistemleri Sanayi ve Ticaret A.\u015e olacak.<\/h1>\n<p>&nbsp;<\/p>\n<h2>T\u00fcrkiye\u2019de iklimlendirme alan\u0131nda \u00f6nc\u00fc firmalardan Form \u015eirketler Grubu i\u015ftiraklerinden Form VRF Sistemleri A.\u015e. b\u00fcnyesinde ortak giri\u015fimin kurulmas\u0131 amac\u0131yla, Japon sanayisinin \u00f6nde gelen firmalar\u0131ndan Mitsubishi Heavy Industries\u2019in i\u015ftiraki Mitsubishi Heavy Industries Air Conditioning Europe (MHIAE) ile ortakl\u0131k anla\u015fmas\u0131 imzalad\u0131. Anla\u015fma kapsam\u0131nda MHIAE, Form VRF Sistemleri A.\u015e.\u2019nin paylar\u0131n\u0131n bir k\u0131sm\u0131n\u0131 sat\u0131n alacak. Bu yeni ortakl\u0131k kapsam\u0131nda ev tipi klimadan, profesyonel \u00fcr\u00fcnlere kadar t\u00fcm Mitsubishi Heavy Industries klima \u00fcr\u00fcnlerinin pazar pay\u0131n\u0131n art\u0131r\u0131lmas\u0131 hedefleniyor.<\/h2>\n<p>2011 y\u0131l\u0131ndan bug\u00fcne <strong>Mitsubishi Heavy Industries<\/strong>\u2019in VRF cihazlar\u0131n\u0131n T\u00fcrkiye\u2019deki tek yetkili temsilcisi konumunda olan <strong>Form VRF Sistemleri A.\u015e.<\/strong> ge\u00e7ti\u011fimiz y\u0131l Mitsubishi Heavy\u2019nin split ve ticari split klima \u00fcr\u00fcnlerini de portf\u00f6y\u00fcne ekleyerek bulundu\u011fu pazardaki pay\u0131n\u0131 geni\u015fletti. \u0130mzalanan <img loading=\"lazy\" class=\"alignright size-medium wp-image-86622\" src=\"https:\/\/www.enerjigazetesi.ist\/wp-content\/uploads\/2019\/02\/klimada-turkiye-ve-japonyanin-oncu-firmalari-guclerini-birlestirdi-300x186.jpg\" alt=\"\" width=\"300\" height=\"186\" srcset=\"https:\/\/www.enerjigazetesi.ist\/wp-content\/uploads\/2019\/02\/klimada-turkiye-ve-japonyanin-oncu-firmalari-guclerini-birlestirdi-300x186.jpg 300w, https:\/\/www.enerjigazetesi.ist\/wp-content\/uploads\/2019\/02\/klimada-turkiye-ve-japonyanin-oncu-firmalari-guclerini-birlestirdi-768x477.jpg 768w, https:\/\/www.enerjigazetesi.ist\/wp-content\/uploads\/2019\/02\/klimada-turkiye-ve-japonyanin-oncu-firmalari-guclerini-birlestirdi-500x310.jpg 500w, https:\/\/www.enerjigazetesi.ist\/wp-content\/uploads\/2019\/02\/klimada-turkiye-ve-japonyanin-oncu-firmalari-guclerini-birlestirdi-80x50.jpg 80w, https:\/\/www.enerjigazetesi.ist\/wp-content\/uploads\/2019\/02\/klimada-turkiye-ve-japonyanin-oncu-firmalari-guclerini-birlestirdi.jpg 786w\" sizes=\"(max-width: 300px) 100vw, 300px\" \/>ortakl\u0131k anla\u015fmas\u0131 kapsam\u0131nda, <strong>Form VRF Sistemleri A.\u015e<\/strong>.\u2019deki pay devrinin ve \u015firketin yeni \u00fcnvan\u0131n\u0131n <strong>Form-MHI Klima Sistemleri Sanayi ve Ticaret A.\u015e. <\/strong>olarak de\u011fi\u015ftirilmesinin, yasal onaylar\u0131n al\u0131nmas\u0131n\u0131 takiben 2019 Mart ay\u0131 sonras\u0131nda tamamlanmas\u0131 planlanmaktad\u0131r.<\/p>\n<p>S\u00f6z konusu ortal\u0131k hakk\u0131nda konu\u015fan <strong>Form \u015eirketler Grubu Y\u00fcr\u00fctme Kurulu Ba\u015fkan\u0131 Tun\u00e7 Korun<\/strong> \u015funlar\u0131 s\u00f6yledi: Klima ya\u015fam konforumuzu y\u00fckselten bir \u00fcr\u00fcn ve her ge\u00e7en g\u00fcn bir l\u00fcks olmaktan \u00e7\u0131k\u0131yor. Di\u011fer Akdeniz \u00fclkeleriyle k\u0131yasland\u0131\u011f\u0131nda T\u00fcrkiye\u2019de klima pazar\u0131n\u0131n potansiyelinin olduk\u00e7a y\u00fcksek oldu\u011funu s\u00f6yleyebiliriz. T\u00fcrkiye Avrupa\u2019n\u0131n en b\u00fcy\u00fck VRF klima pazar\u0131na sahip. Bu pazar i\u00e7inde ger\u00e7ekle\u015ftirdi\u011fimiz sat\u0131\u015flar ile Mitsubishi Heavy Industries markal\u0131 VRF \u00fcr\u00fcn sat\u0131\u015flar\u0131nda bir\u00e7ok kez Avrupa birincisi olduk. Form olarak T\u00fcrkiye\u2019deki binlerce projede Mitsubishi Heavy \u00fcr\u00fcnleri ile kaliteli \u00e7\u00f6z\u00fcmler sunduk.<\/p>\n<p>D\u00fcnyan\u0131n en b\u00fcy\u00fck klima \u00fcreticilerinden biri olan Japon <strong>MHIAE<\/strong> firmas\u0131 ile ger\u00e7ekle\u015ftirdi\u011fimiz bu ortakl\u0131k anla\u015fmas\u0131n\u0131 \u00fclke ekonomimiz a\u00e7\u0131s\u0131ndan da olduk\u00e7a \u00f6nemli bir katk\u0131 olarak g\u00f6r\u00fcyoruz. \u00dclkemize yabanc\u0131 yat\u0131r\u0131m getirecek ve yeni istihdamlar sa\u011flayacak bu ortakl\u0131\u011f\u0131n ilerleyen g\u00fcnlerde daha \u00e7ok b\u00fcy\u00fcyece\u011fine olan g\u00fcvenimiz tam.2011\u2019den beri s\u00fcren i\u015f birli\u011fimiz bu anla\u015fmayla ta\u00e7land\u0131. Bu ortakl\u0131k \u00e7er\u00e7evesinde <strong>Form MHI Klima Sistemleri<\/strong> olarak bu alanda olu\u015fturaca\u011f\u0131m\u0131z konsept ma\u011fazalarda sadece <strong>Mitsubishi Heavy Industries<\/strong> markal\u0131 \u00fcr\u00fcnler sataca\u011f\u0131z. Bu \u00e7er\u00e7evede sataca\u011f\u0131m\u0131z t\u00fcm split \u00fcr\u00fcnlerimiz son teknoloji, \u00e7evre dostu ve y\u00fcksek verimli \u00fcr\u00fcnler olacak. Hali haz\u0131rda devam etmekte olan VRF proje sat\u0131\u015flar\u0131m\u0131za ek olarak, sat\u0131\u015flar\u0131na ge\u00e7ti\u011fimiz y\u0131l ba\u015flad\u0131\u011f\u0131m\u0131z split klimalar alan\u0131nda da 2019 sonuna kadar 40 adet konsept ma\u011faza a\u00e7may\u0131 planl\u0131yoruz. Bu say\u0131y\u0131 \u00fc\u00e7 y\u0131l i\u00e7eresinde 100\u2019e \u00e7\u0131karmay\u0131 ama\u00e7l\u0131yoruz. Hedefimiz, 3 y\u0131l i\u00e7erisinde \u00fcst segment klima pazar\u0131n\u0131n \u00f6nde gelen firmalar\u0131ndan biri olmak. Ayr\u0131ca <strong>Form \u015eirketler Grubu<\/strong> olarak t\u00fcm \u00fcr\u00fcn gruplar\u0131m\u0131z baz\u0131nda 3 y\u0131l i\u00e7erisinde 100 Milyon Euro\u2019luk ciroya ula\u015fmay\u0131 da hedefliyoruz. Sekt\u00f6r\u00fcn 55 y\u0131ll\u0131k deneyime sahip firmalar\u0131ndan biri olarak ayn\u0131 zamanda \u00fclke ekonomisine ve sekt\u00f6r\u00fcm\u00fcze katma de\u011fer sa\u011flayacak bu yat\u0131r\u0131m\u0131n arac\u0131s\u0131 olmaktan gurur duyuyoruz, dedi.<\/p>\n<p><strong>Ortakl\u0131kla ilgili konu\u015fan Mitsubishi Heavy Industries Air-Conditioning Europe Genel M\u00fcd\u00fcr\u00fc Ryoichi Kariya, <\/strong>T\u00fcrkiye ekonomisine ve gelecekteki b\u00fcy\u00fcme potansiyeline inand\u0131klar\u0131n\u0131 ve Form\u2019un kaliteli i\u015f yapma g\u00fcc\u00fcne g\u00fcvenerek bu yat\u0131r\u0131ma karar verdiklerinin alt\u0131n\u0131 \u00e7izdi. Yeni kurulacak ortak giri\u015fim b\u00fcnyesinde Form\u2019un 55 y\u0131ll\u0131k m\u00fchendislik tecr\u00fcbesi ve etkin sat\u0131\u015f g\u00fcc\u00fc ile Mitsubishi Heavy\u2018nin teknolojik kabiliyetlerinin bir araya gelece\u011fini belirtti. Firma merkezinin \u0130stanbul\u2019da bulunaca\u011f\u0131n\u0131 ancak, \u0130stanbul d\u0131\u015f\u0131nda da \u0130zmir, Ankara, Antalya, Adana ve Bursa b\u00f6lge m\u00fcd\u00fcrl\u00fckleriyle t\u00fcm T\u00fcrkiye\u2019yi kapsayan geni\u015f bir co\u011frafyada hizmet verece\u011fini s\u00f6yledi. <strong>Kariya<\/strong>, Avrupa normlar\u0131n\u0131 kabul eden y\u00fcksek standartlara sahip T\u00fcrk klima pazar\u0131nda Mitsubishi Heavy\u2019nin sundu\u011fu son teknoloji y\u00fcksek verimli \u00fcr\u00fcnlerle daha rekabet\u00e7i bir ortam yaratmay\u0131 ve ayn\u0131 zamanda k\u00fcresel \u0131s\u0131nman\u0131n engellenmesine de katk\u0131 sa\u011flamay\u0131 hedeflediklerini belirtti.<\/p>","protected":false},"excerpt":{"rendered":"<p>Sorry, this entry is only available in Turkish. For the sake of viewer convenience, the content is shown below in the alternative language. You may click the link to switch the active language. T\u00fcrkiye\u2019de iklimlendirmenin \u00f6nc\u00fc firmalar\u0131ndan Form \u015eirketler Grubu, Mitsubishi Heavy Industries ile ortakl\u0131k anla\u015fmas\u0131 imzalad\u0131. Klima sekt\u00f6r\u00fcne y\u00f6n verecek bu anla\u015fma ile kurulacak [&hellip;]<\/p>\n","protected":false},"author":1,"featured_media":86622,"comment_status":"open","ping_status":"open","sticky":false,"template":"","format":"standard","meta":[],"categories":[51,53],"tags":[45715,67,1009,3191,45712,45709,45026,45710,9028,45707,45708,45711,45714,45713],"views":931,"_links":{"self":[{"href":"https:\/\/www.enerjigazetesi.ist\/en\/wp-json\/wp\/v2\/posts\/86620"}],"collection":[{"href":"https:\/\/www.enerjigazetesi.ist\/en\/wp-json\/wp\/v2\/posts"}],"about":[{"href":"https:\/\/www.enerjigazetesi.ist\/en\/wp-json\/wp\/v2\/types\/post"}],"author":[{"embeddable":true,"href":"https:\/\/www.enerjigazetesi.ist\/en\/wp-json\/wp\/v2\/users\/1"}],"replies":[{"embeddable":true,"href":"https:\/\/www.enerjigazetesi.ist\/en\/wp-json\/wp\/v2\/comments?post=86620"}],"version-history":[{"count":0,"href":"https:\/\/www.enerjigazetesi.ist\/en\/wp-json\/wp\/v2\/posts\/86620\/revisions"}],"wp:featuredmedia":[{"embeddable":true,"href":"https:\/\/www.enerjigazetesi.ist\/en\/wp-json\/wp\/v2\/media\/86622"}],"wp:attachment":[{"href":"https:\/\/www.enerjigazetesi.ist\/en\/wp-json\/wp\/v2\/media?parent=86620"}],"wp:term":[{"taxonomy":"category","embeddable":true,"href":"https:\/\/www.enerjigazetesi.ist\/en\/wp-json\/wp\/v2\/categories?post=86620"},{"taxonomy":"post_tag","embeddable":true,"href":"https:\/\/www.enerjigazetesi.ist\/en\/wp-json\/wp\/v2\/tags?post=86620"}],"curies":[{"name":"wp","href":"https:\/\/api.w.org\/{rel}","templated":true}]}}