{"id":86577,"date":"2019-02-01T10:34:32","date_gmt":"2019-02-01T07:34:32","guid":{"rendered":"https:\/\/www.enerjigazetesi.ist\/?p=86577"},"modified":"2019-02-01T10:35:33","modified_gmt":"2019-02-01T07:35:33","slug":"ieee-ege-tarafindan-duzenlenen-izmir-enerji-zirvesi-23-subatta-basliyor","status":"publish","type":"post","link":"https:\/\/www.enerjigazetesi.ist\/en\/ieee-ege-tarafindan-duzenlenen-izmir-enerji-zirvesi-23-subatta-basliyor\/","title":{"rendered":"(Turkish) IEEE EGE Taraf\u0131ndan D\u00fczenlenen \u0130zmir Enerji Zirvesi, 23 \u015eubat&#8217;ta Ba\u015fl\u0131yor!"},"content":{"rendered":"<p class=\"qtranxs-available-languages-message qtranxs-available-languages-message-en\">Sorry, this entry is only available in <a href=\"https:\/\/www.enerjigazetesi.ist\/tr\/wp-json\/wp\/v2\/posts\/86577\" class=\"qtranxs-available-language-link qtranxs-available-language-link-tr\" title=\"Turkish\">Turkish<\/a>. For the sake of viewer convenience, the content is shown below in the alternative language. You may click the link to switch the active language.<\/p><p><\/p>\n<h1>Ege \u00dcniversitesi \u00f6\u011frenci toplulu\u011fu IEEE EGE taraf\u0131ndan farkl\u0131 m\u00fchendislik dallar\u0131nda \u00e7al\u0131\u015fan 7 komite ile her alanda etkinlikler ve teknik projeler \u00fcretilmeye <img loading=\"lazy\" class=\"alignleft size-medium wp-image-86579\" src=\"https:\/\/www.enerjigazetesi.ist\/wp-content\/uploads\/2019\/02\/ieee-ege-tarafindan-duzenlenen-izmir-enerji-zirvesi-23-subatta-basliyor-300x178.jpg\" alt=\"\" width=\"300\" height=\"178\" srcset=\"https:\/\/www.enerjigazetesi.ist\/wp-content\/uploads\/2019\/02\/ieee-ege-tarafindan-duzenlenen-izmir-enerji-zirvesi-23-subatta-basliyor-300x178.jpg 300w, https:\/\/www.enerjigazetesi.ist\/wp-content\/uploads\/2019\/02\/ieee-ege-tarafindan-duzenlenen-izmir-enerji-zirvesi-23-subatta-basliyor-500x296.jpg 500w, https:\/\/www.enerjigazetesi.ist\/wp-content\/uploads\/2019\/02\/ieee-ege-tarafindan-duzenlenen-izmir-enerji-zirvesi-23-subatta-basliyor-80x47.jpg 80w, https:\/\/www.enerjigazetesi.ist\/wp-content\/uploads\/2019\/02\/ieee-ege-tarafindan-duzenlenen-izmir-enerji-zirvesi-23-subatta-basliyor.jpg 574w\" sizes=\"(max-width: 300px) 100vw, 300px\" \/>devam ediliyor. Bu y\u0131l da d\u00fczenlenecek olan etkinlikle enerjinin kalbi \u0130zmir&#8217;de Atacak!<\/h1>\n<p>Ege \u00dcniversitesi, IEEE EGE Power and Energy Society&#8217;nin d\u00fczenleyece\u011fi \u0130zmir Enerji Zirvesi\u201919 \u015eubat&#8217;ta ger\u00e7ekle\u015ftirilecektir. 2017&#8217;de ilk kez d\u00fczenlenen ve 2018 y\u0131l\u0131nda s\u00fcrerek b\u00fcy\u00fck kitlelere ula\u015fan etkinlik 23-24 \u015eubat tarihlerinde 3&#8217;\u00fcnc\u00fc kez d\u00fczenlenecektir.<\/p>\n<p>\u00c7ok k\u0131ymetli akademisyenlerin kat\u0131l\u0131m sa\u011flayaca\u011f\u0131 etkinlik kapsam\u0131nda <strong>r\u00fczgar, g\u00fcne\u015f, biyok\u00fctle, enerji ekonomisi, g\u00fc\u00e7 sistemleri <\/strong>ve<strong> elektrikli ara\u00e7larla<\/strong> ilgi ya\u015fanan geli\u015fmeler, panelistler taraf\u0131ndan masaya yat\u0131r\u0131larak kat\u0131l\u0131mc\u0131larla payla\u015f\u0131lacakt\u0131r.<\/p>","protected":false},"excerpt":{"rendered":"<p>Sorry, this entry is only available in Turkish. For the sake of viewer convenience, the content is shown below in the alternative language. You may click the link to switch the active language. Ege \u00dcniversitesi \u00f6\u011frenci toplulu\u011fu IEEE EGE taraf\u0131ndan farkl\u0131 m\u00fchendislik dallar\u0131nda \u00e7al\u0131\u015fan 7 komite ile her alanda etkinlikler ve teknik projeler \u00fcretilmeye devam [&hellip;]<\/p>\n","protected":false},"author":1,"featured_media":86579,"comment_status":"open","ping_status":"open","sticky":false,"template":"","format":"standard","meta":[],"categories":[22893,51,53,49,50],"tags":[3533,67,1009,45681,45682,45683,45684,45680,2386,26829],"views":1499,"_links":{"self":[{"href":"https:\/\/www.enerjigazetesi.ist\/en\/wp-json\/wp\/v2\/posts\/86577"}],"collection":[{"href":"https:\/\/www.enerjigazetesi.ist\/en\/wp-json\/wp\/v2\/posts"}],"about":[{"href":"https:\/\/www.enerjigazetesi.ist\/en\/wp-json\/wp\/v2\/types\/post"}],"author":[{"embeddable":true,"href":"https:\/\/www.enerjigazetesi.ist\/en\/wp-json\/wp\/v2\/users\/1"}],"replies":[{"embeddable":true,"href":"https:\/\/www.enerjigazetesi.ist\/en\/wp-json\/wp\/v2\/comments?post=86577"}],"version-history":[{"count":0,"href":"https:\/\/www.enerjigazetesi.ist\/en\/wp-json\/wp\/v2\/posts\/86577\/revisions"}],"wp:featuredmedia":[{"embeddable":true,"href":"https:\/\/www.enerjigazetesi.ist\/en\/wp-json\/wp\/v2\/media\/86579"}],"wp:attachment":[{"href":"https:\/\/www.enerjigazetesi.ist\/en\/wp-json\/wp\/v2\/media?parent=86577"}],"wp:term":[{"taxonomy":"category","embeddable":true,"href":"https:\/\/www.enerjigazetesi.ist\/en\/wp-json\/wp\/v2\/categories?post=86577"},{"taxonomy":"post_tag","embeddable":true,"href":"https:\/\/www.enerjigazetesi.ist\/en\/wp-json\/wp\/v2\/tags?post=86577"}],"curies":[{"name":"wp","href":"https:\/\/api.w.org\/{rel}","templated":true}]}}