{"id":86507,"date":"2019-01-31T11:37:21","date_gmt":"2019-01-31T08:37:21","guid":{"rendered":"https:\/\/www.enerjigazetesi.ist\/?p=86507"},"modified":"2019-01-31T13:04:02","modified_gmt":"2019-01-31T10:04:02","slug":"hes-sanayi-isadamlari-derneginin-hesiad-yeni-yonetim-kurulu-belirlendi","status":"publish","type":"post","link":"https:\/\/www.enerjigazetesi.ist\/en\/hes-sanayi-isadamlari-derneginin-hesiad-yeni-yonetim-kurulu-belirlendi\/","title":{"rendered":"(Turkish) HES Sanayi \u0130\u015fadamlar\u0131 Derne\u011fi&#8217;nin (HES\u0130AD) Yeni Y\u00f6netim Kurulu Belirlendi"},"content":{"rendered":"<p class=\"qtranxs-available-languages-message qtranxs-available-languages-message-en\">Sorry, this entry is only available in <a href=\"https:\/\/www.enerjigazetesi.ist\/tr\/wp-json\/wp\/v2\/posts\/86507\" class=\"qtranxs-available-language-link qtranxs-available-language-link-tr\" title=\"Turkish\">Turkish<\/a>. For the sake of viewer convenience, the content is shown below in the alternative language. You may click the link to switch the active language.<\/p><p><\/p>\n<h1>30 Ocak 2019 tarihinde Ankara\u2019da ger\u00e7ekle\u015ftirilen HES\u0130AD\u00a0(Hidroelektrik Santrallari Sanayi \u0130\u015fadamlar\u0131 Derne\u011fi) Genel Kurulu&#8217;nun yeni y\u00f6netim kurulu se\u00e7imle belirlendi. Ger\u00e7ekle\u015ftiren se\u00e7im sonucuna g\u00f6re; HES\u0130AD Y\u00f6netim Kurulu\u2019na Fahrettin ARMAN (Ayen Enerji Genel M\u00fcd\u00fcr\u00fc), Taner ERC\u00d6MERT (Limak Enerji Genel M\u00fcd\u00fcr\u00fc), Serpil SERDAR (Akdenizli Elektrik), Y. H\u00fcseyin Y\u00dcCEBA\u015e (Ak Enerji) ve Cem \u00d6ZK\u00d6K (Mogan Yat\u0131r\u0131m Holding) se\u00e7ilirken derne\u011fin denetim kurulu <img loading=\"lazy\" class=\"alignright size-medium wp-image-86509\" src=\"https:\/\/www.enerjigazetesi.ist\/wp-content\/uploads\/2019\/01\/hes-sanayi-isadamlari-derneginin-hesiad-yeni-yonetim-kurulu-belirlendi-300x300.jpg\" alt=\"\" width=\"300\" height=\"300\" srcset=\"https:\/\/www.enerjigazetesi.ist\/wp-content\/uploads\/2019\/01\/hes-sanayi-isadamlari-derneginin-hesiad-yeni-yonetim-kurulu-belirlendi-300x300.jpg 300w, https:\/\/www.enerjigazetesi.ist\/wp-content\/uploads\/2019\/01\/hes-sanayi-isadamlari-derneginin-hesiad-yeni-yonetim-kurulu-belirlendi-150x150.jpg 150w, https:\/\/www.enerjigazetesi.ist\/wp-content\/uploads\/2019\/01\/hes-sanayi-isadamlari-derneginin-hesiad-yeni-yonetim-kurulu-belirlendi-400x400.jpg 400w, https:\/\/www.enerjigazetesi.ist\/wp-content\/uploads\/2019\/01\/hes-sanayi-isadamlari-derneginin-hesiad-yeni-yonetim-kurulu-belirlendi-50x50.jpg 50w, https:\/\/www.enerjigazetesi.ist\/wp-content\/uploads\/2019\/01\/hes-sanayi-isadamlari-derneginin-hesiad-yeni-yonetim-kurulu-belirlendi-100x100.jpg 100w, https:\/\/www.enerjigazetesi.ist\/wp-content\/uploads\/2019\/01\/hes-sanayi-isadamlari-derneginin-hesiad-yeni-yonetim-kurulu-belirlendi.jpg 640w\" sizes=\"(max-width: 300px) 100vw, 300px\" \/>ba\u015fkanl\u0131\u011f\u0131na ise Faruk ACUNER (Aslanc\u0131k Elektrik) getirildi.<\/h1>\n<p>\u0130klim de\u011fi\u015fikli\u011fiyle m\u00fccadelenin \u00f6nc\u00fcs\u00fc olarak temiz enerjinin de ba\u015f\u0131n\u0131 \u00e7eken hidroelektrikten enerji \u00fcretimi konusunda faaliyet g\u00f6steren firmalar taraf\u0131ndan meydana gelen dernek (sivil toplum kurulu\u015fu)\u00a0y\u00f6netiminde yeni y\u00f6netim kurulu g\u00f6rev da\u011f\u0131l\u0131m\u0131 \u015fu \u015fekilde belirlenmi\u015ftir;<\/p>\n<p><strong>Sn. Fahrettin Arman<\/strong>, ba\u015fkanl\u0131k g\u00f6revine getirilirken ba\u015fkan vekilli\u011fi ile birlikte genel sekreterlik g\u00f6revine <strong>Sn. Taner Erc\u00f6mert<\/strong>, saymanl\u0131k g\u00f6revini ise <strong>Sn. Serpil Serdar<\/strong> getirilmi\u015ftir.<\/p>\n<p>Tamam\u0131 ile <strong>STK<\/strong> olarak Yenilenebilir ve Temiz Enerji&#8217;nin \u00f6nc\u00fcs\u00fc konumunda evrensel bir dernek niteli\u011finde; <strong>Ayen Enerji, Limak Enerji,\u00a0Akdenizli Elektrik, Ak Enerji, Mogan Yat\u0131r\u0131m Holding\u00a0<\/strong>kurulu\u015flar\u0131n\u0131n sekt\u00f6rde \u00f6nde gelen y\u00f6neticileri taraf\u0131ndan meydana se\u00e7ilerek getirilmi\u015f olan dernek y\u00f6netiminin t\u00fcm <strong>tan\u0131t\u0131m, reklam ve haber \u00e7al\u0131\u015fmalar\u0131na<\/strong> <strong>Enerji Gazetesi y\u00f6netimi taraf\u0131ndan<\/strong>\u00a0al\u0131nan karar \u00e7er\u00e7evesinde\u00a0<strong>kar\u015f\u0131l\u0131ks\u0131z<\/strong> \u015fekilde\u00a0<strong>tarafs\u0131z ve ilkeli habercilik<\/strong> anlay\u0131\u015f\u0131yla her zaman destek verilecektir&#8230;<\/p>\n<p><strong>HES\u0130AD&#8217;\u0131n (Hidroelektrik Santrallari Sanayi \u0130\u015fadamlar\u0131 Derne\u011fi) Detayl\u0131 Bilgisi \u0130\u00e7in:\u00a0<\/strong><a href=\"http:\/\/www.hesiad.org.tr\/\" target=\"_blank\" rel=\"noopener\">http:\/\/www.hesiad.org.tr\/<\/a>\u00a0web adresini ziyaret edebilirsiniz.<\/p>\n<p>Sarp ALTINEL \/ Enerji Gazetesi &#8211; Genel Yay\u0131n Y\u00f6netmeni &#8211; <a href=\"mailto:sarp.altinel@enerjigazetesi.ist\" target=\"_blank\" rel=\"noopener\">sarp.altinel@enerjigazetesi.ist<\/a><\/p>","protected":false},"excerpt":{"rendered":"<p>Sorry, this entry is only available in Turkish. For the sake of viewer convenience, the content is shown below in the alternative language. You may click the link to switch the active language. 30 Ocak 2019 tarihinde Ankara\u2019da ger\u00e7ekle\u015ftirilen HES\u0130AD\u00a0(Hidroelektrik Santrallari Sanayi \u0130\u015fadamlar\u0131 Derne\u011fi) Genel Kurulu&#8217;nun yeni y\u00f6netim kurulu se\u00e7imle belirlendi. Ger\u00e7ekle\u015ftiren se\u00e7im sonucuna g\u00f6re; [&hellip;]<\/p>\n","protected":false},"author":1,"featured_media":86512,"comment_status":"open","ping_status":"open","sticky":false,"template":"","format":"standard","meta":[],"categories":[51,53,47],"tags":[1570,45618,2674,45622,45614,44797,67,1009,45613,45621,1886,45609,45610,45612,45611,2497,45616,45620,45617,45615,34977,45619,15238,26829],"views":2098,"_links":{"self":[{"href":"https:\/\/www.enerjigazetesi.ist\/en\/wp-json\/wp\/v2\/posts\/86507"}],"collection":[{"href":"https:\/\/www.enerjigazetesi.ist\/en\/wp-json\/wp\/v2\/posts"}],"about":[{"href":"https:\/\/www.enerjigazetesi.ist\/en\/wp-json\/wp\/v2\/types\/post"}],"author":[{"embeddable":true,"href":"https:\/\/www.enerjigazetesi.ist\/en\/wp-json\/wp\/v2\/users\/1"}],"replies":[{"embeddable":true,"href":"https:\/\/www.enerjigazetesi.ist\/en\/wp-json\/wp\/v2\/comments?post=86507"}],"version-history":[{"count":0,"href":"https:\/\/www.enerjigazetesi.ist\/en\/wp-json\/wp\/v2\/posts\/86507\/revisions"}],"wp:featuredmedia":[{"embeddable":true,"href":"https:\/\/www.enerjigazetesi.ist\/en\/wp-json\/wp\/v2\/media\/86512"}],"wp:attachment":[{"href":"https:\/\/www.enerjigazetesi.ist\/en\/wp-json\/wp\/v2\/media?parent=86507"}],"wp:term":[{"taxonomy":"category","embeddable":true,"href":"https:\/\/www.enerjigazetesi.ist\/en\/wp-json\/wp\/v2\/categories?post=86507"},{"taxonomy":"post_tag","embeddable":true,"href":"https:\/\/www.enerjigazetesi.ist\/en\/wp-json\/wp\/v2\/tags?post=86507"}],"curies":[{"name":"wp","href":"https:\/\/api.w.org\/{rel}","templated":true}]}}