{"id":86413,"date":"2019-01-29T23:32:07","date_gmt":"2019-01-29T20:32:07","guid":{"rendered":"https:\/\/www.enerjigazetesi.ist\/?p=86413"},"modified":"2019-01-29T23:35:09","modified_gmt":"2019-01-29T20:35:09","slug":"schneider-electric-enerji-sebekelerinin-gelecegini-masaya-yatirdi","status":"publish","type":"post","link":"https:\/\/www.enerjigazetesi.ist\/en\/schneider-electric-enerji-sebekelerinin-gelecegini-masaya-yatirdi\/","title":{"rendered":"(Turkish) Schneider Electric, Enerji \u015eebekelerinin Gelece\u011fini Masaya Yat\u0131rd\u0131"},"content":{"rendered":"<p class=\"qtranxs-available-languages-message qtranxs-available-languages-message-en\">Sorry, this entry is only available in <a href=\"https:\/\/www.enerjigazetesi.ist\/tr\/wp-json\/wp\/v2\/posts\/86413\" class=\"qtranxs-available-language-link qtranxs-available-language-link-tr\" title=\"Turkish\">Turkish<\/a>. For the sake of viewer convenience, the content is shown below in the alternative language. You may click the link to switch the active language.<\/p><p><\/p>\n<h1>Schneider Electric taraf\u0131ndan Singapur\u2019da d\u00fczenlenen panelde sekt\u00f6r temsilcilerinin g\u00f6r\u00fc\u015fleri ile birlikte de\u011fi\u015fen enerji d\u00fcnyas\u0131 ve iklim de\u011fi\u015fikli\u011fi g\u00fcndemi i\u00e7erisinde enerji \u015febekelerinin gelece\u011fi ortaya kondu.<\/h1>\n<p>EcoStruxure Grid \u00e7\u00f6z\u00fcm\u00fcn\u00fc de tan\u0131tan \u015firket, yeni nesil teknolojilerle bir yandan d\u00f6n\u00fc\u015fen m\u00fc\u015fteri ihtiya\u00e7lar\u0131n\u0131 kar\u015f\u0131larken bir yandan da verimlilik ve esneklik sa\u011flanabilece\u011fini vurguluyor.<\/p>\n<p><img loading=\"lazy\" class=\"alignleft size-medium wp-image-86415\" src=\"https:\/\/www.enerjigazetesi.ist\/wp-content\/uploads\/2019\/01\/schneider-electric-enerji-sebekelerinin-gelecegini-masaya-yatirdi-300x157.jpg\" alt=\"\" width=\"300\" height=\"157\" srcset=\"https:\/\/www.enerjigazetesi.ist\/wp-content\/uploads\/2019\/01\/schneider-electric-enerji-sebekelerinin-gelecegini-masaya-yatirdi-300x157.jpg 300w, https:\/\/www.enerjigazetesi.ist\/wp-content\/uploads\/2019\/01\/schneider-electric-enerji-sebekelerinin-gelecegini-masaya-yatirdi-768x403.jpg 768w, https:\/\/www.enerjigazetesi.ist\/wp-content\/uploads\/2019\/01\/schneider-electric-enerji-sebekelerinin-gelecegini-masaya-yatirdi-500x262.jpg 500w, https:\/\/www.enerjigazetesi.ist\/wp-content\/uploads\/2019\/01\/schneider-electric-enerji-sebekelerinin-gelecegini-masaya-yatirdi-80x42.jpg 80w, https:\/\/www.enerjigazetesi.ist\/wp-content\/uploads\/2019\/01\/schneider-electric-enerji-sebekelerinin-gelecegini-masaya-yatirdi.jpg 850w\" sizes=\"(max-width: 300px) 100vw, 300px\" \/>Enerji y\u00f6netimi ve otomasyonda d\u00fcnya \u00e7ap\u0131nda uzman olan Schneider Electric, enerji \u015febekelerinin dijitalle\u015fmesi \u00fczerine Singapur\u2019da d\u00fczenledi\u011fi panelde k\u00fcresel arenadan sekt\u00f6r liderlerini bir araya getirdi.<\/p>\n<p>Schneider Electric Elektrik Kurumlar\u0131 Segment Ba\u015fkan\u0131 Carola Puusteli; \u201cEnerji d\u00fcnyas\u0131n\u0131n h\u0131zla de\u011fi\u015fmesiyle birlikte da\u011f\u0131t\u0131m sistemleri \u015firketlerinin, g\u00fc\u00e7l\u00fc bir gelecek in\u015fa etmek i\u00e7in farkl\u0131 zorluklara yenilik\u00e7i \u00e7\u00f6z\u00fcmlerle yan\u0131t vermeleri gerekiyor. Bunu ba\u015farabilmeleri i\u00e7in geli\u015ftirdi\u011fimiz EcoStruxure Grid \u00e7\u00f6z\u00fcm\u00fcm\u00fcz \u015febeke verimlili\u011fi ve talep y\u00f6netimi alan\u0131nda g\u00fc\u00e7l\u00fc dijital yenilikler sunuyor. G\u00fcn\u00fcm\u00fcz\u00fcn geli\u015fmeleri ve yar\u0131na dair stratejileri konu\u015ftu\u011fumuz panelimiz de sekt\u00f6r\u00fcn \u00f6nc\u00fc oyuncular\u0131n\u0131n fikirleriyle g\u00fc\u00e7lendi. Yaratt\u0131\u011f\u0131m\u0131z payla\u015f\u0131m alan\u0131n\u0131n sekt\u00f6r\u00fcm\u00fcze b\u00fcy\u00fck katk\u0131 sundu\u011funa inan\u0131yorum\u201d dedi.<\/p>\n<p>Panel konu\u015fmac\u0131lar\u0131ndan Meralco A\u011f Teknolojileri, Strateji ve Y\u00f6netim\u2019den Sorumlu Ba\u015fkan Yard\u0131mc\u0131s\u0131 Ferdinand Balagtas ise; \u201cHalihaz\u0131rda kulland\u0131\u011f\u0131m\u0131z ak\u0131ll\u0131 teknolojiler ve \u2018bilgi patlamas\u0131\u2019 yaratan mikro \u015febekeler testleri ile \u00f6nemli bir birikime sahibiz ancak \u00f6nemli olan bu birikimin Filipinler&#8217;deki elektrik kurumlar\u0131n\u0131n gelece\u011fini \u015fekillendirecek \u00e7\u00f6z\u00fcmlere evrilmesini sa\u011flamak. \u0130klim de\u011fi\u015fikli\u011fi kar\u015f\u0131s\u0131nda bu, bize de\u011fi\u015fen m\u00fc\u015fteri taleplerini kar\u015f\u0131lamak ve da\u011f\u0131t\u0131m sistemimizin performans\u0131n\u0131 geli\u015ftirmek i\u00e7in bize rehberlik edecek\u201d \u015feklinde konu\u015ftu.<\/p>","protected":false},"excerpt":{"rendered":"<p>Sorry, this entry is only available in Turkish. For the sake of viewer convenience, the content is shown below in the alternative language. You may click the link to switch the active language. Schneider Electric taraf\u0131ndan Singapur\u2019da d\u00fczenlenen panelde sekt\u00f6r temsilcilerinin g\u00f6r\u00fc\u015fleri ile birlikte de\u011fi\u015fen enerji d\u00fcnyas\u0131 ve iklim de\u011fi\u015fikli\u011fi g\u00fcndemi i\u00e7erisinde enerji \u015febekelerinin gelece\u011fi [&hellip;]<\/p>\n","protected":false},"author":1,"featured_media":86415,"comment_status":"open","ping_status":"open","sticky":false,"template":"","format":"standard","meta":[],"categories":[51,53],"tags":[45541,45542,45543,34979,19638,34980,26353,67,1009,22814,45545,45540,154,45544,4157,15955],"views":856,"_links":{"self":[{"href":"https:\/\/www.enerjigazetesi.ist\/en\/wp-json\/wp\/v2\/posts\/86413"}],"collection":[{"href":"https:\/\/www.enerjigazetesi.ist\/en\/wp-json\/wp\/v2\/posts"}],"about":[{"href":"https:\/\/www.enerjigazetesi.ist\/en\/wp-json\/wp\/v2\/types\/post"}],"author":[{"embeddable":true,"href":"https:\/\/www.enerjigazetesi.ist\/en\/wp-json\/wp\/v2\/users\/1"}],"replies":[{"embeddable":true,"href":"https:\/\/www.enerjigazetesi.ist\/en\/wp-json\/wp\/v2\/comments?post=86413"}],"version-history":[{"count":0,"href":"https:\/\/www.enerjigazetesi.ist\/en\/wp-json\/wp\/v2\/posts\/86413\/revisions"}],"wp:featuredmedia":[{"embeddable":true,"href":"https:\/\/www.enerjigazetesi.ist\/en\/wp-json\/wp\/v2\/media\/86415"}],"wp:attachment":[{"href":"https:\/\/www.enerjigazetesi.ist\/en\/wp-json\/wp\/v2\/media?parent=86413"}],"wp:term":[{"taxonomy":"category","embeddable":true,"href":"https:\/\/www.enerjigazetesi.ist\/en\/wp-json\/wp\/v2\/categories?post=86413"},{"taxonomy":"post_tag","embeddable":true,"href":"https:\/\/www.enerjigazetesi.ist\/en\/wp-json\/wp\/v2\/tags?post=86413"}],"curies":[{"name":"wp","href":"https:\/\/api.w.org\/{rel}","templated":true}]}}