{"id":86239,"date":"2019-01-27T23:42:42","date_gmt":"2019-01-27T20:42:42","guid":{"rendered":"https:\/\/www.enerjigazetesi.ist\/?p=86239"},"modified":"2019-01-27T23:44:54","modified_gmt":"2019-01-27T20:44:54","slug":"enerji-ve-tabii-kaynaklar-bakani-fatih-donmez-cnn-turkun-konugu-oldu","status":"publish","type":"post","link":"https:\/\/www.enerjigazetesi.ist\/en\/enerji-ve-tabii-kaynaklar-bakani-fatih-donmez-cnn-turkun-konugu-oldu\/","title":{"rendered":"Enerji ve Tabii Kaynaklar Bakan\u0131 Fatih D\u00f6nmez CNN T\u00dcRK&#8217;te"},"content":{"rendered":"<p class=\"qtranxs-available-languages-message qtranxs-available-languages-message-en\">Sorry, this entry is only available in <a href=\"https:\/\/www.enerjigazetesi.ist\/tr\/wp-json\/wp\/v2\/posts\/86239\" class=\"qtranxs-available-language-link qtranxs-available-language-link-tr\" title=\"Turkish\">Turkish<\/a>. For the sake of viewer convenience, the content is shown below in the alternative language. You may click the link to switch the active language.<\/p><p><\/p>\n<h1>Cnn T\u00dcRK&#8217;e konuk olan Bakan D\u00f6nmez, yaz saati uygulamas\u0131ndan, bor madenine ili\u015fkin yap\u0131lan yat\u0131r\u0131mlara, n\u00fckleer enerjiden, yenilenebilir enerji kaynaklar\u0131na kadar bir\u00e7ok konuda a\u00e7\u0131klamalar yapt\u0131.<\/h1>\n<p>Bakan D\u00f6nmez&#8217;in a\u00e7\u0131klamalar\u0131ndan <span style=\"text-decoration: underline;\">sat\u0131r ba\u015flar\u0131:<\/span><\/p>\n<p>&#8211; Yaz saati uygulamas\u0131nda 2 y\u0131l \u00f6nce b\u00f6yle bir karar alm\u0131\u015ft\u0131k. Bu karar\u0131n neden verildi\u011fine dair gerek\u00e7e bulamad\u0131k. Bizim yapm\u0131\u015f oldu\u011fumuz \u00e7al\u0131\u015fmalar, kal\u0131c\u0131 yaz saati uygulamas\u0131n\u0131n daha verimli olaca\u011f\u0131n\u0131 biliyorduk. Ancak biz bu konuyu \u0130stanbul Teknik \u00dcniversitesine \u00e7al\u0131\u015fma yapt\u0131rd\u0131k. Sonu\u00e7lar kal\u0131c\u0131 yaz <img loading=\"lazy\" class=\"alignright size-medium wp-image-86241\" src=\"https:\/\/www.enerjigazetesi.ist\/wp-content\/uploads\/2019\/01\/enerji-ve-tabii-kaynaklar-bakani-fatih-donmez-cnn-turkun-konugu-oldu-300x169.jpg\" alt=\"\" width=\"300\" height=\"169\" srcset=\"https:\/\/www.enerjigazetesi.ist\/wp-content\/uploads\/2019\/01\/enerji-ve-tabii-kaynaklar-bakani-fatih-donmez-cnn-turkun-konugu-oldu-300x169.jpg 300w, https:\/\/www.enerjigazetesi.ist\/wp-content\/uploads\/2019\/01\/enerji-ve-tabii-kaynaklar-bakani-fatih-donmez-cnn-turkun-konugu-oldu-768x432.jpg 768w, https:\/\/www.enerjigazetesi.ist\/wp-content\/uploads\/2019\/01\/enerji-ve-tabii-kaynaklar-bakani-fatih-donmez-cnn-turkun-konugu-oldu-500x281.jpg 500w, https:\/\/www.enerjigazetesi.ist\/wp-content\/uploads\/2019\/01\/enerji-ve-tabii-kaynaklar-bakani-fatih-donmez-cnn-turkun-konugu-oldu-80x45.jpg 80w, https:\/\/www.enerjigazetesi.ist\/wp-content\/uploads\/2019\/01\/enerji-ve-tabii-kaynaklar-bakani-fatih-donmez-cnn-turkun-konugu-oldu.jpg 868w\" sizes=\"(max-width: 300px) 100vw, 300px\" \/>saati uygulamas\u0131n\u0131n enerji verimlili\u011fi bak\u0131m\u0131ndan daha iyi olaca\u011f\u0131n\u0131 g\u00f6rd\u00fck.<\/p>\n<p>&#8211;\u00a0Kimyac\u0131lar\u0131n tan\u0131m\u0131 ile boz bir bak\u0131ma kimyasal tuz olarak tan\u0131mlan\u0131yor. Onu \u00f6\u011f\u00fcterek boraks ad\u0131 verilen bir \u00fcr\u00fcn haline getiriyoruz, sonras\u0131nda biraz daha katma de\u011ferler bor karb\u00fcr haline getirdik. N\u00fckleer \u00e7al\u0131\u015fmalar i\u00e7in uygun hale getirilmesi i\u00e7in \u00e7al\u0131\u015fmalara devam ediyoruz. \u00d6rne\u011fin, bor karb\u00fcr savunma sanayisinde kullan\u0131l\u0131yor. Tonu 30 ila 40 bin dolar aras\u0131nda de\u011fi\u015fiyor. Daha u\u00e7 \u00fcr\u00fcn bor izotoplar\u0131ndan elde ediliyor. N\u00fckleer santrallerde bu \u00e7ubuklardan faydalan\u0131yor. Burada tonu 1 milyon dolar\u0131 a\u015f\u0131yor.<\/p>\n<p>&#8211; Do\u011fru bir hareket olarak do\u011fal ya\u015fama bir d\u00f6n\u00fc\u015f var. Do\u011fal bir \u00fcr\u00fcn kullanay\u0131m, kimyasal \u00fcr\u00fcnler bulunmas\u0131n diye isteyenler i\u00e7in geli\u015ftirildi. Temizlik \u00fcr\u00fcnlerinde boru sadece Eti maden kullans\u0131n diye bir talebimiz yok. Di\u011fer temizlik firmalar\u0131 da bor i\u00e7erikli temizlik \u00fcr\u00fcnleri kullanabilirler, \u00fcr\u00fcn geli\u015ftirmelerinden mutluluk duyar\u0131z. Boron temizlik \u00fcr\u00fcn\u00fc, \u00fclke genelinde sat\u0131lmas\u0131 i\u00e7in birka\u00e7 b\u00fcy\u00fck marketlerle anla\u015fma yap\u0131ld\u0131.<\/p>\n<p>&#8211; Fatura kaleminde \u00fcretim bedeli ve da\u011f\u0131t\u0131m bedeli olmak \u00fczere iki t\u00fcr kalemin d\u0131\u015f\u0131nda vergi ve fonlardan olu\u015fuyor. Da\u011f\u0131t\u0131m bedeli y\u00fczde 30, geri kalan k\u0131sm\u0131 \u00fcretim maliyeti ve vergiler olarak ge\u00e7iyor. Bu oranlar t\u00fcm d\u00fcnyada buna yak\u0131n&#8230; Avrupa&#8217;da da\u011f\u0131t\u0131m bedeli y\u00fczde 50, T\u00fcrkiye&#8217;de bu rakam y\u00fczde 35. Da\u011f\u0131t\u0131m bedeli santralde \u00fcretildi\u011fi yerden alarak, y\u00fcksek gerilim hatlar\u0131yla \u015fehirlere kadar getiriyoruz. \u015eehirlerde orta ve d\u00fc\u015f\u00fck gerilim haline getiriyoruz. 1 milyon 420 milometrelik bir \u015febeke i\u015fletiliyor. Bizim elektrik \u00fcretim k\u0131sm\u0131nda, lisansl\u0131 santralle 1300 santralde 60 bin ki\u015fi \u00e7al\u0131\u015f\u0131yor. Ayr\u0131ca da\u011f\u0131t\u0131m \u015firketlerinin i\u015fletme giderleri de mevcut. T\u00fcrkiye genelinde i\u015fletme giderleri 17,5 milyar lira&#8230;<\/p>\n<p>&#8211; Konut bazl\u0131 bak\u0131ld\u0131\u011f\u0131nda tasarruflar yap\u0131ld\u0131\u011f\u0131nda en fazla elektrik t\u00fcketen \u00fcr\u00fcnler, \u00e7ama\u015f\u0131r makinesi ve buzdolab\u0131 gibi \u00fcr\u00fcnler&#8230; Bu cihazlar i\u00e7in enerji verimlili\u011fi teknolojisi ile \u00e7al\u0131\u015fanlara y\u00f6nelmek gerekiyor. Gereksizse lambay\u0131 s\u00f6nd\u00fcrmek, klima a\u00e7\u0131kken bir taraftan da cam\u0131 a\u00e7\u0131nca daha fazla enerji harc\u0131yorsunuz.<\/p>\n<p>&#8211; Yal\u0131t\u0131m konusunda da baz\u0131 binalar\u0131m\u0131z yeterli de\u011fil. Yal\u0131t\u0131m ile y\u00fczde 40 oran\u0131nda \u0131s\u0131 tasarrufu sa\u011flama imkan\u0131m\u0131z var. \u00dclke genelinde yal\u0131t\u0131m\u0131 i\u00e7in yap\u0131lan \u00e7al\u0131\u015fmada \u015f\u00f6yle bir rapor \u00f6n\u00fcm\u00fczde geldi. Verimlilikle iligli 10 milyar dolarl\u0131k yat\u0131r\u0131m yapabilirsek, 2033&#8217;e kadar 30 milyar dolarl\u0131k bir d\u00f6n\u00fc\u015f\u00fc olacak. Ara\u00e7lar\u0131m\u0131z i\u00e7in de \u00f6yle daha yak\u0131t tasarruflu ara\u00e7lara y\u00f6nelmek gerekiyor.<\/p>\n<p><strong>&#8220;T\u00fcrkiye i\u00e7in bir hayaldi art\u0131k ger\u00e7ekle\u015fiyor&#8221;<\/strong><\/p>\n<p>&#8211; (Rusya ile enerji ortakl\u0131\u011f\u0131) Rusya ile ya\u015fanan hadiselere ra\u011fmen, Rusya &#8211; T\u00fcrkiye ile yapm\u0131\u015f oldu\u011fu gaz kontratlar\u0131n\u0131n tamam\u0131na uydu. N\u00fckleer g\u00fc\u00e7 santrallerine gelince, T\u00fcrkiye \u00e7ok uzun y\u0131llar boyunca bu teknoloji i\u00e7in hamlelerde bulunmu\u015f. Ama ihale iptalleri olmu\u015ftu. 2010 y\u0131llarda Rusya ile n\u00fckleer santrali kurulmas\u0131 i\u00e7in anla\u015fma yap\u0131lm\u0131\u015ft\u0131r. Mersin&#8217;deki Akkuyu Santrali&#8217;nde 2023 y\u0131l\u0131nda ilk reakt\u00f6r devreye girmi\u015f olacak, \u015fu anda bir gecikme s\u00f6z konusu de\u011fil. N\u00fckleer santraller T\u00fcrkiye i\u00e7in bir hayaldi art\u0131k ger\u00e7ekle\u015fiyor.<\/p>\n<p><strong>&#8220;T\u00fcrkiye&#8217;de 18,5 milyar ton k\u00f6m\u00fcr var, de\u011feri 300 milyar dolar\u0131 a\u015f\u0131yor&#8221;<\/strong><\/p>\n<p>&#8211;\u00a0Bor d\u0131\u015f\u0131nda T\u00fcrkiye maden cevheri a\u00e7\u0131s\u0131ndan k\u00f6m\u00fcrde ciddi bir potansiyelimiz var. Yapt\u0131\u011f\u0131m\u0131z son \u00e7al\u0131\u015fmalarla yeralt\u0131ndaki rezervlerimiz 18,5 milyar tona \u00e7\u0131karm\u0131\u015f olduk. Hala \u00e7al\u0131\u015fmalar devam ediyor. Hepsini \u00e7\u0131kart\u0131p ekonomiye kazand\u0131rm\u0131\u015f olsak 300 milyar dolar\u0131n \u00fczerinde olacak. Yeni nesil santrallerde emisyon de\u011ferlerini belirli bir s\u0131n\u0131r\u0131n alt\u0131nda kalmas\u0131n\u0131 sa\u011fl\u0131yor. D\u00fcnya enerjinin y\u00fczde 38&#8217;i k\u00f6m\u00fcrden kar\u015f\u0131lan\u0131yor. Bu oran Almanya&#8217;da y\u00fczde 40&#8230; D\u0131\u015fa ba\u011f\u0131ml\u0131l\u0131\u011f\u0131m\u0131z\u0131 azaltmak i\u00e7in yerli k\u00f6m\u00fcr rezervlerimizi kullanmam\u0131z gerekiyor.<\/p>\n<p>&#8211; T\u00fcrkiye&#8217;deki kurulu g\u00fc\u00e7lerde yenilenebilir enerji oran\u0131m\u0131z y\u00fczde 52 seviyelerinde. Ancak kesintili kaynaklar olduklar\u0131 i\u00e7in kullan\u0131m oran\u0131m\u0131z y\u00fczde 30 seviyelerindedir.<\/p>\n<p><strong>Program\u0131n Tamam\u0131n\u0131 Seyretmek \u0130\u00e7in <a href=\"https:\/\/www.cnnturk.com\/tv-cnn-turk\/programlar\/hafta-sonu\/enerji-ve-tabii-kaynaklar-bakani-fatih-donmez-gundemdeki-kritik-sorulara-hafta-sonunda-yanit-verdi\" target=\"_blank\" rel=\"noopener\">TIKLAYINIZ&gt;&gt;&gt;<\/a><\/strong><\/p>","protected":false},"excerpt":{"rendered":"<p>Sorry, this entry is only available in Turkish. For the sake of viewer convenience, the content is shown below in the alternative language. You may click the link to switch the active language. Cnn T\u00dcRK&#8217;e konuk olan Bakan D\u00f6nmez, yaz saati uygulamas\u0131ndan, bor madenine ili\u015fkin yap\u0131lan yat\u0131r\u0131mlara, n\u00fckleer enerjiden, yenilenebilir enerji kaynaklar\u0131na kadar bir\u00e7ok konuda [&hellip;]<\/p>\n","protected":false},"author":1,"featured_media":86241,"comment_status":"open","ping_status":"open","sticky":false,"template":"","format":"standard","meta":[],"categories":[46,51,53,52,24649,43],"tags":[4403,45365,1128,34979,45364,19638,26353,67,1009,35423,26559,380,34967,24143,33029,1301,23134,34930,30825,34977,793,109,26829,40806],"views":1028,"_links":{"self":[{"href":"https:\/\/www.enerjigazetesi.ist\/en\/wp-json\/wp\/v2\/posts\/86239"}],"collection":[{"href":"https:\/\/www.enerjigazetesi.ist\/en\/wp-json\/wp\/v2\/posts"}],"about":[{"href":"https:\/\/www.enerjigazetesi.ist\/en\/wp-json\/wp\/v2\/types\/post"}],"author":[{"embeddable":true,"href":"https:\/\/www.enerjigazetesi.ist\/en\/wp-json\/wp\/v2\/users\/1"}],"replies":[{"embeddable":true,"href":"https:\/\/www.enerjigazetesi.ist\/en\/wp-json\/wp\/v2\/comments?post=86239"}],"version-history":[{"count":0,"href":"https:\/\/www.enerjigazetesi.ist\/en\/wp-json\/wp\/v2\/posts\/86239\/revisions"}],"wp:featuredmedia":[{"embeddable":true,"href":"https:\/\/www.enerjigazetesi.ist\/en\/wp-json\/wp\/v2\/media\/86241"}],"wp:attachment":[{"href":"https:\/\/www.enerjigazetesi.ist\/en\/wp-json\/wp\/v2\/media?parent=86239"}],"wp:term":[{"taxonomy":"category","embeddable":true,"href":"https:\/\/www.enerjigazetesi.ist\/en\/wp-json\/wp\/v2\/categories?post=86239"},{"taxonomy":"post_tag","embeddable":true,"href":"https:\/\/www.enerjigazetesi.ist\/en\/wp-json\/wp\/v2\/tags?post=86239"}],"curies":[{"name":"wp","href":"https:\/\/api.w.org\/{rel}","templated":true}]}}