{"id":86126,"date":"2019-01-25T22:49:10","date_gmt":"2019-01-25T19:49:10","guid":{"rendered":"https:\/\/www.enerjigazetesi.ist\/?p=86126"},"modified":"2019-01-25T23:13:37","modified_gmt":"2019-01-25T20:13:37","slug":"enerji-bakani-donmez-jeotermal-kaynak-acilis-torenindeydi","status":"publish","type":"post","link":"https:\/\/www.enerjigazetesi.ist\/en\/enerji-bakani-donmez-jeotermal-kaynak-acilis-torenindeydi\/","title":{"rendered":"(Turkish) Enerji Bakan\u0131 D\u00f6nmez Jeotermal Kaynak A\u00e7\u0131l\u0131\u015f T\u00f6renindeydi"},"content":{"rendered":"<p class=\"qtranxs-available-languages-message qtranxs-available-languages-message-en\">Sorry, this entry is only available in <a href=\"https:\/\/www.enerjigazetesi.ist\/tr\/wp-json\/wp\/v2\/posts\/86126\" class=\"qtranxs-available-language-link qtranxs-available-language-link-tr\" title=\"Turkish\">Turkish<\/a>. For the sake of viewer convenience, the content is shown below in the alternative language. You may click the link to switch the active language.<\/p><p><\/p>\n<h1>Enerji ve Tabii Kaynaklar Bakan\u0131 Fatih D\u00f6nmez taraf\u0131ndan Maden Tetkik ve Arama (MTA) Genel M\u00fcd\u00fcrl\u00fc\u011f\u00fcnce Elaz\u0131\u011f ili merkez il\u00e7esine ba\u011fl\u0131 Cip k\u00f6y\u00fcnde jeotermal kayna\u011f\u0131n bulunmas\u0131na y\u00f6nelik d\u00fczenlenen t\u00f6rene kat\u0131l\u0131m sa\u011fland\u0131.<\/h1>\n<p><span id=\"more-104125\"><\/span>D\u00f6nmez yapt\u0131\u011f\u0131 konu\u015fmada, &#8220;Biz de \u00fczerimize d\u00fc\u015feni yaparak, bu cevherleri i\u015fleyip milletimizin hizmetine sunma yolunda \u00e7al\u0131\u015fmaktay\u0131z. MTA da Elaz\u0131\u011f\u2019da yo\u011fun bir faaliyet y\u00fcr\u00fctmektedir. 28 ruhsat alan\u0131nda arama ve ara\u015ft\u0131rma faaliyeti de aral\u0131ks\u0131z s\u00fcrmektedir. \u015eimdiye kadar \u015fehirde 50 bin metrelik sondaj tamamland\u0131. Sadece bu \u00e7al\u0131\u015fmalar i\u00e7in Elaz\u0131\u011f\u2019da yakla\u015f\u0131k 20 milyon liral\u0131k yat\u0131r\u0131m <img loading=\"lazy\" class=\"alignright size-medium wp-image-86128\" src=\"https:\/\/www.enerjigazetesi.ist\/wp-content\/uploads\/2019\/01\/enerji-bakani-donmez-jeotermal-kaynak-acilis-torenindeydi-300x200.jpg\" alt=\"\" width=\"300\" height=\"200\" srcset=\"https:\/\/www.enerjigazetesi.ist\/wp-content\/uploads\/2019\/01\/enerji-bakani-donmez-jeotermal-kaynak-acilis-torenindeydi-300x200.jpg 300w, https:\/\/www.enerjigazetesi.ist\/wp-content\/uploads\/2019\/01\/enerji-bakani-donmez-jeotermal-kaynak-acilis-torenindeydi-768x512.jpg 768w, https:\/\/www.enerjigazetesi.ist\/wp-content\/uploads\/2019\/01\/enerji-bakani-donmez-jeotermal-kaynak-acilis-torenindeydi.jpg 1024w, https:\/\/www.enerjigazetesi.ist\/wp-content\/uploads\/2019\/01\/enerji-bakani-donmez-jeotermal-kaynak-acilis-torenindeydi-500x333.jpg 500w, https:\/\/www.enerjigazetesi.ist\/wp-content\/uploads\/2019\/01\/enerji-bakani-donmez-jeotermal-kaynak-acilis-torenindeydi-75x50.jpg 75w, https:\/\/www.enerjigazetesi.ist\/wp-content\/uploads\/2019\/01\/enerji-bakani-donmez-jeotermal-kaynak-acilis-torenindeydi-450x300.jpg 450w\" sizes=\"(max-width: 300px) 100vw, 300px\" \/>yap\u0131ld\u0131&#8221; ifadelerini kulland\u0131.<\/p>\n<p>Elaz\u0131\u011f&#8217;\u0131n Cip k\u00f6y\u00fcnde ger\u00e7ekle\u015ftirilen yakla\u015f\u0131k 2.300 metrelik sondaj sonucunda 60 derece s\u0131cakl\u0131kta ve saniyede 90 litre ak\u0131\u015f h\u0131z\u0131yla y\u00fcksek mineral i\u00e7eri\u011fine sahip jeotermal kayna\u011f\u0131n, sera, konut \u0131s\u0131tmas\u0131nda ve termal turizmde kullan\u0131laca\u011f\u0131n\u0131 da s\u00f6yleyen D\u00f6nmez, &#8220;Jeotermal kaynaklar, bulundu\u011fu \u015fehre yeni bir ekonomik kimlik kazand\u0131ran sekt\u00f6rlerin ba\u015f\u0131nda yer almaktad\u0131r. Buradan \u00e7\u0131kar\u0131lan jeotermal kaynaklar; yakla\u015f\u0131k 10 bin yatak kapasiteye sahip termal tesis kurulmas\u0131na ve(ya) \u00e7evresindeki 1000 konutu \u0131s\u0131tma sa\u011flamaya elveri\u015flidir. Ayr\u0131ca 37.000 m2&#8217;lik sera alan\u0131n\u0131 da \u0131s\u0131tma kapasitesine sahiptir.&#8221;<\/p>\n<p>Ayr\u0131ca D\u00f6nmez, \u201c Yenilenebilir enerji alan\u0131nda son 16 y\u0131lda kurulu g\u00fcc\u00fcm\u00fcz\u00fc % 245 art\u0131rd\u0131k. G\u00fcne\u015fte, r\u00fczgarda, hidroelektrikte, biyogazda, jeotermalde kapasite art\u0131\u015f rekorlar\u0131na imza att\u0131k. 2008&#8217;de T\u00fcrkiye\u2019de sadece 30 mw olan jeotermal kurulu g\u00fcc\u00fcm\u00fcz 43 kat art\u0131\u015f ile 2018 y\u0131l\u0131 sonunda 1.283 mw&#8217;a y\u00fckselttik. Jeotermal kurulu g\u00fcc\u00fcm\u00fcz d\u00fcnyada 4&#8217;\u00fcnc\u00fc, Avrupa\u2019da 1&#8217;inci s\u0131rada yer almaktay\u0131z.\u201d dedi.<\/p>","protected":false},"excerpt":{"rendered":"<p>Sorry, this entry is only available in Turkish. For the sake of viewer convenience, the content is shown below in the alternative language. You may click the link to switch the active language. Enerji ve Tabii Kaynaklar Bakan\u0131 Fatih D\u00f6nmez taraf\u0131ndan Maden Tetkik ve Arama (MTA) Genel M\u00fcd\u00fcrl\u00fc\u011f\u00fcnce Elaz\u0131\u011f ili merkez il\u00e7esine ba\u011fl\u0131 Cip k\u00f6y\u00fcnde [&hellip;]<\/p>\n","protected":false},"author":1,"featured_media":86128,"comment_status":"open","ping_status":"open","sticky":false,"template":"","format":"standard","meta":[],"categories":[53,48],"tags":[4249,45152,67,1009,27530,10686,11878,35040,23226,4903,34986,34985,36184,45252,59,34977,26829],"views":946,"_links":{"self":[{"href":"https:\/\/www.enerjigazetesi.ist\/en\/wp-json\/wp\/v2\/posts\/86126"}],"collection":[{"href":"https:\/\/www.enerjigazetesi.ist\/en\/wp-json\/wp\/v2\/posts"}],"about":[{"href":"https:\/\/www.enerjigazetesi.ist\/en\/wp-json\/wp\/v2\/types\/post"}],"author":[{"embeddable":true,"href":"https:\/\/www.enerjigazetesi.ist\/en\/wp-json\/wp\/v2\/users\/1"}],"replies":[{"embeddable":true,"href":"https:\/\/www.enerjigazetesi.ist\/en\/wp-json\/wp\/v2\/comments?post=86126"}],"version-history":[{"count":0,"href":"https:\/\/www.enerjigazetesi.ist\/en\/wp-json\/wp\/v2\/posts\/86126\/revisions"}],"wp:featuredmedia":[{"embeddable":true,"href":"https:\/\/www.enerjigazetesi.ist\/en\/wp-json\/wp\/v2\/media\/86128"}],"wp:attachment":[{"href":"https:\/\/www.enerjigazetesi.ist\/en\/wp-json\/wp\/v2\/media?parent=86126"}],"wp:term":[{"taxonomy":"category","embeddable":true,"href":"https:\/\/www.enerjigazetesi.ist\/en\/wp-json\/wp\/v2\/categories?post=86126"},{"taxonomy":"post_tag","embeddable":true,"href":"https:\/\/www.enerjigazetesi.ist\/en\/wp-json\/wp\/v2\/tags?post=86126"}],"curies":[{"name":"wp","href":"https:\/\/api.w.org\/{rel}","templated":true}]}}