{"id":85882,"date":"2019-01-21T23:11:03","date_gmt":"2019-01-21T20:11:03","guid":{"rendered":"https:\/\/www.enerjigazetesi.ist\/?p=85882"},"modified":"2019-01-21T23:11:58","modified_gmt":"2019-01-21T20:11:58","slug":"2018-yilinda-1-mw-alti-tesisler-ile-gunesten-6-milyar-tl-kazanc-saglandi","status":"publish","type":"post","link":"https:\/\/www.enerjigazetesi.ist\/en\/2018-yilinda-1-mw-alti-tesisler-ile-gunesten-6-milyar-tl-kazanc-saglandi\/","title":{"rendered":"(Turkish) 2018 Y\u0131l\u0131nda 1 MW Alt\u0131 Tesisler \u0130le G\u00fcne\u015f&#8217;ten 6 Milyar TL Kazan\u00e7 Sa\u011fland\u0131!"},"content":{"rendered":"<p class=\"qtranxs-available-languages-message qtranxs-available-languages-message-en\">Sorry, this entry is only available in <a href=\"https:\/\/www.enerjigazetesi.ist\/tr\/wp-json\/wp\/v2\/posts\/85882\" class=\"qtranxs-available-language-link qtranxs-available-language-link-tr\" title=\"Turkish\">Turkish<\/a>. For the sake of viewer convenience, the content is shown below in the alternative language. You may click the link to switch the active language.<\/p><p><\/p>\n<h1>G\u00fcne\u015f, su, r\u00fczgar gibi yenilenebilir enerji kaynaklar\u0131ndan enerji \u00fcretimi, &#8220;al\u0131m garantisi&#8221; yolu ile desteklenmektedir. Devlet \u00fcretilen elektri\u011fi sat\u0131n al\u0131rken g\u00fcne\u015f enerjisinden \u00fcretilen her kilovatsaat elektrik i\u00e7in 13.3, su ve r\u00fczgar i\u00e7in 7.3 dolar sent \u00f6deme ger\u00e7ekle\u015ftirmektedir.<\/h1>\n<p><strong>2018 Y\u0131l\u0131nda Rekora \u0130mza At\u0131ld\u0131<\/strong><\/p>\n<p><img loading=\"lazy\" class=\"alignleft size-medium wp-image-85884\" src=\"https:\/\/www.enerjigazetesi.ist\/wp-content\/uploads\/2019\/01\/2018-yilinda-1-mw-alti-tesisler-ile-gunesten-6-milyar-tl-kazanc-saglandi-300x160.jpg\" alt=\"\" width=\"300\" height=\"160\" srcset=\"https:\/\/www.enerjigazetesi.ist\/wp-content\/uploads\/2019\/01\/2018-yilinda-1-mw-alti-tesisler-ile-gunesten-6-milyar-tl-kazanc-saglandi-300x160.jpg 300w, https:\/\/www.enerjigazetesi.ist\/wp-content\/uploads\/2019\/01\/2018-yilinda-1-mw-alti-tesisler-ile-gunesten-6-milyar-tl-kazanc-saglandi-500x266.jpg 500w, https:\/\/www.enerjigazetesi.ist\/wp-content\/uploads\/2019\/01\/2018-yilinda-1-mw-alti-tesisler-ile-gunesten-6-milyar-tl-kazanc-saglandi-80x43.jpg 80w, https:\/\/www.enerjigazetesi.ist\/wp-content\/uploads\/2019\/01\/2018-yilinda-1-mw-alti-tesisler-ile-gunesten-6-milyar-tl-kazanc-saglandi.jpg 620w\" sizes=\"(max-width: 300px) 100vw, 300px\" \/>\u00d6zetle; &#8220;YEKDEM&#8221; ismi verilen destek mekanizmas\u0131 ile yenilenebilir enerjiden elektrik \u00fcretiminde 2018 y\u0131l\u0131nda rekora imza at\u0131ld\u0131. \u0130\u015fletmeler, 62.5 milyar kilovatsaat elektrik \u00fcretimi ger\u00e7ekle\u015ftirirken 2017 y\u0131l\u0131nda ise bu rakam 50.5 milyar kilovatsaat olarak ger\u00e7ekle\u015fti. 2019&#8217;da YEKDEM kapsam\u0131nda \u00fcretimin 70 milyar kilovatsaat civar\u0131nda olmas\u0131 \u00f6ng\u00f6r\u00fclmektedir.<\/p>\n<p>Bireyler ise elektrik \u00fcretip satmay\u0131 severken lisans almadan evlerinin \u00e7at\u0131lar\u0131na ya da cephelerine kurduklar\u0131 1 mw ve alt\u0131 tesislerle 2018&#8217;te g\u00fcne\u015ften 8 milyar kilovatsaate yak\u0131n elektrik \u00fcretimi ger\u00e7ekle\u015ftirdi. T\u00fcketimi kar\u015f\u0131layan k\u0131sm\u0131n harici ise \u015febekeye sat\u0131ld\u0131. \u015eu anki rakamlar \u0131\u015f\u0131\u011f\u0131nda 6 milyar liray\u0131 a\u015fk\u0131n has\u0131lat ger\u00e7ekle\u015firken ge\u00e7ti\u011fimiz y\u0131l 2.5-3 milyar kilovatsaat g\u00fcne\u015ften elektrik \u00fcretimi olmu\u015ftur.<\/p>","protected":false},"excerpt":{"rendered":"<p>Sorry, this entry is only available in Turkish. For the sake of viewer convenience, the content is shown below in the alternative language. You may click the link to switch the active language. G\u00fcne\u015f, su, r\u00fczgar gibi yenilenebilir enerji kaynaklar\u0131ndan enerji \u00fcretimi, &#8220;al\u0131m garantisi&#8221; yolu ile desteklenmektedir. Devlet \u00fcretilen elektri\u011fi sat\u0131n al\u0131rken g\u00fcne\u015f enerjisinden \u00fcretilen [&hellip;]<\/p>\n","protected":false},"author":1,"featured_media":85884,"comment_status":"open","ping_status":"open","sticky":false,"template":"","format":"standard","meta":[],"categories":[51,53,49],"tags":[67,1009,35038,13,23416,1876,23133,34925,23131,45058,679,2282,34977,8275,26829,508],"views":738,"_links":{"self":[{"href":"https:\/\/www.enerjigazetesi.ist\/en\/wp-json\/wp\/v2\/posts\/85882"}],"collection":[{"href":"https:\/\/www.enerjigazetesi.ist\/en\/wp-json\/wp\/v2\/posts"}],"about":[{"href":"https:\/\/www.enerjigazetesi.ist\/en\/wp-json\/wp\/v2\/types\/post"}],"author":[{"embeddable":true,"href":"https:\/\/www.enerjigazetesi.ist\/en\/wp-json\/wp\/v2\/users\/1"}],"replies":[{"embeddable":true,"href":"https:\/\/www.enerjigazetesi.ist\/en\/wp-json\/wp\/v2\/comments?post=85882"}],"version-history":[{"count":0,"href":"https:\/\/www.enerjigazetesi.ist\/en\/wp-json\/wp\/v2\/posts\/85882\/revisions"}],"wp:featuredmedia":[{"embeddable":true,"href":"https:\/\/www.enerjigazetesi.ist\/en\/wp-json\/wp\/v2\/media\/85884"}],"wp:attachment":[{"href":"https:\/\/www.enerjigazetesi.ist\/en\/wp-json\/wp\/v2\/media?parent=85882"}],"wp:term":[{"taxonomy":"category","embeddable":true,"href":"https:\/\/www.enerjigazetesi.ist\/en\/wp-json\/wp\/v2\/categories?post=85882"},{"taxonomy":"post_tag","embeddable":true,"href":"https:\/\/www.enerjigazetesi.ist\/en\/wp-json\/wp\/v2\/tags?post=85882"}],"curies":[{"name":"wp","href":"https:\/\/api.w.org\/{rel}","templated":true}]}}