{"id":85792,"date":"2019-01-19T22:07:22","date_gmt":"2019-01-19T19:07:22","guid":{"rendered":"https:\/\/www.enerjigazetesi.ist\/?p=85792"},"modified":"2019-01-19T22:08:49","modified_gmt":"2019-01-19T19:08:49","slug":"cocuklar-enerji-dedektifi-olma-yolunda-ilerliyor","status":"publish","type":"post","link":"https:\/\/www.enerjigazetesi.ist\/en\/cocuklar-enerji-dedektifi-olma-yolunda-ilerliyor\/","title":{"rendered":"(Turkish) \u00c7ocuklar Enerji Dedektifi Olma Yolunda \u0130lerliyor&#8230;"},"content":{"rendered":"<p class=\"qtranxs-available-languages-message qtranxs-available-languages-message-en\">Sorry, this entry is only available in <a href=\"https:\/\/www.enerjigazetesi.ist\/tr\/wp-json\/wp\/v2\/posts\/85792\" class=\"qtranxs-available-language-link qtranxs-available-language-link-tr\" title=\"Turkish\">Turkish<\/a>. For the sake of viewer convenience, the content is shown below in the alternative language. You may click the link to switch the active language.<\/p><p><\/p>\n<h1>Enerji ve Tabii Kaynaklar Bakan\u0131 Fatih D\u00f6nmez taraf\u0131ndan bu y\u0131l ikinci say\u0131s\u0131n\u0131n haz\u0131rland\u0131\u011f\u0131 \u201cAli\u2019nin Enerji Ser\u00fcveni\u201d dergisi ile \u00e7ocuklar\u0131n enerji konusunda bilin\u00e7lendirilmesinin ama\u00e7land\u0131\u011f\u0131 belirtilerek, &#8220;\u00c7ocuklar\u0131m\u0131z\u0131n bir enerji dedektifi olmas\u0131n\u0131 arzu etmekteyiz. Yeri geldi\u011finde b\u00fcy\u00fcklerini evde uyarabilsin, sosyal ortamlarda bu konular\u0131 denetleyebilsin diye. \u00c7ocukken bu bilincin ba\u015flamas\u0131 son derece \u00f6nemlidir&#8221; ifadelerini kulland\u0131.<\/h1>\n<p><img loading=\"lazy\" class=\"alignleft size-medium wp-image-85794\" src=\"https:\/\/www.enerjigazetesi.ist\/wp-content\/uploads\/2019\/01\/cocuklar-enerji-dedektifi-olma-yolunda-ilerliyor-300x168.jpeg\" alt=\"\" width=\"300\" height=\"168\" srcset=\"https:\/\/www.enerjigazetesi.ist\/wp-content\/uploads\/2019\/01\/cocuklar-enerji-dedektifi-olma-yolunda-ilerliyor-300x168.jpeg 300w, https:\/\/www.enerjigazetesi.ist\/wp-content\/uploads\/2019\/01\/cocuklar-enerji-dedektifi-olma-yolunda-ilerliyor-500x281.jpeg 500w, https:\/\/www.enerjigazetesi.ist\/wp-content\/uploads\/2019\/01\/cocuklar-enerji-dedektifi-olma-yolunda-ilerliyor-80x45.jpeg 80w, https:\/\/www.enerjigazetesi.ist\/wp-content\/uploads\/2019\/01\/cocuklar-enerji-dedektifi-olma-yolunda-ilerliyor.jpeg 606w\" sizes=\"(max-width: 300px) 100vw, 300px\" \/>D\u00f6nmez, \u00dcsk\u00fcdar 4. Murat \u0130lkokulu\u2019nda 4. s\u0131n\u0131f \u00f6\u011frencilerine y\u00f6nelik yap\u0131lan, \u201c2018-2019 E\u011fitim \u00d6\u011fretim Birinci Yar\u0131 Y\u0131l Karne ve Ali\u2019nin Enerji Ser\u00fcveni Dergisi Da\u011f\u0131t\u0131m T\u00f6reni\u201dne kat\u0131l\u0131m sa\u011flad\u0131.<\/p>\n<div id=\"_MiddleLeft1\" class=\"colA\">\n<div class=\"content\">\n<div id=\"articleBody\">\n<p>D\u00f6nmez, \u00f6\u011frencilere enerji kaynaklar\u0131, bu kaynaklar\u0131n nas\u0131l kullan\u0131lmas\u0131 gerekti\u011fi ve enerji verimlili\u011fi gibi konularda k\u0131sa bilgiler verdi. D\u00f6nmez, \u015fu a\u00e7\u0131klamalarda bulundu:<\/p>\n<p>\u201cElektrik, gaz var ama en b\u00fcy\u00fck enerji kayna\u011f\u0131m\u0131z g\u00fcne\u015ftir. Bu dergide enerji kaynaklar\u0131m\u0131z\u0131 tan\u0131yaca\u011f\u0131z. Bir \u015feyin daha alt\u0131n\u0131 \u00e7izmek istiyorum, bu kaynaklar\u0131 verimli kullanaca\u011f\u0131z. Okullar\u0131m\u0131zda, evlerimizde daha az enerji harcayan cihazlar\u0131 tercih etmemiz laz\u0131m. Dergide birtak\u0131m k\u00fc\u00e7\u00fck testler de var. Hikaye ilerledik\u00e7e testler oluyor ve \u00e7ocuklar\u0131m\u0131z\u0131n bir enerji dedektifi olmas\u0131n\u0131 arzu etmekteyiz. Yeri geldi\u011finde b\u00fcy\u00fcklerini evde uyarabilsin, sosyal ortamlarda bu konular\u0131 \u00a0denetleyebilsin diye. \u00c7ocukken bu bilincin ba\u015flamas\u0131 son derece \u00f6nemli.\u201d<\/p>\n<\/div>\n<\/div>\n<\/div>\n<p><\/p>","protected":false},"excerpt":{"rendered":"<p>Sorry, this entry is only available in Turkish. For the sake of viewer convenience, the content is shown below in the alternative language. You may click the link to switch the active language. Enerji ve Tabii Kaynaklar Bakan\u0131 Fatih D\u00f6nmez taraf\u0131ndan bu y\u0131l ikinci say\u0131s\u0131n\u0131n haz\u0131rland\u0131\u011f\u0131 \u201cAli\u2019nin Enerji Ser\u00fcveni\u201d dergisi ile \u00e7ocuklar\u0131n enerji konusunda bilin\u00e7lendirilmesinin [&hellip;]<\/p>\n","protected":false},"author":1,"featured_media":85794,"comment_status":"open","ping_status":"open","sticky":false,"template":"","format":"standard","meta":[],"categories":[53,52],"tags":[44997,44999,67,1009,35423,1389,26559,27530,44998,44996,793],"views":932,"_links":{"self":[{"href":"https:\/\/www.enerjigazetesi.ist\/en\/wp-json\/wp\/v2\/posts\/85792"}],"collection":[{"href":"https:\/\/www.enerjigazetesi.ist\/en\/wp-json\/wp\/v2\/posts"}],"about":[{"href":"https:\/\/www.enerjigazetesi.ist\/en\/wp-json\/wp\/v2\/types\/post"}],"author":[{"embeddable":true,"href":"https:\/\/www.enerjigazetesi.ist\/en\/wp-json\/wp\/v2\/users\/1"}],"replies":[{"embeddable":true,"href":"https:\/\/www.enerjigazetesi.ist\/en\/wp-json\/wp\/v2\/comments?post=85792"}],"version-history":[{"count":0,"href":"https:\/\/www.enerjigazetesi.ist\/en\/wp-json\/wp\/v2\/posts\/85792\/revisions"}],"wp:featuredmedia":[{"embeddable":true,"href":"https:\/\/www.enerjigazetesi.ist\/en\/wp-json\/wp\/v2\/media\/85794"}],"wp:attachment":[{"href":"https:\/\/www.enerjigazetesi.ist\/en\/wp-json\/wp\/v2\/media?parent=85792"}],"wp:term":[{"taxonomy":"category","embeddable":true,"href":"https:\/\/www.enerjigazetesi.ist\/en\/wp-json\/wp\/v2\/categories?post=85792"},{"taxonomy":"post_tag","embeddable":true,"href":"https:\/\/www.enerjigazetesi.ist\/en\/wp-json\/wp\/v2\/tags?post=85792"}],"curies":[{"name":"wp","href":"https:\/\/api.w.org\/{rel}","templated":true}]}}