{"id":85699,"date":"2019-01-18T16:24:54","date_gmt":"2019-01-18T13:24:54","guid":{"rendered":"https:\/\/www.enerjigazetesi.ist\/?p=85699"},"modified":"2019-01-18T16:26:35","modified_gmt":"2019-01-18T13:26:35","slug":"guvenlik-is-guvenligi-yangin-akilli-bina-ve-siber-guvenlik-sektoru-isaf-2019da","status":"publish","type":"post","link":"https:\/\/www.enerjigazetesi.ist\/en\/guvenlik-is-guvenligi-yangin-akilli-bina-ve-siber-guvenlik-sektoru-isaf-2019da\/","title":{"rendered":"(Turkish) G\u00fcvenlik, \u0130\u015f G\u00fcvenli\u011fi, Yang\u0131n, Ak\u0131ll\u0131 Bina ve Siber G\u00fcvenlik &#8216;ISAF 2019&#8217;da!"},"content":{"rendered":"<p class=\"qtranxs-available-languages-message qtranxs-available-languages-message-en\">Sorry, this entry is only available in <a href=\"https:\/\/www.enerjigazetesi.ist\/tr\/wp-json\/wp\/v2\/posts\/85699\" class=\"qtranxs-available-language-link qtranxs-available-language-link-tr\" title=\"Turkish\">Turkish<\/a>. For the sake of viewer convenience, the content is shown below in the alternative language. You may click the link to switch the active language.<\/p><p><\/p>\n<h1>G\u00fcvenlik, \u0130\u015f G\u00fcvenli\u011fi, Yang\u0131n, Ak\u0131ll\u0131 Bina ve Siber G\u00fcvenlik sekt\u00f6rlerinin t\u00fcm y\u0131l heyecanla bekledi\u011fi bulu\u015fma noktas\u0131 olan ISAF, 20. y\u0131l\u0131nda 17-20 Ekim 2019\u2019da \u0130stanbul Fuar Merkezi\u2019nde ger\u00e7ekle\u015fecek!<\/h1>\n<p>ISAF; G\u00fcvenlik, Bili\u015fim G\u00fcvenli\u011fi, Ak\u0131ll\u0131 Bina, \u0130\u015f Sa\u011fl\u0131\u011f\u0131 G\u00fcvenli\u011fi, Yang\u0131n ve Arama-Kurtarma sekt\u00f6rlerinin Avrasya\u2019n\u0131n merkezinde ger\u00e7ekle\u015fen en b\u00fcy\u00fck etkinli\u011fi oldu\u011funu 2018 y\u0131l\u0131nda b\u00fcy\u00fcme ile ortaya koydu. 2018 y\u0131l\u0131nda profesyonel ziyaret\u00e7i oran\u0131nda \u00f6nemli bir art\u0131\u015f ya\u015fanan ISAF\u2019ta, bu kalite art\u0131\u015f\u0131 fuar esnas\u0131nda ve fuar sonras\u0131nda t\u00fcm kat\u0131l\u0131mc\u0131lar\u0131n dile getirdi\u011fi memnuniyet yorumlar\u0131 ile teyit edildi. ISAF ziyaret\u00e7ileriyle yap\u0131lan anketlerde, ziyaret\u00e7ilerin fuardan memnuniyet oranlar\u0131n\u0131n %94 ve <img loading=\"lazy\" class=\"alignleft size-medium wp-image-85701\" src=\"https:\/\/www.enerjigazetesi.ist\/wp-content\/uploads\/2019\/01\/guvenlik-is-guvenligi-yangin-akilli-bina-ve-siber-guvenlik-sektoru-isaf-2019da-300x150.jpg\" alt=\"\" width=\"300\" height=\"150\" srcset=\"https:\/\/www.enerjigazetesi.ist\/wp-content\/uploads\/2019\/01\/guvenlik-is-guvenligi-yangin-akilli-bina-ve-siber-guvenlik-sektoru-isaf-2019da-300x150.jpg 300w, https:\/\/www.enerjigazetesi.ist\/wp-content\/uploads\/2019\/01\/guvenlik-is-guvenligi-yangin-akilli-bina-ve-siber-guvenlik-sektoru-isaf-2019da-500x250.jpg 500w, https:\/\/www.enerjigazetesi.ist\/wp-content\/uploads\/2019\/01\/guvenlik-is-guvenligi-yangin-akilli-bina-ve-siber-guvenlik-sektoru-isaf-2019da-80x40.jpg 80w, https:\/\/www.enerjigazetesi.ist\/wp-content\/uploads\/2019\/01\/guvenlik-is-guvenligi-yangin-akilli-bina-ve-siber-guvenlik-sektoru-isaf-2019da.jpg 660w\" sizes=\"(max-width: 300px) 100vw, 300px\" \/>\u00fczerinde oldu\u011fu tespit edildi.<\/p>\n<p>2018 y\u0131l\u0131nda ISAF, 16.352 yerli ziyaret\u00e7i taraf\u0131ndan takip edildi. 81 ilin 77\u2019sinden gelen bu ziyaret\u00e7ilerin \u00f6nemli bir k\u0131sm\u0131n\u0131 sekt\u00f6r firmalar\u0131 olu\u015fturdu. \u00dclkenin her yerinden fuar\u0131 ziyaret eden yerli ziyaret\u00e7iler fuarda yeni i\u015f ba\u011flant\u0131lar\u0131 kurmalar\u0131n\u0131n yan\u0131 s\u0131ra, \u00e7al\u0131\u015ft\u0131klar\u0131 firmalar\u0131n yeni teknolojilerini incelediler ve \u00f6nemli sat\u0131n almalar ger\u00e7ekle\u015ftirdiler. Kapsad\u0131\u011f\u0131 sekt\u00f6rlerde d\u00fcnyan\u0131n her k\u00f6\u015fesinde sekt\u00f6r firmalar\u0131 taraf\u0131ndan bilinen fuarlar\u0131n aras\u0131nda yer alan ISAF, bu \u00f6zelli\u011fini sekt\u00f6r \u00fcr\u00fcnlerinin kullan\u0131c\u0131s\u0131 olan kesimlerle de peki\u015ftiriyor. Al\u0131c\u0131\/kullan\u0131c\u0131 konumunda olan \u00fclkelerden ISAF\u2019\u0131 ziyaret eden yurt d\u0131\u015f\u0131 profesyonel ziyaret\u00e7isi her y\u0131l mutlaka art\u0131\u015f g\u00f6steriyor.<\/p>\n<p>ISAF\u2019ta art\u0131k gelenekselle\u015fen Yurt D\u0131\u015f\u0131 Al\u0131m Heyetleri organizasyonu 2018 y\u0131l\u0131nda da devam etti. Tamam\u0131n\u0131n ula\u015f\u0131m ve konaklamas\u0131n\u0131n fuar organizasyonu taraf\u0131ndan kar\u015f\u0131land\u0131\u011f\u0131 278 ayr\u0131 firmadan\/kurumdan ziyaret\u00e7i ISAF\u2019ta \u00f6nemli i\u015f g\u00f6r\u00fc\u015fmeleri yap\u0131ld\u0131. Yurt d\u0131\u015f\u0131 al\u0131m heyetleri ile yap\u0131lan anketlerde, heyetin tamam\u0131na yak\u0131n\u0131 i\u015f ba\u011flant\u0131s\u0131 ve al\u0131m yapt\u0131klar\u0131n\u0131 belirterek, gelecek y\u0131llarda ISAF\u2019\u0131 mutlaka ziyaret edeceklerini ve \u00fclkelerinde tan\u0131tacaklar\u0131n\u0131 dile getirdiler.<\/p>\n<p>Ge\u00e7mi\u015f y\u0131llardan farkl\u0131 olarak ISAF 2018\u2019de televizyon reklamlar\u0131 ile tan\u0131t\u0131m yap\u0131ld\u0131. ISAF hedef kitlesi taraf\u0131ndan en fazla takip edilen tematik kanallar ve i\u015f kanallar\u0131nda yap\u0131lan reklamlar\u0131 ISAF\u2019\u0131n bilinirli\u011fine \u00f6nemli katk\u0131 sa\u011flad\u0131. Fuar \u00f6ncesinde, esnas\u0131nda ve sonras\u0131nda gerek ziyaret\u00e7iler ve gerek fuar\u0131 ziyaret etmeyen ancak bilen kesimlerden gelen olumlu tepkiler, televizyon reklamlar\u0131n\u0131n olduk\u00e7a verimli oldu\u011funu ve fuara \u00f6nemli katk\u0131lar sa\u011flad\u0131\u011f\u0131n\u0131 da g\u00f6sterdi. ISAF\u2019\u0131n televizyon reklamlar\u0131 6 \u00f6nemli kanalda 167 spot olacak \u015fekilde ger\u00e7ekle\u015fti.<\/p>\n<p>ISAF\u2019\u0131n d\u00fczenlendi\u011fi ilk y\u0131ldan itibaren her y\u0131l yap\u0131lan radyo reklamlar\u0131 2018\u2019de de geleneksel \u015fekilde devam etti. 20 y\u0131ll\u0131k tecr\u00fcbeye dayanarak ve profesyonel ajans ile yap\u0131lan \u00e7al\u0131\u015fma neticesinde belirlenen radyo kanallar\u0131 a\u011f\u0131rl\u0131kl\u0131 olarak ISAF hedef ziyaret\u00e7ilerinin takip etti\u011fi kanallar\u0131 kapsayacak \u015fekilde tespit edildi. 8 \u00f6nemli radyo kanal\u0131nda ger\u00e7ekle\u015fen radyo reklamlar\u0131 toplamda 248 spot olarak ger\u00e7ekle\u015fti. ISAF\u2019\u0131n kapsad\u0131\u011f\u0131 sekt\u00f6rler ile alakal\u0131 yay\u0131nlar, STK\u2019lar ve kamu kurumlar\u0131 ile yap\u0131lan i\u015fbirlikleri neticesinde ISAF\u2019\u0131n her kesim taraf\u0131ndan takip edilmesi sa\u011fland\u0131.<\/p>\n<p>G\u00fcvenlik alan\u0131nda tart\u0131\u015fmas\u0131z olarak sekt\u00f6r\u00fc tam anlam\u0131 ile temsil eden ISAF, 2019 y\u0131l\u0131nda bu \u00f6zelli\u011fini peki\u015ftirmeye haz\u0131rlan\u0131rken, ayn\u0131 zamanda di\u011fer alt ba\u015fl\u0131klarda \u00e7ok \u00f6nemli b\u00fcy\u00fcmeler ger\u00e7ekle\u015ftirme hedefi ile planlan\u0131yor. Sekt\u00f6r\u00fcn her payda\u015f\u0131n\u0131 tek bir alanda bir araya getirmek amac\u0131yla, bu sekt\u00f6rlerdeki kurumlar, dernekler, odalar ve firmalar ile yo\u011fun g\u00f6r\u00fc\u015fmeler devam ediyor. Bu geli\u015fmeler ile ISAF 2019, \u00e7ok fazla say\u0131da yeni ve farkl\u0131 kat\u0131l\u0131mc\u0131n\u0131n \u00fcr\u00fcnlerini, \u00e7\u00f6z\u00fcmlerini ve hizmetlerini sergiledi\u011fi ve farkl\u0131 ziyaret\u00e7i kesimlerinin takip etti\u011fi bir fuar olacakt\u0131r.<\/p>\n<p>Avrasya\u2019n\u0131n en b\u00fcy\u00fck sekt\u00f6rel etkinli\u011fi olan ISAF, kap\u0131lar\u0131n\u0131 sekt\u00f6r \u00f6nc\u00fclerine 17-20 Ekim tarihlerinde 23. kez a\u00e7maya haz\u0131rlan\u0131yor. Her y\u0131l d\u00fczenli b\u00fcy\u00fcme oran\u0131yla 20.000m2\u2019nin \u00fczerine ula\u015fan etkinlik, bu y\u0131l 18.000 ziyaret\u00e7iyi a\u011f\u0131rlayacak.<\/p>\n<p>&#8211; SECURITY<\/p>\n<p>&#8211; IT SECURITY<\/p>\n<p>&#8211; SMART HOME<\/p>\n<p>&#8211; SAFETY&amp;HEALTH<\/p>\n<p>&#8211; FIRE&amp;RESCUE<\/p>\n<p>fuarlar\u0131n\u0131 \u00e7at\u0131s\u0131 alt\u0131nda toplayan <span style=\"text-decoration: underline;\">ISAF,<\/span><\/p>\n<p>20 y\u0131ld\u0131r \u0130stanbul\u2019u Avrasya b\u00f6lgesinin g\u00fcvenlik ve emniyet sekt\u00f6rlerinin ticari merkezi haline getirdi. Yapt\u0131\u011f\u0131 yurt d\u0131\u015f\u0131 al\u0131m heyeti ve yurt d\u0131\u015f\u0131 ziyaret\u00e7i organizasyonu \u00e7al\u0131\u015fmalar\u0131 ile ISAF, 2019\u2019da fark yaratmaya haz\u0131rlan\u0131yor.<\/p>","protected":false},"excerpt":{"rendered":"<p>Sorry, this entry is only available in Turkish. For the sake of viewer convenience, the content is shown below in the alternative language. You may click the link to switch the active language. G\u00fcvenlik, \u0130\u015f G\u00fcvenli\u011fi, Yang\u0131n, Ak\u0131ll\u0131 Bina ve Siber G\u00fcvenlik sekt\u00f6rlerinin t\u00fcm y\u0131l heyecanla bekledi\u011fi bulu\u015fma noktas\u0131 olan ISAF, 20. y\u0131l\u0131nda 17-20 Ekim [&hellip;]<\/p>\n","protected":false},"author":1,"featured_media":85701,"comment_status":"open","ping_status":"open","sticky":false,"template":"","format":"standard","meta":[],"categories":[53,4,157],"tags":[2638,67,1009,44947,3266,17299,44942,3671,44944,44946,44943,16303,44945,17943],"views":1371,"_links":{"self":[{"href":"https:\/\/www.enerjigazetesi.ist\/en\/wp-json\/wp\/v2\/posts\/85699"}],"collection":[{"href":"https:\/\/www.enerjigazetesi.ist\/en\/wp-json\/wp\/v2\/posts"}],"about":[{"href":"https:\/\/www.enerjigazetesi.ist\/en\/wp-json\/wp\/v2\/types\/post"}],"author":[{"embeddable":true,"href":"https:\/\/www.enerjigazetesi.ist\/en\/wp-json\/wp\/v2\/users\/1"}],"replies":[{"embeddable":true,"href":"https:\/\/www.enerjigazetesi.ist\/en\/wp-json\/wp\/v2\/comments?post=85699"}],"version-history":[{"count":0,"href":"https:\/\/www.enerjigazetesi.ist\/en\/wp-json\/wp\/v2\/posts\/85699\/revisions"}],"wp:featuredmedia":[{"embeddable":true,"href":"https:\/\/www.enerjigazetesi.ist\/en\/wp-json\/wp\/v2\/media\/85701"}],"wp:attachment":[{"href":"https:\/\/www.enerjigazetesi.ist\/en\/wp-json\/wp\/v2\/media?parent=85699"}],"wp:term":[{"taxonomy":"category","embeddable":true,"href":"https:\/\/www.enerjigazetesi.ist\/en\/wp-json\/wp\/v2\/categories?post=85699"},{"taxonomy":"post_tag","embeddable":true,"href":"https:\/\/www.enerjigazetesi.ist\/en\/wp-json\/wp\/v2\/tags?post=85699"}],"curies":[{"name":"wp","href":"https:\/\/api.w.org\/{rel}","templated":true}]}}