{"id":85669,"date":"2019-01-17T23:11:54","date_gmt":"2019-01-17T20:11:54","guid":{"rendered":"https:\/\/www.enerjigazetesi.ist\/?p=85669"},"modified":"2019-01-17T23:13:04","modified_gmt":"2019-01-17T20:13:04","slug":"iklim-degisikligi-ve-hava-kirliliginde-karbonsuz-enerji-cozumu-hidrojen","status":"publish","type":"post","link":"https:\/\/www.enerjigazetesi.ist\/en\/iklim-degisikligi-ve-hava-kirliliginde-karbonsuz-enerji-cozumu-hidrojen\/","title":{"rendered":"(Turkish) \u0130klim De\u011fi\u015fikli\u011fi ve Hava Kirlili\u011fi&#8217;nde Karbonsuz Enerji \u00c7\u00f6z\u00fcm\u00fc: &#8216;Hidrojen'"},"content":{"rendered":"<p class=\"qtranxs-available-languages-message qtranxs-available-languages-message-en\">Sorry, this entry is only available in <a href=\"https:\/\/www.enerjigazetesi.ist\/tr\/wp-json\/wp\/v2\/posts\/85669\" class=\"qtranxs-available-language-link qtranxs-available-language-link-tr\" title=\"Turkish\">Turkish<\/a>. For the sake of viewer convenience, the content is shown below in the alternative language. You may click the link to switch the active language.<\/p><p><\/p>\n<h1>Tarihsel olarak insano\u011flunun enerji kullan\u0131m\u0131n\u0131 inceleyecek olursak odun ile ba\u015flayan, end\u00fcstri devrimi ile birlikte k\u00f6m\u00fcr ve sonras\u0131nda petrol ve \u00fcr\u00fcnleriyle, sonras\u0131nda ise do\u011fal gaz ile devam etmekte olan grafikte karbon i\u00e7eri\u011finin azald\u0131\u011f\u0131n\u0131 g\u00f6rmekteyiz. Enerji ihtiya\u00e7lar\u0131n\u0131 gidermede ve \u00e7evreye verilen olumsuz etkileri azaltmada art\u0131k karbonsuz enerji \u00e7\u00f6z\u00fcmlerine ihtiya\u00e7 vard\u0131r ve de bunun \u201chidrojen\u201d siz yap\u0131lmas\u0131 m\u00fcmk\u00fcn de\u011fildir.<\/h1>\n<p>\u00c7a\u011f\u0131n\u0131n \u00e7ok \u00f6tesinde \u00f6ng\u00f6r\u00fclerde bulunan \u00fcnl\u00fc bilimkurgu yazar\u0131 Jules Verne 1874 y\u0131l\u0131nda su kaynakl\u0131 enerji \u00fcretimi hakk\u0131nda g\u00f6r\u00fc\u015f\u00fcn\u00fc \u015fu \u015fekilde belirtmi\u015ftir:<\/p>\n<p><em>\u201c Hidrojen ve Oksijen\u2019den meydana gelen su gelecekte yak\u0131t olarak kullan\u0131lacakt\u0131r. \u201d Esrarengiz Ada, Jules Verne, 1874<\/em><\/p>\n<p>G\u00fcn\u00fcm\u00fczde artan n\u00fcfus, geni\u015fleyen ya\u015fam alanlar\u0131 ve geli\u015fen teknoloji ile birlikte enerji talebi y\u0131llar <img loading=\"lazy\" class=\"alignright size-medium wp-image-85671\" src=\"https:\/\/www.enerjigazetesi.ist\/wp-content\/uploads\/2019\/01\/iklim-degisikligi-ve-hava-kirliliginde-karbonsuz-enerji-cozumu-hidrojen-300x236.jpg\" alt=\"\" width=\"300\" height=\"236\" srcset=\"https:\/\/www.enerjigazetesi.ist\/wp-content\/uploads\/2019\/01\/iklim-degisikligi-ve-hava-kirliliginde-karbonsuz-enerji-cozumu-hidrojen-300x236.jpg 300w, https:\/\/www.enerjigazetesi.ist\/wp-content\/uploads\/2019\/01\/iklim-degisikligi-ve-hava-kirliliginde-karbonsuz-enerji-cozumu-hidrojen-500x393.jpg 500w, https:\/\/www.enerjigazetesi.ist\/wp-content\/uploads\/2019\/01\/iklim-degisikligi-ve-hava-kirliliginde-karbonsuz-enerji-cozumu-hidrojen-64x50.jpg 64w, https:\/\/www.enerjigazetesi.ist\/wp-content\/uploads\/2019\/01\/iklim-degisikligi-ve-hava-kirliliginde-karbonsuz-enerji-cozumu-hidrojen.jpg 758w\" sizes=\"(max-width: 300px) 100vw, 300px\" \/>i\u00e7erisinde artmaktad\u0131r. Y\u00fcz y\u0131l\u0131 a\u015fk\u0131n s\u00fcredir insano\u011flunun birincil enerji \u00fcretim kayna\u011f\u0131 olarak kullan\u0131lan fosil kaynakl\u0131 g\u00fc\u00e7 \u00fcretim y\u00f6ntemlerinin sebep oldu\u011fu k\u00fcresel \u0131s\u0131nma etkisi ile birlikte hava, su ve toprak kirlili\u011fi gibi olumsuz \u00e7evresel etkiler art\u0131k insano\u011flu taraf\u0131ndan \u00e7ok ciddi bir \u015fekilde hissedilir boyutlara ula\u015fm\u0131\u015ft\u0131r. Do\u011faya kar\u015f\u0131 verilen bu olumsuz etkileri geri d\u00f6nd\u00fcrerek D\u00fcnyam\u0131z\u0131n daha ya\u015fan\u0131labilir bir hale getirilmesi amac\u0131yla alternatif enerji \u00fcretim teknolojilerine ilgi artmaktad\u0131r. S\u00fcrd\u00fcr\u00fclebilir bir gelecek i\u00e7in karbon sal\u0131m\u0131na yol a\u00e7mayan, \u00e7evre dostu, yak\u0131t tasarruflu ve y\u00fcksek enerji d\u00f6n\u00fc\u015f\u00fcm verimlili\u011fine sahip g\u00fc\u00e7 \u00fcretim \u00e7\u00f6z\u00fcmlerinin olu\u015fturulmas\u0131 gerekmektedir. Bu ba\u011flamda, g\u00fcne\u015f ve r\u00fczg\u00e2r gibi yenilenebilir enerji kaynaklar\u0131 kaynaklar\u0131n\u0131n s\u00fcreklili\u011finin sa\u011flanmas\u0131nda hidrojen gibi \u00e7evre dostu yak\u0131tlar\u0131n kullan\u0131m\u0131 \u00f6ne \u00e7\u0131kmaktad\u0131r. Yenilebilir kaynaklarla hidrojenin \u00fcretilmesi, g\u00fcvenli bir \u015fekilde depolanmas\u0131 ve y\u00fcksek verimli yak\u0131t pillerinde elektrik enerjisine d\u00f6n\u00fc\u015ft\u00fcr\u00fclmesi \u00fczerine yap\u0131lan bilimsel ara\u015ft\u0131rmalar ve \u00fcr\u00fcn tasar\u0131mlar\u0131 \u00f6zellikle son y\u0131llarda t\u00fcm D\u00fcnya\u2019da ivme kazanm\u0131\u015ft\u0131r. Hidrojen destekli g\u00fc\u00e7 \u00fcretim teknolojilerinin kullan\u0131m\u0131 \u00f6zellikle ula\u015f\u0131m, ta\u015f\u0131nabilir ve sabit g\u00fc\u00e7 sistemleri ba\u015fta olmak \u00fczere bireysel ve yayg\u0131n g\u00fc\u00e7 gereksinimi olan \u00e7e\u015fitli alanlarda yayg\u0131nla\u015fmaya ba\u015flam\u0131\u015f ve bu konudaki AR-GE faaliyetleri yo\u011fun bir \u015fekilde devam etmektedir.<\/p>\n<p>D\u00fcnya Hidrojen Enerji Kongresi (World Hydrogen Energy Conference \u2013 WHEC) uluslararas\u0131 boyutta hidrojen enerjisi alan\u0131nda bilinen en prestijli konferanst\u0131r. Konferans\u0131n organizasyonu Uluslararas\u0131 Hidrojen Enerjisi Ajans\u0131 (International Association for Hydrogen Energy &#8211; IAHE) taraf\u0131ndan ger\u00e7ekle\u015ftirilmektedir. IAHE 1974 y\u0131l\u0131nda Prof. Dr. T. Nejat Veziro\u011flu ba\u015fkanl\u0131\u011f\u0131nda \u201cHidrojen Romantikleri\u201d olarak bilinen bir grup ara\u015ft\u0131rmac\u0131 taraf\u0131ndan kurulmu\u015ftur. 18-20 Mart 1974 tarihleri aras\u0131nda Miami\u2019de d\u00fczenlenen ilk tematik hidrojen enerjisi konferans\u0131yla \u201chidrojen enerjisi\u201d ve \u201chidrojen ekonomisi\u201d gibi g\u00fcn\u00fcm\u00fczde yayg\u0131n olarak kabul g\u00f6ren terimler olu\u015fturulmu\u015ftur. Bu nedenle 18 Mart g\u00fcn\u00fc Uluslararas\u0131 Hidrojen Enerjisi Ajans\u0131 taraf\u0131ndan \u201cD\u00fcnya Hidrojen G\u00fcn\u00fc\u201d olarak ilan edilmi\u015ftir. Bu konferanstan sonra, 1976 y\u0131l\u0131nda Miami, Florida\u2019da ilk WHEC ger\u00e7ekle\u015ftirilmi\u015ftir ve iki senede bir d\u00fczenli olarak D\u00fcnya\u2019n\u0131n \u00e7e\u015fitli yerlerinde d\u00fczenlenmeye devam etmektedir. G\u00fcn\u00fcm\u00fcz enerji sorunlar\u0131n\u0131n \u00e7evreye zarar vermeden \u00e7\u00f6z\u00fclebilmesi ancak ve ancak karbonsuz yakla\u015f\u0131mlar ile m\u00fcmk\u00fcn olabilir. Bu ba\u011flamda WHEC konferanslar\u0131 uluslararas\u0131 arenada \u00e7ok y\u00f6nl\u00fc karbonsuz yenilik\u00e7i hidrojen enerji sistemlerinin geli\u015ftirilmesi ve d\u00fcnyada yay\u0131lmas\u0131 konusunda son derece \u00f6nemli rol oynamaktad\u0131r.<\/p>\n<p>D\u00fcnya Hidrojen Enerji Kongresi <strong>5-9 Temmuz 2020<\/strong> tarihleri aras\u0131nda \u0130stanbul\u2019da ger\u00e7ekle\u015ftirilecektir. \u201c23. D\u00fcnya Hidrojen Enerji Kongresi\u201d Ulusal Hidrojen Teknolojileri Derne\u011fi taraf\u0131ndan organize edilecektir. Dernek Ba\u015fkan\u0131 ve de Uluslararas\u0131 Hidrojen Enerjisi Ajans\u0131 Ba\u015fkan Yard\u0131mc\u0131s\u0131 olan Prof. Dr. \u0130brahim Din\u00e7er, Konferans ba\u015fkan\u0131 sorumlulu\u011funu \u00fczerine alarak organizasyon komitesi ile birlikte \u00fcniversiteler, kamu kurumlar\u0131 ve hidrojen enerjisi alan\u0131nda faaliyet g\u00f6steren uluslararas\u0131 boyutlu firmalar ba\u015fta olmak \u00fczere t\u00fcm payda\u015flarla bu etkinli\u011fin \u015fu ana kadar d\u00fczenlenen en ba\u015far\u0131l\u0131 etkinliklerden olmas\u0131 i\u00e7in gerekeni yapmaktad\u0131r. <strong>WHEC-2020<\/strong> \u00fclkemizde hidrojen enerjisi alan\u0131nda d\u00fczenlenecek en geni\u015f kapsaml\u0131 kongre olma \u00f6zelli\u011fine sahiptir.<\/p>\n<p>Profes\u00f6r Din\u00e7er, enerji verimlili\u011fi, yeni nesil g\u00fc\u00e7 \u00fcretim teknolojileri ve hidrojen uygulamalar\u0131 konular\u0131nda uluslararas\u0131 d\u00fczeyde sayg\u0131n bir bilim insan\u0131d\u0131r. <strong>WHEC-2020<\/strong>\u2019ye akademi, sanayi ve devlet kurumlar\u0131ndan hedef olarak 5000 kadar bir kat\u0131l\u0131mc\u0131n\u0131n i\u015ftirak etmesi beklenmektedir. G\u00fcn\u00fcm\u00fczdeki enerji ve \u00e7evre konular\u0131n\u0131n \u00e7\u00f6z\u00fcm\u00fcnde yak\u0131n gelecekte \u00e7ok \u00f6nemli yere sahip olaca\u011f\u0131 d\u00fc\u015f\u00fcn\u00fclen hidrojen enerji teknolojileri konusunda bilgi al\u0131\u015fveri\u015finin olaca\u011f\u0131, hidrojen \u00fcretim, depolama, da\u011f\u0131t\u0131m, kullan\u0131m ve strateji konular\u0131ndaki son geli\u015fmelerin tart\u0131\u015f\u0131laca\u011f\u0131 5 g\u00fcnl\u00fck bu konferansta ayr\u0131ca hidrojen ve yak\u0131t pili alan\u0131nda faaliyet g\u00f6steren yurti\u00e7i ve yurtd\u0131\u015f\u0131 firmalar \u00fcr\u00fcnlerini sergileme imk\u00e2n\u0131 bulacakt\u0131r.<\/p>\n<p><strong>WHEC 2020<\/strong>\u2019yle ilgili detayl\u0131 bilgi <a href=\"http:\/\/www.whec2020.org\" target=\"_blank\" rel=\"noopener\">www.whec2020.org<\/a> adresinden ula\u015f\u0131labilmektedir.<\/p>","protected":false},"excerpt":{"rendered":"<p>Sorry, this entry is only available in Turkish. For the sake of viewer convenience, the content is shown below in the alternative language. You may click the link to switch the active language. Tarihsel olarak insano\u011flunun enerji kullan\u0131m\u0131n\u0131 inceleyecek olursak odun ile ba\u015flayan, end\u00fcstri devrimi ile birlikte k\u00f6m\u00fcr ve sonras\u0131nda petrol ve \u00fcr\u00fcnleriyle, sonras\u0131nda ise [&hellip;]<\/p>\n","protected":false},"author":1,"featured_media":85671,"comment_status":"open","ping_status":"open","sticky":false,"template":"","format":"standard","meta":[],"categories":[51,53],"tags":[25845,4462,15900,44906,67,1009,44903,44904,44911,44915,44908,44907,44913,44916,2540,24553,44910,44914,44912,44909,44902,44905],"views":985,"_links":{"self":[{"href":"https:\/\/www.enerjigazetesi.ist\/en\/wp-json\/wp\/v2\/posts\/85669"}],"collection":[{"href":"https:\/\/www.enerjigazetesi.ist\/en\/wp-json\/wp\/v2\/posts"}],"about":[{"href":"https:\/\/www.enerjigazetesi.ist\/en\/wp-json\/wp\/v2\/types\/post"}],"author":[{"embeddable":true,"href":"https:\/\/www.enerjigazetesi.ist\/en\/wp-json\/wp\/v2\/users\/1"}],"replies":[{"embeddable":true,"href":"https:\/\/www.enerjigazetesi.ist\/en\/wp-json\/wp\/v2\/comments?post=85669"}],"version-history":[{"count":0,"href":"https:\/\/www.enerjigazetesi.ist\/en\/wp-json\/wp\/v2\/posts\/85669\/revisions"}],"wp:featuredmedia":[{"embeddable":true,"href":"https:\/\/www.enerjigazetesi.ist\/en\/wp-json\/wp\/v2\/media\/85671"}],"wp:attachment":[{"href":"https:\/\/www.enerjigazetesi.ist\/en\/wp-json\/wp\/v2\/media?parent=85669"}],"wp:term":[{"taxonomy":"category","embeddable":true,"href":"https:\/\/www.enerjigazetesi.ist\/en\/wp-json\/wp\/v2\/categories?post=85669"},{"taxonomy":"post_tag","embeddable":true,"href":"https:\/\/www.enerjigazetesi.ist\/en\/wp-json\/wp\/v2\/tags?post=85669"}],"curies":[{"name":"wp","href":"https:\/\/api.w.org\/{rel}","templated":true}]}}