{"id":85612,"date":"2019-01-16T22:50:35","date_gmt":"2019-01-16T19:50:35","guid":{"rendered":"https:\/\/www.enerjigazetesi.ist\/?p=85612"},"modified":"2019-01-16T22:52:08","modified_gmt":"2019-01-16T19:52:08","slug":"vi-istanbul-karbon-zirvesi-yesil-ekonomi-yolunda-paydaslariyla-bulusuyor","status":"publish","type":"post","link":"https:\/\/www.enerjigazetesi.ist\/en\/vi-istanbul-karbon-zirvesi-yesil-ekonomi-yolunda-paydaslariyla-bulusuyor\/","title":{"rendered":"(Turkish) VI. \u0130stanbul Karbon Zirvesi Ye\u015fil Ekonomi Yolunda Payda\u015flar\u0131yla Bulu\u015fuyor!"},"content":{"rendered":"<p class=\"qtranxs-available-languages-message qtranxs-available-languages-message-en\">Sorry, this entry is only available in <a href=\"https:\/\/www.enerjigazetesi.ist\/tr\/wp-json\/wp\/v2\/posts\/85612\" class=\"qtranxs-available-language-link qtranxs-available-language-link-tr\" title=\"Turkish\">Turkish<\/a>. For the sake of viewer convenience, the content is shown below in the alternative language. You may click the link to switch the active language.<\/p><p><\/p>\n<h1>\u0130STANBUL KARBON Z\u0130RVES\u0130 <strong>1.5 DERECEL\u0130K K\u00dcRESEL ISINMAYA KARBON Y\u00d6NET\u0130M\u0130 \u0130LE DUR DEMEK \u0130\u00c7\u0130N YE\u015e\u0130L EKONOM\u0130 YOLUNDA PAYDA\u015eLARI B\u0130R ARAYA GET\u0130RECEK<\/strong><\/h1>\n<h2>\u0130KL\u0130M DOSTLARI, D\u00dc\u015e\u00dcK KARBON KAHRAMANLARI \u00d6D\u00dcLLEND\u0130R\u0130LECEK<\/h2>\n<p>S\u00fcrd\u00fcr\u00fclebilir \u00dcretim ve T\u00fcketim Derne\u011fi (S\u00dcT-D) taraf\u0131ndan \u0130stanbul Teknik \u00dcniversitesi ev <img loading=\"lazy\" class=\"alignright size-medium wp-image-85614\" src=\"https:\/\/www.enerjigazetesi.ist\/wp-content\/uploads\/2019\/01\/vi-istanbul-karbon-zirvesi-yesil-ekonomi-yolunda-paydaslariyla-bulusuyor-300x249.jpg\" alt=\"\" width=\"300\" height=\"249\" srcset=\"https:\/\/www.enerjigazetesi.ist\/wp-content\/uploads\/2019\/01\/vi-istanbul-karbon-zirvesi-yesil-ekonomi-yolunda-paydaslariyla-bulusuyor-300x249.jpg 300w, https:\/\/www.enerjigazetesi.ist\/wp-content\/uploads\/2019\/01\/vi-istanbul-karbon-zirvesi-yesil-ekonomi-yolunda-paydaslariyla-bulusuyor-481x400.jpg 481w, https:\/\/www.enerjigazetesi.ist\/wp-content\/uploads\/2019\/01\/vi-istanbul-karbon-zirvesi-yesil-ekonomi-yolunda-paydaslariyla-bulusuyor-60x50.jpg 60w, https:\/\/www.enerjigazetesi.ist\/wp-content\/uploads\/2019\/01\/vi-istanbul-karbon-zirvesi-yesil-ekonomi-yolunda-paydaslariyla-bulusuyor.jpg 587w\" sizes=\"(max-width: 300px) 100vw, 300px\" \/>sahipli\u011finde 9 Nisan 2019 tarihinde d\u00fczenlenecek olan VI. \u0130stanbul Karbon Zirvesi &#8220;1,5 Derecelik K\u00fcresel Is\u0131nmaya Karbon Y\u00f6netimi \u0130le Dur Demek \u0130\u00e7in Ye\u015fil Ekonomi Yolu&#8221; odak konusuyla kamu, sivil toplum, i\u015f d\u00fcnyas\u0131, akademi ve gen\u00e7leri konusunun lider platformunda bir araya getirecek. Zirvede, Birle\u015fmi\u015f Milletler \u0130klim De\u011fi\u015fikli\u011fi \u00c7er\u00e7eve S\u00f6zle\u015fmesi 24. Taraflar Konferans\u0131 (COP 24) ard\u0131ndan, 2020&#8217;de y\u00fcr\u00fcrl\u00fc\u011fe girecek Paris \u0130klim Anla\u015fmas\u0131 \u00f6ncesinde delegeler iklim de\u011fi\u015fimine diren\u00e7li T\u00fcrkiye i\u00e7in yan yana olacak. Paris \u0130klim Anla\u015fmas\u0131, iklim ve karbon finansman\u0131, iklim de\u011fi\u015fimini hafifletme mekanizmalar\u0131, iklim de\u011fi\u015fimi destekleri ve finansman programlar\u0131, ye\u015fil iklim fonu, ye\u015fil tahviller, karbon ticareti, zorunlu ve g\u00f6n\u00fcll\u00fc karbon piyasalar\u0131 yetkin konu\u015fmac\u0131larla ye\u015fil ekonomi \u00fcst ba\u015fl\u0131\u011f\u0131nda delegelere sunulurken, sanayinin karbon y\u00f6netimi ba\u015far\u0131lar\u0131, iklim de\u011fi\u015fimi ile m\u00fccadelenin en iyi uygulamalar\u0131 &#8220;Karbon Y\u00f6netimi ve End\u00fcstri&#8221; oturumunda farkl\u0131 sekt\u00f6rlerdeki lider firmalar\u0131m\u0131z\u0131n tepe y\u00f6neticilerince ortaya konulacak. &#8220;K\u00fc\u00e7\u00fck Karbon Kahramanlar\u0131&#8221; zirvenin enerjisi olacak. Zirvede iklim dostlar\u0131, karbon azalt\u0131m\u0131 ger\u00e7ekle\u015ftiren kurum ve ki\u015fi ba\u015far\u0131lar\u0131 &#8220;D\u00fc\u015f\u00fck Karbon Kahraman\u0131 \u00d6d\u00fcl\u00fc&#8221; takdimi ile onurland\u0131r\u0131lacak. V. \u0130stanbul Karbon Zirvesi Sonu\u00e7 Raporu ve Sunum E-Kitab\u0131 S\u00dcT-D web sitesinde sunulmaktad\u0131r.<\/p>\n<p><strong>Detayl\u0131 Bilgi \u0130\u00e7in:<\/strong>\u00a0<strong>Mail:<\/strong> <a href=\"mailto:filiz@itu.edu.tr\" target=\"_blank\" rel=\"noopener\">filiz@itu.edu.tr<\/a> &#8211; <strong>Tel:<\/strong> 0212 285 68 37 &#8211; <strong>Gsm:<\/strong> 0532 286 21 55 <strong>Web:<\/strong>\u00a0<a href=\"https:\/\/www.istanbulcarbonsummit.org\/tr\/\" target=\"_blank\" rel=\"noopener\">https:\/\/www.istanbulcarbonsummit.org\/tr\/<\/a><\/p>","protected":false},"excerpt":{"rendered":"<p>Sorry, this entry is only available in Turkish. For the sake of viewer convenience, the content is shown below in the alternative language. You may click the link to switch the active language. \u0130STANBUL KARBON Z\u0130RVES\u0130 1.5 DERECEL\u0130K K\u00dcRESEL ISINMAYA KARBON Y\u00d6NET\u0130M\u0130 \u0130LE DUR DEMEK \u0130\u00c7\u0130N YE\u015e\u0130L EKONOM\u0130 YOLUNDA PAYDA\u015eLARI B\u0130R ARAYA GET\u0130RECEK \u0130KL\u0130M DOSTLARI, [&hellip;]<\/p>\n","protected":false},"author":1,"featured_media":85614,"comment_status":"open","ping_status":"open","sticky":false,"template":"","format":"standard","meta":[],"categories":[53,52],"tags":[44855,42309,67,1009,26559,44856,44859,44861,3076,28772,37492,44860,27449,44858,18344,18345,793,44854,41360,41135,44857],"views":1279,"_links":{"self":[{"href":"https:\/\/www.enerjigazetesi.ist\/en\/wp-json\/wp\/v2\/posts\/85612"}],"collection":[{"href":"https:\/\/www.enerjigazetesi.ist\/en\/wp-json\/wp\/v2\/posts"}],"about":[{"href":"https:\/\/www.enerjigazetesi.ist\/en\/wp-json\/wp\/v2\/types\/post"}],"author":[{"embeddable":true,"href":"https:\/\/www.enerjigazetesi.ist\/en\/wp-json\/wp\/v2\/users\/1"}],"replies":[{"embeddable":true,"href":"https:\/\/www.enerjigazetesi.ist\/en\/wp-json\/wp\/v2\/comments?post=85612"}],"version-history":[{"count":0,"href":"https:\/\/www.enerjigazetesi.ist\/en\/wp-json\/wp\/v2\/posts\/85612\/revisions"}],"wp:featuredmedia":[{"embeddable":true,"href":"https:\/\/www.enerjigazetesi.ist\/en\/wp-json\/wp\/v2\/media\/85614"}],"wp:attachment":[{"href":"https:\/\/www.enerjigazetesi.ist\/en\/wp-json\/wp\/v2\/media?parent=85612"}],"wp:term":[{"taxonomy":"category","embeddable":true,"href":"https:\/\/www.enerjigazetesi.ist\/en\/wp-json\/wp\/v2\/categories?post=85612"},{"taxonomy":"post_tag","embeddable":true,"href":"https:\/\/www.enerjigazetesi.ist\/en\/wp-json\/wp\/v2\/tags?post=85612"}],"curies":[{"name":"wp","href":"https:\/\/api.w.org\/{rel}","templated":true}]}}