{"id":85472,"date":"2019-01-15T11:44:08","date_gmt":"2019-01-15T08:44:08","guid":{"rendered":"https:\/\/www.enerjigazetesi.ist\/?p=85472"},"modified":"2019-01-15T11:45:36","modified_gmt":"2019-01-15T08:45:36","slug":"turkiyede-tuketilen-enerjinin-yuzde-40-a-yakini-binalarda-kullaniliyor","status":"publish","type":"post","link":"https:\/\/www.enerjigazetesi.ist\/en\/turkiyede-tuketilen-enerjinin-yuzde-40-a-yakini-binalarda-kullaniliyor\/","title":{"rendered":"(Turkish) &#8221;T\u00fcrkiye&#8217;de T\u00fcketilen Enerjinin % 40&#8217;a Yak\u0131n\u0131 Binalarda Kullan\u0131l\u0131yor&#8221;"},"content":{"rendered":"<p class=\"qtranxs-available-languages-message qtranxs-available-languages-message-en\">Sorry, this entry is only available in <a href=\"https:\/\/www.enerjigazetesi.ist\/tr\/wp-json\/wp\/v2\/posts\/85472\" class=\"qtranxs-available-language-link qtranxs-available-language-link-tr\" title=\"Turkish\">Turkish<\/a>. For the sake of viewer convenience, the content is shown below in the alternative language. You may click the link to switch the active language.<\/p><p><\/p>\n<h1>\u0130ZODER (Is\u0131 Su Ses ve Yang\u0131n Yal\u0131t\u0131mc\u0131lar\u0131 Derne\u011fi) Y\u00f6netim Kurulu Ba\u015fkan\u0131 Levent Pelesen, \u2018Enerji Verimlili\u011fi Haftas\u0131\u2019 dolay\u0131s\u0131yla yapt\u0131\u011f\u0131 a\u00e7\u0131klamada, \u201cG\u00fcn\u00fcm\u00fczde enerjide d\u0131\u015fa ba\u011f\u0131ml\u0131l\u0131\u011f\u0131m\u0131z\u0131 azaltma imkan\u0131 sa\u011flayan yal\u0131t\u0131m uygulamalar\u0131n\u0131n stratejik \u00f6nemi daha da art\u0131yor. \u00dclke olarak, enerjiyi israf etmememiz i\u00e7in \u0131s\u0131 yal\u0131t\u0131ml\u0131, s\u00fcrd\u00fcr\u00fclebilir, \u00e7evre dostu binalar\u0131n yayg\u0131nla\u015fmas\u0131na \u00f6ncelik vermeliyiz\u201d dedi.<\/h1>\n<p>Yal\u0131t\u0131mla k\u0131\u015f\u0131n \u0131s\u0131tma, yaz\u0131n da so\u011futma amac\u0131yla harcanan enerjiden ortalama y\u00fczde <strong>50<\/strong> tasarruf sa\u011fland\u0131\u011f\u0131na dikkat \u00e7eken <strong>\u0130ZODER Ba\u015fkan\u0131 Levent Pelesen<\/strong>, \u201cDo\u011fru \u0131s\u0131 yal\u0131t\u0131m\u0131 uygulamalar\u0131, do\u011falgaz ve eletrik faturalar\u0131n\u0131 yar\u0131 yar\u0131ya d\u00fc\u015f\u00fcrd\u00fc\u011f\u00fc i\u00e7in konut sakinlerinin b\u00fct\u00e7esini ve konforunu <img loading=\"lazy\" class=\"alignleft size-medium wp-image-85474\" src=\"https:\/\/www.enerjigazetesi.ist\/wp-content\/uploads\/2019\/01\/turkiyede-tuketilen-enerjinin-40a-yakini-binalarda-kullaniliyor-277x300.jpg\" alt=\"\" width=\"277\" height=\"300\" srcset=\"https:\/\/www.enerjigazetesi.ist\/wp-content\/uploads\/2019\/01\/turkiyede-tuketilen-enerjinin-40a-yakini-binalarda-kullaniliyor-277x300.jpg 277w, https:\/\/www.enerjigazetesi.ist\/wp-content\/uploads\/2019\/01\/turkiyede-tuketilen-enerjinin-40a-yakini-binalarda-kullaniliyor-370x400.jpg 370w, https:\/\/www.enerjigazetesi.ist\/wp-content\/uploads\/2019\/01\/turkiyede-tuketilen-enerjinin-40a-yakini-binalarda-kullaniliyor-46x50.jpg 46w, https:\/\/www.enerjigazetesi.ist\/wp-content\/uploads\/2019\/01\/turkiyede-tuketilen-enerjinin-40a-yakini-binalarda-kullaniliyor.jpg 451w\" sizes=\"(max-width: 277px) 100vw, 277px\" \/>direkt ilgilendiriyor. Ayr\u0131ca binalarda t\u00fcketilen enerji T\u00fcrkiye ekonomisi i\u00e7in de \u00e7ok \u00f6nemli \u00e7\u00fcnk\u00fc toplam enerji t\u00fcketiminin y\u00fczde <strong>40<\/strong>\u2019a yak\u0131n\u0131 binalarda harcan\u0131yor. T\u00fcrkiye\u2019deki binalar\u0131 \u0131s\u0131 yal\u0131t\u0131ml\u0131 hale getirerek, \u00fclkemizin toplam enerji faturas\u0131n\u0131 yakla\u015f\u0131k y\u00fczde <strong>15<\/strong> azaltmam\u0131z m\u00fcmk\u00fcn. Ayr\u0131ca Avrupa standartlar\u0131na uygun, enerji tasarruflu binalara sahip olabilmek i\u00e7in kentsel d\u00f6n\u00fc\u015f\u00fcm s\u00fcrecini iyi de\u011ferlendirmeliyiz. Yeniden in\u015fa edilecek t\u00fcm binalara, do\u011fru malzeme ve <strong>Mesleki Yeterlilik Belgesi\u2019<\/strong>ne sahip ustalarla do\u011fru uygulama yapt\u0131r\u0131rsak, milli ekonomimize her y\u0131l milyarlarca dolarl\u0131k katk\u0131 sa\u011flayabiliriz\u201d diye konu\u015ftu.<\/p>\n<p>Enerji verimlili\u011finde AB normlar\u0131na ula\u015fman\u0131n T\u00fcrkiye\u2019nin hayati hamlesi olaca\u011f\u0131n\u0131 vurgulayan <strong>Levent Pelesen<\/strong>, \u015f\u00f6yle konu\u015ftu: \u201c\u00dclke olarak enerji verimlili\u011fi hedeflerine ula\u015fmak i\u00e7in t\u00fcm olanaklara sahibiz. \u00d6zellikle ekonomik ve sosyal hedeflerimiz i\u00e7in enerji verimlili\u011fi konusunda gerekli ad\u0131mlar\u0131 atmak, \u00f6ncelikli sorumlulu\u011fumuz olmal\u0131. \u0130ZODER olarak, ancak \u0131s\u0131 yal\u0131t\u0131m\u0131yla donat\u0131lm\u0131\u015f enerji verimli binalarda, sa\u011fl\u0131kl\u0131, g\u00fcvenli ve konforlu ya\u015fam ko\u015fullar\u0131n\u0131n sa\u011flanabilece\u011fini kamuoyuna aktarmaya devam edece\u011fiz.\u201d<\/p>","protected":false},"excerpt":{"rendered":"<p>Sorry, this entry is only available in Turkish. For the sake of viewer convenience, the content is shown below in the alternative language. You may click the link to switch the active language. \u0130ZODER (Is\u0131 Su Ses ve Yang\u0131n Yal\u0131t\u0131mc\u0131lar\u0131 Derne\u011fi) Y\u00f6netim Kurulu Ba\u015fkan\u0131 Levent Pelesen, \u2018Enerji Verimlili\u011fi Haftas\u0131\u2019 dolay\u0131s\u0131yla yapt\u0131\u011f\u0131 a\u00e7\u0131klamada, \u201cG\u00fcn\u00fcm\u00fczde enerjide d\u0131\u015fa [&hellip;]<\/p>\n","protected":false},"author":1,"featured_media":85474,"comment_status":"open","ping_status":"open","sticky":false,"template":"","format":"standard","meta":[],"categories":[53,52],"tags":[44754,44753,67,1009,12274,26559,1727,44752,25455,675,380,11564,1296,793],"views":603,"_links":{"self":[{"href":"https:\/\/www.enerjigazetesi.ist\/en\/wp-json\/wp\/v2\/posts\/85472"}],"collection":[{"href":"https:\/\/www.enerjigazetesi.ist\/en\/wp-json\/wp\/v2\/posts"}],"about":[{"href":"https:\/\/www.enerjigazetesi.ist\/en\/wp-json\/wp\/v2\/types\/post"}],"author":[{"embeddable":true,"href":"https:\/\/www.enerjigazetesi.ist\/en\/wp-json\/wp\/v2\/users\/1"}],"replies":[{"embeddable":true,"href":"https:\/\/www.enerjigazetesi.ist\/en\/wp-json\/wp\/v2\/comments?post=85472"}],"version-history":[{"count":0,"href":"https:\/\/www.enerjigazetesi.ist\/en\/wp-json\/wp\/v2\/posts\/85472\/revisions"}],"wp:featuredmedia":[{"embeddable":true,"href":"https:\/\/www.enerjigazetesi.ist\/en\/wp-json\/wp\/v2\/media\/85474"}],"wp:attachment":[{"href":"https:\/\/www.enerjigazetesi.ist\/en\/wp-json\/wp\/v2\/media?parent=85472"}],"wp:term":[{"taxonomy":"category","embeddable":true,"href":"https:\/\/www.enerjigazetesi.ist\/en\/wp-json\/wp\/v2\/categories?post=85472"},{"taxonomy":"post_tag","embeddable":true,"href":"https:\/\/www.enerjigazetesi.ist\/en\/wp-json\/wp\/v2\/tags?post=85472"}],"curies":[{"name":"wp","href":"https:\/\/api.w.org\/{rel}","templated":true}]}}