{"id":8543,"date":"2013-03-20T11:11:00","date_gmt":"2013-03-20T08:11:00","guid":{"rendered":"https:\/\/www.enerjigazetesi.ist\/?p=8543"},"modified":"2013-03-20T11:11:00","modified_gmt":"2013-03-20T08:11:00","slug":"enerji-verimliligi-ve-tasarrufu-ile-15-milyar-lira-cepte","status":"publish","type":"post","link":"https:\/\/www.enerjigazetesi.ist\/en\/enerji-verimliligi-ve-tasarrufu-ile-15-milyar-lira-cepte\/","title":{"rendered":"(Turkish) Enerji Verimlili\u011fi Ve Tasarrufu \u0130le 15 Milyar Lira Cepte&#8230;"},"content":{"rendered":"<p class=\"qtranxs-available-languages-message qtranxs-available-languages-message-en\">Sorry, this entry is only available in <a href=\"https:\/\/www.enerjigazetesi.ist\/tr\/wp-json\/wp\/v2\/posts\/8543\" class=\"qtranxs-available-language-link qtranxs-available-language-link-tr\" title=\"Turkish\">Turkish<\/a>. For the sake of viewer convenience, the content is shown below in the alternative language. You may click the link to switch the active language.<\/p><p><strong>Enerji Verimlili\u011fi Derne\u011fi Genel Ba\u015fkan\u0131 \u0130brahim \u00c7a\u011flar, sadece evlerde al\u0131nacak tedbirlerle y\u0131lda 4 milyar T\u00fcrk Liras\u0131 tasarruf sa\u011flanaca\u011f\u0131n\u0131, sanayi, ula\u015ft\u0131rma ve yal\u0131t\u0131mda verimlilikle birlikte bu rakam\u0131n 15 Milyar T\u00fcrk Liras\u0131\u2019n\u0131 bulaca\u011f\u0131n\u0131 s\u00f6yledi. Enerjiyi verimli kullanma bilincini \u00fclke geneline yaymak amac\u0131yla yola \u00e7\u0131kan Enerji Han\u0131m\u2019\u0131n \u00fc\u00e7\u00fcnc\u00fc dura\u011f\u0131 Konya oldu.<\/strong><\/p>\n<p>Toplant\u0131n\u0131n a\u00e7\u0131l\u0131\u015f konu\u015fmas\u0131n\u0131 yapan Enerji Verimlili\u011fi Derne\u011fi Genel Ba\u015fkan\u0131 \u0130brahim \u00c7a\u011flar, Enerji Han\u0131m\u2019\u0131n T\u00fcrkiye genelinde her kesimi kapsayan b\u00fcy\u00fck bir projenin ba\u015flang\u0131c\u0131 oldu\u011funu s\u00f6yledi. Enerji ve Tabii Kaynaklar Bakanl\u0131\u011f\u0131 ile Aile ve Sosyal Politikalar Bakanl\u0131\u011f\u0131\u2019n\u0131n ortak projesi olan ve Ba\u015fbakan Recep Tayyip Erdo\u011fan\u2019\u0131n e\u015fi Emine Erdo\u011fan\u2019\u0131n da destek verdi\u011fi projeyi uygulama g\u00f6revinin \u00fcstlendiklerini kaydeden \u00c7a\u011flar, kad\u0131nlar\u0131 evin ekonomisti o<img loading=\"lazy\" class=\"alignleft size-medium wp-image-8544\" title=\"enerji-hanim-ile-enerji-verimliligi-ve-tasarrufu\" src=\"https:\/\/www.enerjigazetesi.ist\/wp-content\/uploads\/2013\/03\/enerji-hanim-ile-enerji-verimliligi-ve-tasarrufu-300x192.jpg\" alt=\"\" width=\"300\" height=\"192\" srcset=\"https:\/\/www.enerjigazetesi.ist\/wp-content\/uploads\/2013\/03\/enerji-hanim-ile-enerji-verimliligi-ve-tasarrufu-300x192.jpg 300w, https:\/\/www.enerjigazetesi.ist\/wp-content\/uploads\/2013\/03\/enerji-hanim-ile-enerji-verimliligi-ve-tasarrufu-500x321.jpg 500w, https:\/\/www.enerjigazetesi.ist\/wp-content\/uploads\/2013\/03\/enerji-hanim-ile-enerji-verimliligi-ve-tasarrufu-77x50.jpg 77w, https:\/\/www.enerjigazetesi.ist\/wp-content\/uploads\/2013\/03\/enerji-hanim-ile-enerji-verimliligi-ve-tasarrufu.jpg 640w\" sizes=\"(max-width: 300px) 100vw, 300px\" \/>larak g\u00f6rd\u00fcklerini bu nedenle ilk olarak Enerji Han\u0131m ile yola \u00e7\u0131kt\u0131klar\u0131n\u0131 vurgulad\u0131.<\/p>\n<p>\u00c7a\u011flar, s\u00f6zlerine \u015f\u00f6yle devam etti: \u201c\u00d6nce bir anket \u00e7al\u0131\u015fmas\u0131 yapt\u0131k. 20 ilde, 2 bin 929 kad\u0131na ula\u015ft\u0131k. Evlerinde elektrikli ev aletlerinin bilin\u00e7li kullan\u0131l\u0131p kullan\u0131lmad\u0131\u011f\u0131n\u0131 sorduk. Sonras\u0131nda Ankara`da 5 fakl\u0131 il\u00e7ede 5 farkl\u0131 haneye birer \u00f6l\u00e7\u00fcm cihaz\u0131 takt\u0131k. Her hanedeki elektrikli ev aletlerine enerji monit\u00f6r\u00fc yerle\u015ftirerek, evde t\u00fcketilen toplam enerji miktar\u0131 ile aletlerin anl\u0131k t\u00fcketimlerini veri bankas\u0131na y\u00fckledik.<\/p>\n<p>Sonu\u00e7ta hanelerin Enerji Han\u0131m projesindeki bilin\u00e7lendirme \u00e7al\u0131\u015fmalar\u0131ndan \u00f6nceki ve sonraki t\u00fcketim al\u0131\u015fkanl\u0131klar\u0131n\u0131 detayl\u0131 olarak raporlad\u0131k. Ve sadece bu y\u00f6ntemle y\u0131ll\u0131k 4 milyar T\u00fcrk Liras\u0131 kazanaca\u011f\u0131m\u0131z\u0131 g\u00f6rd\u00fck. \u0130lk e\u011fitim \u00e7al\u0131\u015fmam\u0131z\u0131 Kayseri de, ikincisini ise Denizli\u2019de ger\u00e7ekle\u015ftirdik. \u015eimdi Konya\u2019day\u0131z, Konyal\u0131 han\u0131mlar ile verimlili\u011fi konu\u015fup tart\u0131\u015f\u0131yoruz.<\/p>\n<p>Toplant\u0131lar\u0131m\u0131za kat\u0131lan t\u00fcm han\u0131mlar\u0131n ileti\u015fim bilgilerini al\u0131yoruz. Daha sonra arkada\u015flar\u0131m\u0131z onlarla g\u00f6r\u00fc\u015f\u00fcp sonu\u00e7lar\u0131 alacaklar. K\u0131sa bir s\u00fcre sonra yat\u0131\u011f\u0131m\u0131z \u00e7al\u0131\u015fmalar\u0131n sonum meyvelerini toplamaya ba\u015flayaca\u011f\u0131z.\u00a0 Haziran ay\u0131na kadar toplam 20 ilde e\u011fitim programlar\u0131n\u0131 s\u00fcrd\u00fcrece\u011fiz\u201d<\/p>\n<p>Kaynak: <a href=\"http:\/\/enerjigunlugu.net\/enerji-tasarrufuyla-15-milyar-lira-cepte!_2753.html\" target=\"_blank\">Enerji G\u00fcnl\u00fc\u011f\u00fc<\/a><\/p>","protected":false},"excerpt":{"rendered":"<p>Sorry, this entry is only available in Turkish. For the sake of viewer convenience, the content is shown below in the alternative language. You may click the link to switch the active language.Enerji Verimlili\u011fi Derne\u011fi Genel Ba\u015fkan\u0131 \u0130brahim \u00c7a\u011flar, sadece evlerde al\u0131nacak tedbirlerle y\u0131lda 4 milyar T\u00fcrk Liras\u0131 tasarruf sa\u011flanaca\u011f\u0131n\u0131, sanayi, ula\u015ft\u0131rma ve yal\u0131t\u0131mda verimlilikle [&hellip;]<\/p>\n","protected":false},"author":1,"featured_media":8544,"comment_status":"open","ping_status":"open","sticky":false,"template":"","format":"standard","meta":[],"categories":[53,52],"tags":[67,3596,103,12,1525,3695,1526,2825,133],"views":602,"_links":{"self":[{"href":"https:\/\/www.enerjigazetesi.ist\/en\/wp-json\/wp\/v2\/posts\/8543"}],"collection":[{"href":"https:\/\/www.enerjigazetesi.ist\/en\/wp-json\/wp\/v2\/posts"}],"about":[{"href":"https:\/\/www.enerjigazetesi.ist\/en\/wp-json\/wp\/v2\/types\/post"}],"author":[{"embeddable":true,"href":"https:\/\/www.enerjigazetesi.ist\/en\/wp-json\/wp\/v2\/users\/1"}],"replies":[{"embeddable":true,"href":"https:\/\/www.enerjigazetesi.ist\/en\/wp-json\/wp\/v2\/comments?post=8543"}],"version-history":[{"count":2,"href":"https:\/\/www.enerjigazetesi.ist\/en\/wp-json\/wp\/v2\/posts\/8543\/revisions"}],"predecessor-version":[{"id":8546,"href":"https:\/\/www.enerjigazetesi.ist\/en\/wp-json\/wp\/v2\/posts\/8543\/revisions\/8546"}],"wp:featuredmedia":[{"embeddable":true,"href":"https:\/\/www.enerjigazetesi.ist\/en\/wp-json\/wp\/v2\/media\/8544"}],"wp:attachment":[{"href":"https:\/\/www.enerjigazetesi.ist\/en\/wp-json\/wp\/v2\/media?parent=8543"}],"wp:term":[{"taxonomy":"category","embeddable":true,"href":"https:\/\/www.enerjigazetesi.ist\/en\/wp-json\/wp\/v2\/categories?post=8543"},{"taxonomy":"post_tag","embeddable":true,"href":"https:\/\/www.enerjigazetesi.ist\/en\/wp-json\/wp\/v2\/tags?post=8543"}],"curies":[{"name":"wp","href":"https:\/\/api.w.org\/{rel}","templated":true}]}}