{"id":85291,"date":"2019-01-12T15:42:16","date_gmt":"2019-01-12T12:42:16","guid":{"rendered":"https:\/\/www.enerjigazetesi.ist\/?p=85291"},"modified":"2019-01-12T15:46:06","modified_gmt":"2019-01-12T12:46:06","slug":"canakkalenin-dogasini-ve-tarimini-hep-birlikte-korumak-icin-el-ele-verelim","status":"publish","type":"post","link":"https:\/\/www.enerjigazetesi.ist\/en\/canakkalenin-dogasini-ve-tarimini-hep-birlikte-korumak-icin-el-ele-verelim\/","title":{"rendered":"(Turkish) \u00c7anakkale\u2019nin Do\u011fas\u0131n\u0131 ve Tar\u0131m\u0131n\u0131 Hep Birlikte Korumak \u0130\u00e7in El Ele Verelim!"},"content":{"rendered":"<p class=\"qtranxs-available-languages-message qtranxs-available-languages-message-en\">Sorry, this entry is only available in <a href=\"https:\/\/www.enerjigazetesi.ist\/tr\/wp-json\/wp\/v2\/posts\/85291\" class=\"qtranxs-available-language-link qtranxs-available-language-link-tr\" title=\"Turkish\">Turkish<\/a>. For the sake of viewer convenience, the content is shown below in the alternative language. You may click the link to switch the active language.<\/p><p><\/p>\n<h1>TEMA Vakf\u0131, \u00c7anakkale ve \u00e7evresinden gelen 100\u2019\u00fc a\u015fk\u0131n kat\u0131l\u0131mc\u0131 ile \u00c7anakkale\u2019de \u0130klim De\u011fi\u015fikli\u011fi ve Tar\u0131m Paneli d\u00fczenledi.<\/h1>\n<p>Ba\u015fta toprak olmak \u00fczere t\u00fcm do\u011fal varl\u0131klar\u0131 korumak i\u00e7in faaliyet g\u00f6steren TEMA Vakf\u0131, \u0130klim De\u011fi\u015fikli\u011fi ve Tar\u0131m Paneli\u2019ni 11 Ocak Cuma g\u00fcn\u00fc, 100\u2019\u00fc a\u015fk\u0131n kat\u0131l\u0131mc\u0131 ile \u00c7anakkale\u2019de ger\u00e7ekle\u015ftirdi. <img loading=\"lazy\" class=\"alignright size-medium wp-image-85294\" src=\"https:\/\/www.enerjigazetesi.ist\/wp-content\/uploads\/2019\/01\/canakkalenin-dogasini-ve-tarimini-hep-birlikte-korumak-icin-el-ele-verelim-300x200.jpg\" alt=\"\" width=\"300\" height=\"200\" srcset=\"https:\/\/www.enerjigazetesi.ist\/wp-content\/uploads\/2019\/01\/canakkalenin-dogasini-ve-tarimini-hep-birlikte-korumak-icin-el-ele-verelim-300x200.jpg 300w, https:\/\/www.enerjigazetesi.ist\/wp-content\/uploads\/2019\/01\/canakkalenin-dogasini-ve-tarimini-hep-birlikte-korumak-icin-el-ele-verelim-500x333.jpg 500w, https:\/\/www.enerjigazetesi.ist\/wp-content\/uploads\/2019\/01\/canakkalenin-dogasini-ve-tarimini-hep-birlikte-korumak-icin-el-ele-verelim-75x50.jpg 75w, https:\/\/www.enerjigazetesi.ist\/wp-content\/uploads\/2019\/01\/canakkalenin-dogasini-ve-tarimini-hep-birlikte-korumak-icin-el-ele-verelim-450x300.jpg 450w, https:\/\/www.enerjigazetesi.ist\/wp-content\/uploads\/2019\/01\/canakkalenin-dogasini-ve-tarimini-hep-birlikte-korumak-icin-el-ele-verelim.jpg 732w\" sizes=\"(max-width: 300px) 100vw, 300px\" \/>Panelde iklim de\u011fi\u015fikli\u011finin \u00c7anakkale\u2019nin ve Kaz Da\u011f\u0131\u2019n\u0131n do\u011fal varl\u0131klar\u0131na ve tar\u0131m alanlar\u0131na etkisi de\u011ferlendirildi.<\/p>\n<p>\u00c7anakkale\u2019deki \u0130klim De\u011fi\u015fikli\u011fi ve Tar\u0131m Paneli\u2019ne \u00c7anakkale Vali Yard\u0131mc\u0131s\u0131 Cezmi Batuk, \u00c7anakkale Belediye Ba\u015fkan\u0131 \u00dclg\u00fcr G\u00f6khan, \u00c7anakkale ve \u00e7evresinden \u00e7ok say\u0131da sivil toplum kurulu\u015fu temsilcisi, TEMA Vakf\u0131 Y\u00f6netim Kurulu Ba\u015fkan\u0131 Deniz Ata\u00e7, Y\u00f6netim Kurulu \u00dcyeleri Pervin Olgun, Canan Barut, Genel M\u00fcd\u00fcr Oben Akyol, Genel Merkez \u00e7al\u0131\u015fanlar\u0131, \u00c7anakkale \u0130l Temsilcisi Ali Dereli, \u0130l\u00e7e Sorumlular\u0131, Mahalle Sorumlular\u0131, Gen\u00e7 TEMA Ba\u015fkanlar\u0131 ve g\u00f6n\u00fcll\u00fcler kat\u0131ld\u0131.<\/p>\n<p><strong>\u00c7anakkale\u2019de n\u00fcfusun %50\u2019ye yak\u0131n\u0131 tar\u0131mdan ge\u00e7iniyor<\/strong><\/p>\n<p>Panelin a\u00e7\u0131l\u0131\u015f konu\u015fmas\u0131n\u0131 yapan TEMA Vakf\u0131 Y\u00f6netim Kurulu Ba\u015fkan\u0131 Deniz Ata\u00e7, \u201c\u00c7anakkale iki k\u0131ta \u00fczerindeki konumu, denizleri, bo\u011faz\u0131, adalar\u0131 ve Kaz Da\u011f\u0131 ile e\u015fsiz bir co\u011frafyada yer al\u0131yor. \u00c7anakkale\u2019nin %54\u2019\u00fc ormanlarla kapl\u0131d\u0131r. Bu \u00f6zelli\u011fi ile T\u00fcrkiye\u2019de orman varl\u0131\u011f\u0131 en zengin olan iller aras\u0131nda bulunuyor. Kaz Da\u011f\u0131\u2019n\u0131n %80\u2019i ve Kaz Da\u011f\u0131 Ulusal Park\u0131\u2019n\u0131n bir b\u00f6l\u00fcm\u00fc il s\u0131n\u0131rlar\u0131 i\u00e7indedir. Kaz Da\u011f\u0131 d\u00fcnyada b\u00fct\u00fcnl\u00fc\u011f\u00fc korunan \u00f6nemli orman alanlar\u0131ndan ve da\u011f ekosistemlerinden biridir. Kaz Da\u011f\u0131 ve y\u00f6resi ayn\u0131 zamanda Biga Yar\u0131madas\u0131\u2019n\u0131n en \u00f6nemli su kaynaklar\u0131n\u0131 besliyor. Yaban hayat\u0131 i\u00e7in \u00f6nemli bir ya\u015fam alan\u0131d\u0131r. \u00c7anakkale \u00f6nemli bir orman kenti olman\u0131n yan\u0131 s\u0131ra, tar\u0131msal faaliyetler bak\u0131m\u0131ndan da b\u00fcy\u00fck \u00f6nem ta\u015f\u0131yor. N\u00fcfusun halen %50\u2019ye yak\u0131n bir b\u00f6l\u00fcm\u00fc do\u011frudan ya da dolayl\u0131 olarak tar\u0131mla ilgileniyor ve ge\u00e7imini tar\u0131mdan sa\u011fl\u0131yor. \u00c7anakkale tar\u0131mda bu\u011fdaydan narenciyeye kadar \u00fcr\u00fcn \u00e7e\u015fitlili\u011fi a\u00e7\u0131s\u0131ndan T\u00fcrkiye\u2019nin en zengin illeri aras\u0131nda yer al\u0131yor. \u00dcretti\u011fi tar\u0131msal \u00fcr\u00fcnlerle, et ve s\u00fct \u00fcr\u00fcnleriyle T\u00fcrkiye\u2019nin \u00f6nemli \u00f6l\u00e7\u00fcde ihtiyac\u0131n\u0131 kar\u015f\u0131l\u0131yor. T\u00fcm bu hizmetler g\u00f6z \u00f6n\u00fcnde bulunduruldu\u011funda \u00c7anakkale\u2019nin do\u011fas\u0131n\u0131 ve tar\u0131m alanlar\u0131n\u0131 hep birlikte korumam\u0131z gerekiyor\u201d dedi.<\/p>\n<p><strong>Sunumlar ilgiyle izlendi<\/strong><\/p>\n<p>Program kapsam\u0131nda \u00c7anakkale \u0130l Tar\u0131m ve Orman M\u00fcd\u00fcr\u00fc Erdem Karada\u011f, \u00c7anakkale\u2019de tar\u0131m sekt\u00f6r\u00fcn\u00fcn durumu ve \u00c7anakkale\u2019nin tar\u0131msal potansiyeli sunumu ile kat\u0131l\u0131mc\u0131lar\u0131 bilgilendirdi. Erdem Karada\u011f, \u201c\u0130klim de\u011fi\u015fikli\u011fi konusunda her y\u0131l en az bir defa ilgili kamu ve sivil toplum kurulu\u015flar\u0131n\u0131n kat\u0131l\u0131m\u0131yla kurakl\u0131k eylem plan\u0131 toplant\u0131s\u0131 d\u00fczenliyoruz. Her ay \u00c7anakkale\u2019de yeti\u015ftirilen \u00fcr\u00fcnlerin yerinde fenolojik g\u00f6zlemlerini yaparak iklimle ilgili herhangi bir s\u0131k\u0131nt\u0131 g\u00f6r\u00fcl\u00fcrse tedbir al\u0131yoruz ve bakanl\u0131\u011fa rapor olarak sunuyoruz. 2018-2022 y\u0131llar\u0131n\u0131 kapsayan kurakl\u0131k eylem plan\u0131 haz\u0131rlad\u0131k. \u0130ldeki sekiz baraj ve 50 g\u00f6letin sulama havzas\u0131ndaki \u00fcr\u00fcn deseninin su ihtiyac\u0131 ve herhangi bir su s\u0131k\u0131nt\u0131s\u0131nda tavsiye edilebilecek en ekonomik \u00fcr\u00fcn desenlerini ayr\u0131 ayr\u0131 belirledik. \u0130limizde 111 farkl\u0131 \u00fcr\u00fcn \u00fcretiliyor ve bu \u00fcr\u00fcnlerin 44 adedi \u00fcretim miktar\u0131 bak\u0131m\u0131ndan T\u00fcrkiye\u2019de ilk 10 s\u0131rada yer al\u0131yor. Toplamda 3 milyon 330 bin dekar tar\u0131m arazimiz bulunuyor. Bu arazinin %33\u2019\u00fc (1 milyon 113 bin dekar) sulan\u0131yor. B\u00f6lgede 48 bin \u00fcreticimiz bulunuyor. \u00c7anakkale kapya biber, nektarin, yulaf, yem bitkisi \u00fcretiminde T\u00fcrkiye\u2019de ilk s\u0131rada yer al\u0131yor. Kurakl\u0131k durumunda hastal\u0131k ve zararl\u0131 oranlar\u0131nda art\u0131\u015f g\u00f6r\u00fcl\u00fcyor. Bu kapsamda gerekli uyar\u0131lar\u0131m\u0131z\u0131 yap\u0131yoruz ve \u00f6nlem al\u0131yoruz. 215 bin b\u00fcy\u00fckba\u015f, 710 bin k\u00fc\u00e7\u00fckba\u015f hayvan ve 543 bin ton s\u00fct \u00fcretiyoruz. SMS projesiyle erken uyar\u0131dan gelen iklim fakt\u00f6rleri, hastal\u0131k ve zararl\u0131 gibi konulardaki uyar\u0131lar\u0131 \u00fcreticilerimize g\u00f6nderiyoruz\u201d dedi.<\/p>\n<p>TEMA Vakf\u0131 Bilim Kurulu \u00dcyesi Prof. Dr. Murat T\u00fcrke\u015f \u0130klim de\u011fi\u015fikli\u011finin b\u00f6lgeye ve T\u00fcrkiye\u2019ye etkilerini \u00e7\u00f6z\u00fcm \u00f6nerileri ile aktard\u0131. Murat T\u00fcrke\u015f, d\u00fcnyada ve T\u00fcrkiye\u2019de \u00f6nemli iklim de\u011fi\u015fikliklerinin g\u00f6zlendi\u011fini belirtti. T\u00fcrke\u015f, ba\u015fta hava s\u0131cakl\u0131klar\u0131n\u0131n y\u00fckselmesi, \u015fiddetli ya\u011f\u0131\u015flar\u0131n ve kurakl\u0131klar\u0131n s\u0131kl\u0131klar\u0131n\u0131n artmas\u0131, hidrolojik d\u00f6ng\u00fcn\u00fcn kuvvetlenmesi, orman yang\u0131nlar\u0131n\u0131n s\u0131kl\u0131klar\u0131n\u0131n ve etki alanlar\u0131n\u0131n geni\u015flemesi gibi \u00f6nemli etkilerin gelecekte daha da kuvvetlenece\u011fini s\u00f6yledi. Murat T\u00fcrke\u015f, \u201c\u00c7anakkale Y\u00f6resi ve Biga Yar\u0131madas\u0131\u2019n\u0131n da i\u00e7inde yer ald\u0131\u011f\u0131 Akdeniz iklim tipinin egemen oldu\u011fu alanlarda iklim de\u011fi\u015fikli\u011finin etkileri ba\u015fta tar\u0131msal \u00fcretimin azalmas\u0131 ve biyolojik \u00e7e\u015fitlili\u011fin zarar g\u00f6rmesi olmak \u00fczere ciddi boyutlara ula\u015facakt\u0131r. T\u00fcm bunlar\u0131 \u00f6nlemek i\u00e7in fosil yak\u0131tlar\u0131n yak\u0131lmas\u0131, ula\u015ft\u0131rma, konut, sanayi ve tar\u0131m sekt\u00f6rlerinden kaynaklanan sera gazlar\u0131n\u0131n g\u00fcn\u00fcm\u00fcze g\u00f6re 2030 y\u0131l\u0131nda en az %50 oran\u0131nda azalt\u0131lmas\u0131 gerekiyor\u201d dedi.<\/p>\n<p>\u00c7ift\u00e7i Tanfer Dinler iklim de\u011fi\u015fikli\u011finin tar\u0131ma etkisini sorun ve \u00e7\u00f6z\u00fcm \u00f6nerileri ile sundu. Tanfer Dinler, \u201c\u0130klim de\u011fi\u015fikli\u011finin sonucu olan do\u011fa afetlerinin tar\u0131mdaki etkisini en aza indirmek \u00fczere kurdu\u011fumuz Tar\u0131m Sigortalar\u0131 Havuzu (TARS\u0130M) bug\u00fcn 25\u2019ten fazla \u00fclkede \u00f6rnek model olarak benimsenmi\u015ftir. Do\u011fa afetlerinin sigorta sistemlerine transferi i\u00e7in devlet destekleri ile tar\u0131m sigortalar\u0131 uygulamalar\u0131 giderek daha fazla say\u0131da \u00e7ift\u00e7i ve alan\u0131 g\u00fcvence alt\u0131na alacakt\u0131r\u201d dedi.<\/p>\n<p>Son olarak TAB\u0130T Y\u00f6netim Kurulu Ba\u015fkan\u0131 ve Sosyal Giri\u015fimci T\u00fclin Ak\u0131n ise tar\u0131mda geli\u015fen teknolojiler ve f\u0131rsatlardan bahsetti\u011fi bir sunum ger\u00e7ekle\u015ftirdi. T\u00fclin Ak\u0131n, tar\u0131mda ak\u0131ll\u0131 teknolojilerin i\u015f y\u00fck\u00fcn\u00fc azalt\u0131p verimi art\u0131r\u0131rken do\u011fal ya\u015fam\u0131 da koruyabilece\u011finden s\u00f6z etti. Panel kat\u0131l\u0131mc\u0131lar taraf\u0131ndan ilgiyle izlendi. Program soru-cevap b\u00f6l\u00fcm\u00fcn\u00fcn ard\u0131ndan sona erdi.<\/p>","protected":false},"excerpt":{"rendered":"<p>Sorry, this entry is only available in Turkish. For the sake of viewer convenience, the content is shown below in the alternative language. You may click the link to switch the active language. TEMA Vakf\u0131, \u00c7anakkale ve \u00e7evresinden gelen 100\u2019\u00fc a\u015fk\u0131n kat\u0131l\u0131mc\u0131 ile \u00c7anakkale\u2019de \u0130klim De\u011fi\u015fikli\u011fi ve Tar\u0131m Paneli d\u00fczenledi. Ba\u015fta toprak olmak \u00fczere t\u00fcm [&hellip;]<\/p>\n","protected":false},"author":1,"featured_media":85293,"comment_status":"open","ping_status":"open","sticky":false,"template":"","format":"standard","meta":[],"categories":[53],"tags":[4427,33895,4019,67,1009,44534,1999,41159,5578,44535,44533,44532,44536,9309,44537],"views":914,"_links":{"self":[{"href":"https:\/\/www.enerjigazetesi.ist\/en\/wp-json\/wp\/v2\/posts\/85291"}],"collection":[{"href":"https:\/\/www.enerjigazetesi.ist\/en\/wp-json\/wp\/v2\/posts"}],"about":[{"href":"https:\/\/www.enerjigazetesi.ist\/en\/wp-json\/wp\/v2\/types\/post"}],"author":[{"embeddable":true,"href":"https:\/\/www.enerjigazetesi.ist\/en\/wp-json\/wp\/v2\/users\/1"}],"replies":[{"embeddable":true,"href":"https:\/\/www.enerjigazetesi.ist\/en\/wp-json\/wp\/v2\/comments?post=85291"}],"version-history":[{"count":0,"href":"https:\/\/www.enerjigazetesi.ist\/en\/wp-json\/wp\/v2\/posts\/85291\/revisions"}],"wp:featuredmedia":[{"embeddable":true,"href":"https:\/\/www.enerjigazetesi.ist\/en\/wp-json\/wp\/v2\/media\/85293"}],"wp:attachment":[{"href":"https:\/\/www.enerjigazetesi.ist\/en\/wp-json\/wp\/v2\/media?parent=85291"}],"wp:term":[{"taxonomy":"category","embeddable":true,"href":"https:\/\/www.enerjigazetesi.ist\/en\/wp-json\/wp\/v2\/categories?post=85291"},{"taxonomy":"post_tag","embeddable":true,"href":"https:\/\/www.enerjigazetesi.ist\/en\/wp-json\/wp\/v2\/tags?post=85291"}],"curies":[{"name":"wp","href":"https:\/\/api.w.org\/{rel}","templated":true}]}}