{"id":85249,"date":"2019-01-12T00:32:13","date_gmt":"2019-01-11T21:32:13","guid":{"rendered":"https:\/\/www.enerjigazetesi.ist\/?p=85249"},"modified":"2019-01-12T00:39:38","modified_gmt":"2019-01-11T21:39:38","slug":"enerji-devi-cw-enerji-konkordato-talebini-geri-cekti","status":"publish","type":"post","link":"https:\/\/www.enerjigazetesi.ist\/en\/enerji-devi-cw-enerji-konkordato-talebini-geri-cekti\/","title":{"rendered":"(Turkish) Enerji Devi &#8216;CW Enerji&#8217;, Konkordato Talebini Geri \u00c7ekti!"},"content":{"rendered":"<p class=\"qtranxs-available-languages-message qtranxs-available-languages-message-en\">Sorry, this entry is only available in <a href=\"https:\/\/www.enerjigazetesi.ist\/tr\/wp-json\/wp\/v2\/posts\/85249\" class=\"qtranxs-available-language-link qtranxs-available-language-link-tr\" title=\"Turkish\">Turkish<\/a>. For the sake of viewer convenience, the content is shown below in the alternative language. You may click the link to switch the active language.<\/p><p><\/p>\n<h1>Bilindi\u011fi \u00fczere g\u00fcne\u015f paneli \u00fcretiminde \u00fclkemizde ve Avrupa\u2019da lider konuma sahip \u015firketimiz CW Enerji M\u00fchendislik Ticaret ve Sanayi A.\u015e. (CW Enerji) g\u00fc\u00e7l\u00fc ve kararl\u0131 ad\u0131mlarla gerek \u00fclkemizde gerekse yurtd\u0131\u015f\u0131nda faaliyetlerine devam ederken ge\u00e7ti\u011fimiz yaz aylar\u0131nda, d\u0131\u015f etkenlerin de katk\u0131s\u0131 ile ya\u015fan\u0131lan ekonomik zorluklar\u0131n bir yans\u0131mas\u0131 sonucunda 16 Ekim 2018 tarihinde Antalya Asliye Ticaret Mahkemesi\u2019ne Konkordato ba\u015fvurusu yaparak, 17 Ekim 2018 tarihinde \u201cGe\u00e7ici M\u00fchlet Karar\u0131\u201d alm\u0131\u015f idi.<\/h1>\n<p>Konkordato ba\u015fvurusunun yap\u0131lmas\u0131nda, mahkeme ba\u015fvurumuzda da dayanaklar\u0131 ile a\u00e7\u0131k\u00e7a ifade etti\u011fimiz \u00fczere, \u015eirketimizin borca bat\u0131k olmamas\u0131na ve sermayesinin tamam\u0131n\u0131 korumas\u0131na kar\u015f\u0131l\u0131k, yapt\u0131\u011f\u0131m\u0131z Sanayi 4.0 normlar\u0131nda ve 165 Milyon TL tutar\u0131ndaki yeni fabrika yat\u0131r\u0131m\u0131m\u0131z ve \u00e7e\u015fitli <img loading=\"lazy\" class=\"alignleft size-medium wp-image-85251\" src=\"https:\/\/www.enerjigazetesi.ist\/wp-content\/uploads\/2019\/01\/enerji-devi-cw-enerji-konkordato-talebini-geri-cekti-300x200.jpg\" alt=\"\" width=\"300\" height=\"200\" srcset=\"https:\/\/www.enerjigazetesi.ist\/wp-content\/uploads\/2019\/01\/enerji-devi-cw-enerji-konkordato-talebini-geri-cekti-300x200.jpg 300w, https:\/\/www.enerjigazetesi.ist\/wp-content\/uploads\/2019\/01\/enerji-devi-cw-enerji-konkordato-talebini-geri-cekti-500x333.jpg 500w, https:\/\/www.enerjigazetesi.ist\/wp-content\/uploads\/2019\/01\/enerji-devi-cw-enerji-konkordato-talebini-geri-cekti-75x50.jpg 75w, https:\/\/www.enerjigazetesi.ist\/wp-content\/uploads\/2019\/01\/enerji-devi-cw-enerji-konkordato-talebini-geri-cekti-450x300.jpg 450w, https:\/\/www.enerjigazetesi.ist\/wp-content\/uploads\/2019\/01\/enerji-devi-cw-enerji-konkordato-talebini-geri-cekti.jpg 600w\" sizes=\"(max-width: 300px) 100vw, 300px\" \/>m\u00fc\u015fterilerimizin sipari\u015fleri do\u011frultusunda, maliyetlerinin tamam\u0131n\u0131 kendi kaynaklar\u0131m\u0131zdan kar\u015f\u0131lamak suretiyle geli\u015ftirerek, anahtar teslimi ve sat\u0131\u015fa haz\u0131r hale getirdi\u011fimiz yakla\u015f\u0131k 50 MW b\u00fcy\u00fckl\u00fc\u011f\u00fcnde g\u00fcne\u015f enerjisi santrallerinin (GES) ve maksimum %10\u2019luk k\u0131sm\u0131 avans \u00f6demesi olarak al\u0131nan ve taraf\u0131m\u0131zca \u00fcretimi ger\u00e7ekle\u015ftirilen yakla\u015f\u0131k 30MW g\u00fcne\u015f panellerinin s\u00f6z konusu m\u00fc\u015fterilerimiz taraf\u0131ndan, sat\u0131n al\u0131nmalar\u0131 i\u00e7in gerekli finansman kaynaklar\u0131n\u0131 ge\u00e7ti\u011fimiz d\u00f6nemde ya\u015fanan kredi piyasas\u0131ndaki daralma sebebiyle, kullan\u0131lamamas\u0131 ve de\u011fi\u015fen piyasa ko\u015fullar\u0131 nedeniyle \u00fc\u00e7\u00fcnc\u00fc ki\u015filerden alacaklar\u0131m\u0131z\u0131 zaman\u0131nda tahsil etmekte ya\u015fad\u0131\u011f\u0131m\u0131z g\u00fc\u00e7l\u00fck neticesinde, \u015firketimizin k\u0131sa vadeli y\u00fck\u00fcml\u00fcl\u00fcklerini yerine getirmekte zorluk ya\u015fayabilece\u011fi \u00f6ng\u00f6r\u00fcs\u00fc etkili olmu\u015ftu.<\/p>\n<p>Ancak \u015firketimiz konkordato ba\u015fvurusu sonras\u0131nda dahi ba\u015far\u0131l\u0131 \u00e7al\u0131\u015fmalar\u0131na devam etmi\u015f, g\u00fcnl\u00fck \u00fc\u00e7 vardiya ile s\u00fcren \u00fcretim faaliyetlerini kesintisiz devam ettirerek \u00fclkemiz ve gelece\u011fimiz i\u00e7in \u00e7al\u0131\u015fmaya ve \u00fcretmeye devam etmi\u015ftir.\u00a0 Konkordato s\u00fcreci i\u00e7erisinde \u015eirketimiz taraf\u0131ndan gerek bankalara ve tedarik\u00e7ilerimize, gerek ise \u00e7al\u0131\u015fanlar\u0131m\u0131za ve \u00fc\u00e7\u00fcnc\u00fc ki\u015filere kar\u015f\u0131 t\u00fcm y\u00fck\u00fcml\u00fcl\u00fcklerimiz zaman\u0131nda ve eksiksiz olarak yerine getirilmeye gayret edilmi\u015f ve \u015eirketimizin i\u00e7inde oldu\u011fu s\u00fcre\u00e7ten kimsenin olumsuz etkilenmemesi, azami \u00e7aba g\u00f6sterilmek suretiyle, sa\u011flanm\u0131\u015ft\u0131r.\u00a0 Ayn\u0131 s\u00fcre\u00e7 i\u00e7erisinde \u015eirketimiz ihracat \u00e7al\u0131\u015fmalar\u0131na da yo\u011funla\u015fm\u0131\u015f ve ge\u00e7ti\u011fimiz 2,5 ayl\u0131k d\u00f6nem i\u00e7erisinde yurtd\u0131\u015f\u0131nda yeni 12 \u00fclkede distrib\u00fct\u00f6rl\u00fck anla\u015fmalar\u0131 imzalayarak yurtd\u0131\u015f\u0131 sat\u0131\u015flar\u0131n\u0131 ve ihracat\u0131n\u0131 \u00f6nemli \u00f6l\u00e7\u00fcde ve istikrarl\u0131 bir bi\u00e7imde art\u0131rm\u0131\u015f, \u00fclkemiz i\u00e7in de\u011fer yaratmaya devam etmi\u015ftir.<\/p>\n<p>Bu s\u00fcre\u00e7 i\u00e7erisinde, \u015eirketimiz kendi kontrol\u00fc d\u0131\u015f\u0131nda bulunan sebepler ile ya\u015fad\u0131\u011f\u0131 bu d\u00f6nemi, t\u00fcm kredit\u00f6r bankalar\u0131m\u0131z\u0131n, piyasa tedarik\u00e7ilerimizin, \u00e7al\u0131\u015fanlar\u0131m\u0131z\u0131n, ba\u015fvuru s\u00fcreci i\u00e7erisinde \u00e7al\u0131\u015fmalar\u0131m\u0131z\u0131 g\u00f6zetleyen ve denetleyen Mahkeme\u2019nin ve hukuk ve finans dan\u0131\u015fmanlar\u0131m\u0131z\u0131n \u00f6zverili ve anlay\u0131\u015fl\u0131 \u00e7al\u0131\u015fma ve yakla\u015f\u0131mlar\u0131n\u0131n da katk\u0131lar\u0131yla, g\u00fc\u00e7lenerek atlatm\u0131\u015f ve bu s\u00fcreci \u00e7ok iyi y\u00f6neterek nakit ak\u0131\u015f\u0131ndaki olumsuzluklar\u0131 gidermi\u015f, son 5 y\u0131lda sergiledi\u011fi etkileyici b\u00fcy\u00fcmeyi bu s\u00fcre\u00e7te dahi devam ettirmi\u015ftir.\u00a0 Bu geli\u015fmelerin sa\u011flanmas\u0131nda, \u00fclkemizin ge\u00e7ti\u011fimiz d\u00f6nemde ya\u015fad\u0131\u011f\u0131 olumsuzluklar\u0131n h\u0131zl\u0131 ve etkin bir \u015fekilde giderilmesi ve sekt\u00f6r\u00fcm\u00fcz\u00fcn gelece\u011fe g\u00fcvenle bakabilmesinin sa\u011flanmas\u0131 da son derece \u00f6nemli olmu\u015ftur.\u00a0 Bu nedenle t\u00fcm kredit\u00f6rlerimize ve yetkililerine, piyasa tedarik\u00e7ilerimize, t\u00fcm m\u00fc\u015fterilerimize ve yat\u0131r\u0131mc\u0131lar\u0131m\u0131za, konkordato komiserlerine, finans dan\u0131\u015fman\u0131m\u0131z Finans Denetim YMM A.\u015e. orta\u011f\u0131 \u0130brahim T\u00fcrki\u015f\u2019e ve hukuk dan\u0131\u015fman\u0131m\u0131z ve avukat\u0131m\u0131z \u00d6ztekin &amp; Co. orta\u011f\u0131 Av. \u0130brahim Do\u011fu \u00d6ztekin\u2019e i\u00e7tenlikle te\u015fekk\u00fcr ederiz.<\/p>\n<p>Sonu\u00e7 olarak t\u00fcm bu olumlu geli\u015fmeleri ve \u015firketimizin t\u00fcm payda\u015flar\u0131na kar\u015f\u0131 y\u00fck\u00fcml\u00fcl\u00fcklerini zaman\u0131nda yerine getirdi\u011fini ve getirmeye devam edebilece\u011fini de\u011ferlendiren \u015eirketimiz Y\u00f6netim Kurulu, hukuk ve finans dan\u0131\u015fmanlar\u0131m\u0131z\u0131n da g\u00f6r\u00fc\u015flerini dikkate alarak, Konkordato ba\u015fvurumuzdan feragat etmeyi ve Ge\u00e7ici M\u00fchlet karar\u0131n\u0131n kald\u0131r\u0131larak s\u00fcrecin sonland\u0131r\u0131lmas\u0131n\u0131 kararla\u015ft\u0131rm\u0131\u015f ve Mahkeme\u2019ye yapt\u0131\u011f\u0131m\u0131z ba\u015fvurumuz sonucunda \u015firketimiz hakk\u0131ndaki ge\u00e7ici m\u00fchlet karar\u0131 ve Konkordato s\u00fcreci 07 Ocak 2019 tarihinde sonland\u0131r\u0131lm\u0131\u015ft\u0131r.<\/p>\n<p>\u015eirketimiz, bundan sonra da faaliyetlerine g\u00fc\u00e7l\u00fc ad\u0131mlarla ve h\u0131z kesmeden devam ederek \u00dclkemiz ve gelece\u011fimiz i\u00e7in \u00e7al\u0131\u015fmaya ve \u00fcretmeye devam edecek ve \u00f6zellikle yurt d\u0131\u015f\u0131 pazarlardaki etkinli\u011fini 30 \u00fclkeye yayg\u0131nla\u015ft\u0131rarak b\u00fcy\u00fctecek, \u00fclkemizde \u00fcretti\u011fi \u00fcr\u00fcnleri t\u00fcm d\u00fcnyaya ihra\u00e7 edecek ve \u00fclkemizde oldu\u011fu gibi uluslararas\u0131 pazarlarda da b\u00fcy\u00fck ve \u00f6nemli anahtar teslimi GES projeleri ger\u00e7ekle\u015ftirecektir.<\/p>\n<p>G\u00fcne\u015fin oldu\u011fu her yerde biz var\u0131z\u2026<\/p>\n<p>Sayg\u0131lar\u0131m\u0131zla,<\/p>\n<p>CW Enerji M\u00fchendislik Ticaret ve Sanayi A.\u015e. ad\u0131na<\/p>\n<p>&nbsp;<\/p>\n<p>Tar\u0131k Sarvan\u00a0 \u00a0 \u00a0 \u00a0 \u00a0 \u00a0 \u00a0 \u00a0 \u00a0 \u00a0 \u00a0 \u00a0 \u00a0 \u00a0 \u00a0 \u00a0 \u00a0 \u00a0 \u00a0 \u00a0 \u00a0 \u00a0 \u00a0Volkan Y\u0131lmaz<\/p>\n<p>Y\u00f6netim Kurulu Ba\u015fkan\u0131\u00a0\u00a0\u00a0\u00a0\u00a0\u00a0\u00a0\u00a0\u00a0\u00a0\u00a0\u00a0\u00a0\u00a0\u00a0\u00a0\u00a0\u00a0\u00a0\u00a0\u00a0\u00a0\u00a0 Y\u00f6netim Kurulu Ba\u015fkan Yard\u0131mc\u0131s\u0131<\/p>","protected":false},"excerpt":{"rendered":"<p>Sorry, this entry is only available in Turkish. For the sake of viewer convenience, the content is shown below in the alternative language. You may click the link to switch the active language. Bilindi\u011fi \u00fczere g\u00fcne\u015f paneli \u00fcretiminde \u00fclkemizde ve Avrupa\u2019da lider konuma sahip \u015firketimiz CW Enerji M\u00fchendislik Ticaret ve Sanayi A.\u015e. (CW Enerji) g\u00fc\u00e7l\u00fc [&hellip;]<\/p>\n","protected":false},"author":1,"featured_media":85251,"comment_status":"open","ping_status":"open","sticky":false,"template":"","format":"standard","meta":[],"categories":[51,53,49],"tags":[34868,44499,67,1009,44500,35038,23416,23133,8255,34925,23131,34869,36284],"views":1000,"_links":{"self":[{"href":"https:\/\/www.enerjigazetesi.ist\/en\/wp-json\/wp\/v2\/posts\/85249"}],"collection":[{"href":"https:\/\/www.enerjigazetesi.ist\/en\/wp-json\/wp\/v2\/posts"}],"about":[{"href":"https:\/\/www.enerjigazetesi.ist\/en\/wp-json\/wp\/v2\/types\/post"}],"author":[{"embeddable":true,"href":"https:\/\/www.enerjigazetesi.ist\/en\/wp-json\/wp\/v2\/users\/1"}],"replies":[{"embeddable":true,"href":"https:\/\/www.enerjigazetesi.ist\/en\/wp-json\/wp\/v2\/comments?post=85249"}],"version-history":[{"count":0,"href":"https:\/\/www.enerjigazetesi.ist\/en\/wp-json\/wp\/v2\/posts\/85249\/revisions"}],"wp:featuredmedia":[{"embeddable":true,"href":"https:\/\/www.enerjigazetesi.ist\/en\/wp-json\/wp\/v2\/media\/85251"}],"wp:attachment":[{"href":"https:\/\/www.enerjigazetesi.ist\/en\/wp-json\/wp\/v2\/media?parent=85249"}],"wp:term":[{"taxonomy":"category","embeddable":true,"href":"https:\/\/www.enerjigazetesi.ist\/en\/wp-json\/wp\/v2\/categories?post=85249"},{"taxonomy":"post_tag","embeddable":true,"href":"https:\/\/www.enerjigazetesi.ist\/en\/wp-json\/wp\/v2\/tags?post=85249"}],"curies":[{"name":"wp","href":"https:\/\/api.w.org\/{rel}","templated":true}]}}