{"id":85228,"date":"2019-01-11T17:44:23","date_gmt":"2019-01-11T14:44:23","guid":{"rendered":"https:\/\/www.enerjigazetesi.ist\/?p=85228"},"modified":"2019-01-11T22:33:34","modified_gmt":"2019-01-11T19:33:34","slug":"yunsa-enerji-verimliligi-calismalariyla-sektore-onculuk-ediyor","status":"publish","type":"post","link":"https:\/\/www.enerjigazetesi.ist\/en\/yunsa-enerji-verimliligi-calismalariyla-sektore-onculuk-ediyor\/","title":{"rendered":"(Turkish) Y\u00fcnsa, Enerji Verimlili\u011fi \u00c7al\u0131\u015fmalar\u0131yla Sekt\u00f6re \u00d6nc\u00fcl\u00fck Ediyor"},"content":{"rendered":"<p class=\"qtranxs-available-languages-message qtranxs-available-languages-message-en\">Sorry, this entry is only available in <a href=\"https:\/\/www.enerjigazetesi.ist\/tr\/wp-json\/wp\/v2\/posts\/85228\" class=\"qtranxs-available-language-link qtranxs-available-language-link-tr\" title=\"Turkish\">Turkish<\/a>. For the sake of viewer convenience, the content is shown below in the alternative language. You may click the link to switch the active language.<\/p><p><\/p>\n<h1>T\u00fcrkiye ve Avrupa\u2019n\u0131n en b\u00fcy\u00fck entegre \u00fcst &#8211; segment y\u00fcnl\u00fc kuma\u015f \u00fcreticisi ve ihracat\u00e7\u0131s\u0131 Y\u00fcnsa; temiz \u00fcretim odakl\u0131, \u00e7evreye duyarl\u0131 ve su\u0308rdu\u0308ru\u0308lebilir is\u0327 modeli ile faaliyetlerine devam ediyor. Y\u00fcnsa, 8-13 Ocak aras\u0131nda kutlanan Enerji Tasarrufu Haftas\u0131\u2019nda enerji verimlili\u011fi alan\u0131ndaki sekt\u00f6re \u00f6nc\u00fcl\u00fck eden \u00e7al\u0131\u015fmalar\u0131n\u0131 ve sonu\u00e7lar\u0131n\u0131 a\u00e7\u0131klad\u0131. Y\u00fcnsa, 2018 y\u0131l\u0131nda enerji verimlili\u011fi projeleri ile birim \u00fcr\u00fcn ba\u015f\u0131na t\u00fcketilen toplam enerjiyi 2015 y\u0131l\u0131na g\u00f6re %11 oran\u0131nda azaltt\u0131. \u015eirket, artan enerji verimlili\u011fi sayesinde iklim de\u011fi\u015fikli\u011fine olumsuz y\u00f6nde etkisi olan sera gaz\u0131 emisyonlar\u0131n\u0131n yo\u011funlu\u011funu da ayn\u0131 oranda azaltm\u0131\u015f oldu.<\/h1>\n<p>T\u00fcrkiye ve Avrupa\u2019n\u0131n en b\u00fcy\u00fck entegre \u00fcst-segment y\u00fcnl\u00fc kuma\u015f \u00fcreticisi ve ihracat\u00e7\u0131s\u0131 Y\u00fcnsa, s\u00fcrd\u00fcr\u00fclebilirli\u011fi temel \u015firket prensipleri aras\u0131nda g\u00f6rerek t\u00fcm i\u015f s\u00fcre\u00e7lerinde uyguluyor. Bu kapsamda enerji verimlili\u011fi, \u00e7evre ve at\u0131k y\u00f6netimi \u00e7al\u0131\u015fmalar\u0131nda ulusal ve uluslararas\u0131 \u00e7apta ba\u015far\u0131lara imza atan <img loading=\"lazy\" class=\"alignright size-medium wp-image-85230\" src=\"https:\/\/www.enerjigazetesi.ist\/wp-content\/uploads\/2019\/01\/yunsa-enerji-verimliligi-calismalariyla-sektore-onculuk-ediyor-253x300.jpg\" alt=\"\" width=\"253\" height=\"300\" srcset=\"https:\/\/www.enerjigazetesi.ist\/wp-content\/uploads\/2019\/01\/yunsa-enerji-verimliligi-calismalariyla-sektore-onculuk-ediyor-253x300.jpg 253w, https:\/\/www.enerjigazetesi.ist\/wp-content\/uploads\/2019\/01\/yunsa-enerji-verimliligi-calismalariyla-sektore-onculuk-ediyor-337x400.jpg 337w, https:\/\/www.enerjigazetesi.ist\/wp-content\/uploads\/2019\/01\/yunsa-enerji-verimliligi-calismalariyla-sektore-onculuk-ediyor-42x50.jpg 42w, https:\/\/www.enerjigazetesi.ist\/wp-content\/uploads\/2019\/01\/yunsa-enerji-verimliligi-calismalariyla-sektore-onculuk-ediyor.jpg 411w\" sizes=\"(max-width: 253px) 100vw, 253px\" \/>Y\u00fcnsa, yapt\u0131\u011f\u0131 \u00e7al\u0131\u015fmalarla s\u00fcrd\u00fcr\u00fclebilirlik hedefleri y\u00f6n\u00fcnde ilerliyor.<\/p>\n<p>Do\u011frudan yat\u0131r\u0131mlar\u0131, sa\u011flad\u0131\u011f\u0131 istihdam ve sekt\u00f6rde yetenekli \u00e7al\u0131\u015fanlar\u0131n geli\u015fimine katk\u0131s\u0131yla T\u00fcrkiye ekonomisine de\u011fer katan Y\u00fcnsa; faaliyetlerinin ekonomik, sosyal ve \u00e7evresel etkilerini, Sabanc\u0131 Grubu\u2019nun etik ve sosyal sorumluluk ilkelerini temel alarak y\u00f6netiyor. Bu do\u011frultuda \u015firket; temiz \u00fcretim odakl\u0131, \u00e7evreye duyarl\u0131 ve su\u0308rdu\u0308ru\u0308lebilir bir is\u0327 modeli ile faaliyetlerine devam ediyor.<\/p>\n<p><strong>2015\u2019e g\u00f6re birim \u00fcr\u00fcn ba\u015f\u0131na t\u00fcketilen enerji %11 azalt\u0131ld\u0131 <\/strong><\/p>\n<p>8-13 Ocak aras\u0131nda kutlanan Enerji Tasarrufu Haftas\u0131 vesilesiyle Y\u00fcnsa\u2019n\u0131n enerji verimlili\u011fi konusundaki \u00e7al\u0131\u015fmalar\u0131n\u0131 aktaran Y\u00fcnsa Genel M\u00fcd\u00fcr\u00fc Nuri D\u00fczg\u00f6ren, \u201c2018 y\u0131l\u0131nda devam etti\u011fimiz enerji verimlili\u011fi projeleri ile birim \u00fcr\u00fcn ba\u015f\u0131na t\u00fcketilen toplam enerjiyi baz y\u0131l olarak belirledi\u011fimiz 2015 y\u0131l\u0131na g\u00f6re %11 oran\u0131nda azaltarak 1.794.850,57 TL tasarruf sa\u011flamay\u0131 ba\u015fard\u0131k. Artan enerji verimlili\u011fi sayesinde iklim de\u011fi\u015fikli\u011fine olumsuz y\u00f6nde etkisi olan sera gaz\u0131 emisyonlar\u0131n\u0131n yo\u011funlu\u011funu, da ayn\u0131 oranda azaltarak 150 a\u011fac\u0131n bir y\u0131lda b\u00fcnyesine alabilece\u011fi karbon dioksit miktar\u0131 kadar tasarruf sa\u011flam\u0131\u015f olduk\u201d dedi.<\/p>\n<p>Nuri D\u00fczg\u00f6ren, enerji t\u00fcketimini \u00f6l\u00e7\u00fcp de\u011ferlendirerek proaktif \u00f6nlemler alman\u0131n ve \u00fcretilen her metre kuma\u015f ba\u015f\u0131na daha az enerji kullanman\u0131n Y\u00fcnsa i\u00e7in stratejik \u00f6neme sahip oldu\u011funu vurgulayarak ekledi: \u201cG\u00fcn\u00fcm\u00fczde enerjinin ve enerji y\u00f6netiminin her ge\u00e7en g\u00fcn daha b\u00fcy\u00fck \u00f6nem kazanmas\u0131 ile birlikte enerji verimlili\u011fi daha da kritik bir konu. Y\u00fcnsa olarak, uygulad\u0131\u011f\u0131m\u0131z standartlar ve do\u011fal kaynaklar\u0131 en verimli \u015fekilde kullanma y\u00f6n\u00fcnde geli\u015ftirdi\u011fimiz projeler ile s\u00fcrd\u00fcr\u00fclebilirli\u011fi destekliyoruz ve ISO 50001 belgesi ile bu alandaki \u00e7al\u0131\u015fmalar\u0131m\u0131z\u0131 belgeliyoruz.\u201d<\/p>\n<p>Y\u00fcnsa, ayr\u0131ca s\u00fcrd\u00fcr\u00fclebilir \u00fcretim amac\u0131yla kurulan Sustainable Apparel Coalition (SAC)\u2019\u0131n geli\u0219tirdi\u011fi Higg Index Facility Environment Management (FEM) mod\u00fcl\u00fc ile de \u00e7evresel s\u00fcrd\u00fcr\u00fclebilirlik performans\u0131n\u0131 \u00f6l\u00e7\u00fcyor. Yan\u0131 s\u0131ra; enerji, su, at\u0131k su, emisyonlar, at\u0131k ve kimyasallar\u0131n y\u00f6netimi ile ilgili konular\u0131 raporlayarak iyile\u015ftirme olanaklar\u0131n\u0131 de\u011ferlendiriyor.<\/p>\n<p><strong>\u0130klim De\u011fi\u015fikli\u011fi ve Su Programlar\u0131nda B performans ba\u015far\u0131s\u0131<\/strong><\/p>\n<p>CDP iklim de\u011fi\u015fikli\u011fi program\u0131na 2010 y\u0131l\u0131ndan beri kat\u0131lan Y\u00fcnsa, 2017 Y\u0131l\u0131 CDP \u0130klim De\u011fi\u015fikli\u011fi Program\u0131 ve 2017 Y\u0131l\u0131 CDP Su Program\u0131\u2019nda her iki kategoride de B performans skorlar\u0131n\u0131 ald\u0131. Lider ve rekabet\u00e7i konumunu geli\u015ftirilerek \u00e7evresel s\u00fcrd\u00fcr\u00fclebilirlik konular\u0131nda uluslararas\u0131 platformlarda ba\u015far\u0131lar\u0131n\u0131 s\u00fcrd\u00fcrmeye devam eden Y\u00fcnsa, 2018 y\u0131l\u0131nda da CDP \u0130klim De\u011fi\u015fikli\u011fi ve CDP Su Programlar\u0131na kat\u0131ld\u0131.<\/p>","protected":false},"excerpt":{"rendered":"<p>Sorry, this entry is only available in Turkish. For the sake of viewer convenience, the content is shown below in the alternative language. You may click the link to switch the active language. T\u00fcrkiye ve Avrupa\u2019n\u0131n en b\u00fcy\u00fck entegre \u00fcst &#8211; segment y\u00fcnl\u00fc kuma\u015f \u00fcreticisi ve ihracat\u00e7\u0131s\u0131 Y\u00fcnsa; temiz \u00fcretim odakl\u0131, \u00e7evreye duyarl\u0131 ve su\u0308rdu\u0308ru\u0308lebilir [&hellip;]<\/p>\n","protected":false},"author":1,"featured_media":85239,"comment_status":"open","ping_status":"open","sticky":false,"template":"","format":"standard","meta":[],"categories":[53,52],"tags":[44484,67,1009,1715,9945,26559,614,44483,44482,9198,44479,44481,37032,44480,793,11396],"views":928,"_links":{"self":[{"href":"https:\/\/www.enerjigazetesi.ist\/en\/wp-json\/wp\/v2\/posts\/85228"}],"collection":[{"href":"https:\/\/www.enerjigazetesi.ist\/en\/wp-json\/wp\/v2\/posts"}],"about":[{"href":"https:\/\/www.enerjigazetesi.ist\/en\/wp-json\/wp\/v2\/types\/post"}],"author":[{"embeddable":true,"href":"https:\/\/www.enerjigazetesi.ist\/en\/wp-json\/wp\/v2\/users\/1"}],"replies":[{"embeddable":true,"href":"https:\/\/www.enerjigazetesi.ist\/en\/wp-json\/wp\/v2\/comments?post=85228"}],"version-history":[{"count":0,"href":"https:\/\/www.enerjigazetesi.ist\/en\/wp-json\/wp\/v2\/posts\/85228\/revisions"}],"wp:featuredmedia":[{"embeddable":true,"href":"https:\/\/www.enerjigazetesi.ist\/en\/wp-json\/wp\/v2\/media\/85239"}],"wp:attachment":[{"href":"https:\/\/www.enerjigazetesi.ist\/en\/wp-json\/wp\/v2\/media?parent=85228"}],"wp:term":[{"taxonomy":"category","embeddable":true,"href":"https:\/\/www.enerjigazetesi.ist\/en\/wp-json\/wp\/v2\/categories?post=85228"},{"taxonomy":"post_tag","embeddable":true,"href":"https:\/\/www.enerjigazetesi.ist\/en\/wp-json\/wp\/v2\/tags?post=85228"}],"curies":[{"name":"wp","href":"https:\/\/api.w.org\/{rel}","templated":true}]}}