{"id":85176,"date":"2019-01-10T17:49:39","date_gmt":"2019-01-10T14:49:39","guid":{"rendered":"https:\/\/www.enerjigazetesi.ist\/?p=85176"},"modified":"2019-01-10T17:51:54","modified_gmt":"2019-01-10T14:51:54","slug":"yenilenebilir-enerji-tesislerine-kdv-istisnasi-geldi","status":"publish","type":"post","link":"https:\/\/www.enerjigazetesi.ist\/en\/yenilenebilir-enerji-tesislerine-kdv-istisnasi-geldi\/","title":{"rendered":"(Turkish) Yenilenebilir Enerji Tesisleri&#8217;ne KDV \u0130stisnas\u0131 Geldi!"},"content":{"rendered":"<p class=\"qtranxs-available-languages-message qtranxs-available-languages-message-en\">Sorry, this entry is only available in <a href=\"https:\/\/www.enerjigazetesi.ist\/tr\/wp-json\/wp\/v2\/posts\/85176\" class=\"qtranxs-available-language-link qtranxs-available-language-link-tr\" title=\"Turkish\">Turkish<\/a>. For the sake of viewer convenience, the content is shown below in the alternative language. You may click the link to switch the active language.<\/p><p><\/p>\n<h1>Torba Yasa olarak da bilinen 71 maddelik Baz\u0131 Kanun ve KHK\u2019larda De\u011fi\u015fiklik Yapan Kanun Teklifinin ilk 20 maddesi, TBMM Genel Kurulunda kabul edildi. \u00d6zellikle vergi istisnalar\u0131n\u0131n yer ald\u0131\u011f\u0131 maddelerde, yenilenebilir ve di\u011fer enerji tesislerine de KDV istisnas\u0131 getirildi.<\/h1>\n<p>Kabul edilen KDV <span style=\"text-decoration: underline;\">istisnalar\u0131na g\u00f6re,<img loading=\"lazy\" class=\"size-medium wp-image-85178 alignright\" src=\"https:\/\/www.enerjigazetesi.ist\/wp-content\/uploads\/2019\/01\/yenilenebilir-enerji-tesislerine-kdv-istisnasi-geldi-300x200.jpg\" alt=\"\" width=\"300\" height=\"200\" srcset=\"https:\/\/www.enerjigazetesi.ist\/wp-content\/uploads\/2019\/01\/yenilenebilir-enerji-tesislerine-kdv-istisnasi-geldi-300x200.jpg 300w, https:\/\/www.enerjigazetesi.ist\/wp-content\/uploads\/2019\/01\/yenilenebilir-enerji-tesislerine-kdv-istisnasi-geldi-768x511.jpg 768w, https:\/\/www.enerjigazetesi.ist\/wp-content\/uploads\/2019\/01\/yenilenebilir-enerji-tesislerine-kdv-istisnasi-geldi-500x333.jpg 500w, https:\/\/www.enerjigazetesi.ist\/wp-content\/uploads\/2019\/01\/yenilenebilir-enerji-tesislerine-kdv-istisnasi-geldi-75x50.jpg 75w, https:\/\/www.enerjigazetesi.ist\/wp-content\/uploads\/2019\/01\/yenilenebilir-enerji-tesislerine-kdv-istisnasi-geldi-450x300.jpg 450w, https:\/\/www.enerjigazetesi.ist\/wp-content\/uploads\/2019\/01\/yenilenebilir-enerji-tesislerine-kdv-istisnasi-geldi.jpg 889w\" sizes=\"(max-width: 300px) 100vw, 300px\" \/><\/span><\/p>\n<p>&#8211; Yenilenebilir ve di\u011fer enerji tesisleri KDV\u2019den istisna tutulacak.<\/p>\n<p>&#8211; K\u00fclt\u00fcr ve Turizm Bakanl\u0131\u011f\u0131nca yay\u0131nc\u0131l\u0131k sertifikas\u0131 verilmi\u015f yay\u0131nc\u0131lar taraf\u0131ndan yap\u0131lan kitap ve s\u00fcreli yay\u0131nlar\u0131n tesliminde de KDV muafiyeti olacak.<\/p>\n<p>&#8211; Vade fark\u0131, fiyat fark\u0131, faiz, prim gibi \u00e7e\u015fitli gelirlerin yan\u0131 s\u0131ra kur fark\u0131 da matraha dahil unsurlar aras\u0131nda yer alacak.<\/p>\n<p><strong>Vergi \u0130stisnas\u0131 Nedir?<\/strong><\/p>\n<p>Vergi istisnas\u0131, vergi kanunlar\u0131na g\u00f6re vergilendirilmesi gereken vergi konular\u0131n\u0131n ayn\u0131 veya ba\u015fka kanunlarla k\u0131smen ya da tamamen vergi d\u0131\u015f\u0131 b\u0131rak\u0131lmas\u0131 anlam\u0131na geliyor.<\/p>\n<p>Esas itibar\u0131yla vergilendirilmesi \u00f6ng\u00f6r\u00fclen bir konunun, gelirin, servetin, mal teslimi ve\/veya hizmet ifas\u0131n\u0131n, k\u0131ymetin, evrak\u0131n ve\/veya i\u015flemin k\u0131smen ya da tamamen, devaml\u0131 ya da ge\u00e7ici bir \u015fekilde vergi d\u0131\u015f\u0131nda tutulmas\u0131 vergi istisnas\u0131 anlam\u0131na geliyor.<\/p>","protected":false},"excerpt":{"rendered":"<p>Sorry, this entry is only available in Turkish. For the sake of viewer convenience, the content is shown below in the alternative language. You may click the link to switch the active language. Torba Yasa olarak da bilinen 71 maddelik Baz\u0131 Kanun ve KHK\u2019larda De\u011fi\u015fiklik Yapan Kanun Teklifinin ilk 20 maddesi, TBMM Genel Kurulunda kabul [&hellip;]<\/p>\n","protected":false},"author":1,"featured_media":85178,"comment_status":"open","ping_status":"open","sticky":false,"template":"","format":"standard","meta":[],"categories":[51,53,49,50],"tags":[67,1009,43864,44428,35038,23416,23131,35534,35002,24949,34960,34977,6823,44427,26829,44429],"views":2195,"_links":{"self":[{"href":"https:\/\/www.enerjigazetesi.ist\/en\/wp-json\/wp\/v2\/posts\/85176"}],"collection":[{"href":"https:\/\/www.enerjigazetesi.ist\/en\/wp-json\/wp\/v2\/posts"}],"about":[{"href":"https:\/\/www.enerjigazetesi.ist\/en\/wp-json\/wp\/v2\/types\/post"}],"author":[{"embeddable":true,"href":"https:\/\/www.enerjigazetesi.ist\/en\/wp-json\/wp\/v2\/users\/1"}],"replies":[{"embeddable":true,"href":"https:\/\/www.enerjigazetesi.ist\/en\/wp-json\/wp\/v2\/comments?post=85176"}],"version-history":[{"count":0,"href":"https:\/\/www.enerjigazetesi.ist\/en\/wp-json\/wp\/v2\/posts\/85176\/revisions"}],"wp:featuredmedia":[{"embeddable":true,"href":"https:\/\/www.enerjigazetesi.ist\/en\/wp-json\/wp\/v2\/media\/85178"}],"wp:attachment":[{"href":"https:\/\/www.enerjigazetesi.ist\/en\/wp-json\/wp\/v2\/media?parent=85176"}],"wp:term":[{"taxonomy":"category","embeddable":true,"href":"https:\/\/www.enerjigazetesi.ist\/en\/wp-json\/wp\/v2\/categories?post=85176"},{"taxonomy":"post_tag","embeddable":true,"href":"https:\/\/www.enerjigazetesi.ist\/en\/wp-json\/wp\/v2\/tags?post=85176"}],"curies":[{"name":"wp","href":"https:\/\/api.w.org\/{rel}","templated":true}]}}