{"id":85131,"date":"2019-01-10T09:25:23","date_gmt":"2019-01-10T06:25:23","guid":{"rendered":"https:\/\/www.enerjigazetesi.ist\/?p=85131"},"modified":"2019-01-10T09:26:43","modified_gmt":"2019-01-10T06:26:43","slug":"turkiyenin-elektrik-tuketimi-aralik-ayinda-azaldi","status":"publish","type":"post","link":"https:\/\/www.enerjigazetesi.ist\/en\/turkiyenin-elektrik-tuketimi-aralik-ayinda-azaldi\/","title":{"rendered":"(Turkish) T\u00fcrkiye&#8217;nin Elektrik T\u00fcketimi Aral\u0131k Ay\u0131nda Azald\u0131"},"content":{"rendered":"<p class=\"qtranxs-available-languages-message qtranxs-available-languages-message-en\">Sorry, this entry is only available in <a href=\"https:\/\/www.enerjigazetesi.ist\/tr\/wp-json\/wp\/v2\/posts\/85131\" class=\"qtranxs-available-language-link qtranxs-available-language-link-tr\" title=\"Turkish\">Turkish<\/a>. For the sake of viewer convenience, the content is shown below in the alternative language. You may click the link to switch the active language.<\/p><p><strong>T\u00fcrkiye\u2019nin elektrik t\u00fcketimi 2018&#8217;in Aral\u0131k ay\u0131nda 2017&#8217;nin ayn\u0131 ay\u0131na g\u00f6re y\u00fczde 1,74 oran\u0131nda geriledi.\u00a0<span id=\"more-103828\"><\/span>Ge\u00e7en Aral\u0131k&#8217;ta T\u00fcrkiye\u2019nin elektrik \u00fcretimi bir \u00f6nceki y\u0131l\u0131n ayn\u0131 ay\u0131na g\u00f6re y\u00fczde 1,74 oran\u0131nda azalarak 25 milyar 147 milyon 675 bin kilovatsaat de\u011ferine <img loading=\"lazy\" class=\"alignright size-medium wp-image-85133\" src=\"https:\/\/www.enerjigazetesi.ist\/wp-content\/uploads\/2019\/01\/turkiyenin-elektrik-tuketimi-aralik-ayinda-azaldi-300x150.jpg\" alt=\"\" width=\"300\" height=\"150\" srcset=\"https:\/\/www.enerjigazetesi.ist\/wp-content\/uploads\/2019\/01\/turkiyenin-elektrik-tuketimi-aralik-ayinda-azaldi-300x150.jpg 300w, https:\/\/www.enerjigazetesi.ist\/wp-content\/uploads\/2019\/01\/turkiyenin-elektrik-tuketimi-aralik-ayinda-azaldi-500x249.jpg 500w, https:\/\/www.enerjigazetesi.ist\/wp-content\/uploads\/2019\/01\/turkiyenin-elektrik-tuketimi-aralik-ayinda-azaldi-80x40.jpg 80w, https:\/\/www.enerjigazetesi.ist\/wp-content\/uploads\/2019\/01\/turkiyenin-elektrik-tuketimi-aralik-ayinda-azaldi.jpg 642w\" sizes=\"(max-width: 300px) 100vw, 300px\" \/>ula\u015ft\u0131.<\/strong><\/p>\n<p>Enerji ve Tabii Kaynaklar Bakanl\u0131\u011f\u0131 taraf\u0131ndan a\u00e7\u0131klanan verilere g\u00f6re, T\u00fcrkiye\u2019de ge\u00e7en Aral\u0131k ay\u0131nda g\u00fcnl\u00fck bazda en d\u00fc\u015f\u00fck elektrik t\u00fcketimi 691 milyon 573 bin kilovatsaat ile 2 Aral\u0131k tarihinde, en y\u00fcksek elektrik t\u00fcketimi ise 870 milyon 25 bin kilovatsaat ile 19 Aral\u0131k&#8217;ta yap\u0131ld\u0131.<\/p>\n<p>Ge\u00e7en Aral\u0131k&#8217;ta elektrik t\u00fcketimi 2017&#8217;nin ayn\u0131 ay\u0131na g\u00f6re y\u00fczde 1,74 oran\u0131nda d\u00fc\u015ferek 25 milyar 147 milyon 675 bin kilovatsaate gerilerken elektrik \u00fcretimi ise y\u00fczde 0,98 oran\u0131nda d\u00fc\u015f\u00fc\u015f ile 25 milyar 415 milyon 598 bin kilovatsaat olarak ger\u00e7ekle\u015fti.<\/p>","protected":false},"excerpt":{"rendered":"<p>Sorry, this entry is only available in Turkish. For the sake of viewer convenience, the content is shown below in the alternative language. You may click the link to switch the active language.T\u00fcrkiye\u2019nin elektrik t\u00fcketimi 2018&#8217;in Aral\u0131k ay\u0131nda 2017&#8217;nin ayn\u0131 ay\u0131na g\u00f6re y\u00fczde 1,74 oran\u0131nda geriledi.\u00a0Ge\u00e7en Aral\u0131k&#8217;ta T\u00fcrkiye\u2019nin elektrik \u00fcretimi bir \u00f6nceki y\u0131l\u0131n ayn\u0131 ay\u0131na [&hellip;]<\/p>\n","protected":false},"author":1,"featured_media":85133,"comment_status":"open","ping_status":"open","sticky":false,"template":"","format":"standard","meta":[],"categories":[51,53],"tags":[68,34979,19638,34980,26353,130,19,67,1009,1972],"views":829,"_links":{"self":[{"href":"https:\/\/www.enerjigazetesi.ist\/en\/wp-json\/wp\/v2\/posts\/85131"}],"collection":[{"href":"https:\/\/www.enerjigazetesi.ist\/en\/wp-json\/wp\/v2\/posts"}],"about":[{"href":"https:\/\/www.enerjigazetesi.ist\/en\/wp-json\/wp\/v2\/types\/post"}],"author":[{"embeddable":true,"href":"https:\/\/www.enerjigazetesi.ist\/en\/wp-json\/wp\/v2\/users\/1"}],"replies":[{"embeddable":true,"href":"https:\/\/www.enerjigazetesi.ist\/en\/wp-json\/wp\/v2\/comments?post=85131"}],"version-history":[{"count":0,"href":"https:\/\/www.enerjigazetesi.ist\/en\/wp-json\/wp\/v2\/posts\/85131\/revisions"}],"wp:featuredmedia":[{"embeddable":true,"href":"https:\/\/www.enerjigazetesi.ist\/en\/wp-json\/wp\/v2\/media\/85133"}],"wp:attachment":[{"href":"https:\/\/www.enerjigazetesi.ist\/en\/wp-json\/wp\/v2\/media?parent=85131"}],"wp:term":[{"taxonomy":"category","embeddable":true,"href":"https:\/\/www.enerjigazetesi.ist\/en\/wp-json\/wp\/v2\/categories?post=85131"},{"taxonomy":"post_tag","embeddable":true,"href":"https:\/\/www.enerjigazetesi.ist\/en\/wp-json\/wp\/v2\/tags?post=85131"}],"curies":[{"name":"wp","href":"https:\/\/api.w.org\/{rel}","templated":true}]}}