{"id":85124,"date":"2019-01-10T09:09:35","date_gmt":"2019-01-10T06:09:35","guid":{"rendered":"https:\/\/www.enerjigazetesi.ist\/?p=85124"},"modified":"2019-01-10T09:19:00","modified_gmt":"2019-01-10T06:19:00","slug":"maski-727-bin-tllik-enerji-tesvikinden-faydalandi","status":"publish","type":"post","link":"https:\/\/www.enerjigazetesi.ist\/en\/maski-727-bin-tllik-enerji-tesvikinden-faydalandi\/","title":{"rendered":"(Turkish) MASK\u0130 727 Bin TL\u2019lik Enerji Te\u015fvikinden Faydaland\u0131"},"content":{"rendered":"<p class=\"qtranxs-available-languages-message qtranxs-available-languages-message-en\">Sorry, this entry is only available in <a href=\"https:\/\/www.enerjigazetesi.ist\/tr\/wp-json\/wp\/v2\/posts\/85124\" class=\"qtranxs-available-language-link qtranxs-available-language-link-tr\" title=\"Turkish\">Turkish<\/a>. For the sake of viewer convenience, the content is shown below in the alternative language. You may click the link to switch the active language.<\/p><p><\/p>\n<h1>MASK\u0130 Genel M\u00fcd\u00fcrl\u00fc\u011f\u00fc taraf\u0131ndan 2017 y\u0131l\u0131 kapsam\u0131nda i\u015fletilen 11 at\u0131ksu ar\u0131tma tesisi 727 bin TL\u2018lik enerji te\u015fvi\u011finden yararland\u0131. Ba\u015far\u0131l\u0131 bir \u015fekilde i\u015fletilen tesisler sayesinde kazanan Manisa oldu.<\/h1>\n<p><span id=\"more-103818\"><\/span>Manisa Su ve Kanalizasyon \u0130daresi (MASK\u0130) Genel M\u00fcd\u00fcrl\u00fc\u011f\u00fc, at\u0131ksu ar\u0131tma tesislerinin i\u015fletmesini ba\u015far\u0131yla devam ettiriyor. \u0130l\u00e7e belediyelerinden devir al\u0131nan tesisleri tam kapasite ile i\u015fleten MASK\u0130, 2010 y\u0131l\u0131nda \u00c7evre ve \u015eehircilik Bakanl\u0131\u011f\u0131 taraf\u0131ndan yay\u0131nlanan y\u00f6netmelik kapsam\u0131nda, \u00e7evre iznine sahip ve y\u0131l i\u00e7inde \u00e7evre cezas\u0131 almam\u0131\u015f at\u0131k su ar\u0131tma tesislerine verilen enerji te\u015fvikinden bir kez daha faydaland\u0131. <img loading=\"lazy\" class=\"alignleft size-medium wp-image-85126\" src=\"https:\/\/www.enerjigazetesi.ist\/wp-content\/uploads\/2019\/01\/maski-727-bin-tllik-enerji-tesvikinden-faydalandi-300x225.jpg\" alt=\"\" width=\"300\" height=\"225\" srcset=\"https:\/\/www.enerjigazetesi.ist\/wp-content\/uploads\/2019\/01\/maski-727-bin-tllik-enerji-tesvikinden-faydalandi-300x225.jpg 300w, https:\/\/www.enerjigazetesi.ist\/wp-content\/uploads\/2019\/01\/maski-727-bin-tllik-enerji-tesvikinden-faydalandi-768x576.jpg 768w, https:\/\/www.enerjigazetesi.ist\/wp-content\/uploads\/2019\/01\/maski-727-bin-tllik-enerji-tesvikinden-faydalandi-500x375.jpg 500w, https:\/\/www.enerjigazetesi.ist\/wp-content\/uploads\/2019\/01\/maski-727-bin-tllik-enerji-tesvikinden-faydalandi-67x50.jpg 67w, https:\/\/www.enerjigazetesi.ist\/wp-content\/uploads\/2019\/01\/maski-727-bin-tllik-enerji-tesvikinden-faydalandi.jpg 800w\" sizes=\"(max-width: 300px) 100vw, 300px\" \/>MASK\u0130, mevzuatta belirtilen niteliklere uygun olmas\u0131ndan \u00f6t\u00fcr\u00fc Ahmetli, Akhisar, Ala\u015fehir, Salihli Duras\u0131ll\u0131, G\u00f6lmarmara, K\u0131rka\u011fa\u00e7 Karakurt, \u015eehzadeler Karao\u011flanl\u0131, K\u0131rka\u011fa\u00e7, Kula, Salihli ve Saruhanl\u0131 At\u0131ksu Ar\u0131tma Tesisleri i\u00e7in \u00c7evre ve \u015eehircilik Bakanl\u0131\u011f\u0131\u2019ndan enerji te\u015fvi\u011fi ald\u0131.<\/p>\n<p>MASK\u0130 Genel M\u00fcd\u00fcr Yard\u0131mc\u0131s\u0131 \u015eehnaz Ba\u015faran ise B\u00fcy\u00fck\u015fehir Belediye Ba\u015fkan\u0131 Cengiz Erg\u00fcn\u2019\u00fcn 17 il\u00e7eye dev hizmetler g\u00f6t\u00fcrd\u00fc\u011f\u00fcn\u00fc dile getirerek, \u201cEvsel nitelikli at\u0131ksular\u0131n en iyi \u015fekilde d\u00f6n\u00fc\u015f\u00fcm sa\u011flad\u0131\u011f\u0131 tesislerimiz Avrupa Standartlar\u0131nda i\u015fletiliyor. Y\u00f6netmelikteki h\u00fck\u00fcmleri yerine getirmemiz dolay\u0131s\u0131yla \u00c7evre ve \u015eehircilik Bakanl\u0131\u011f\u0131\u2019n\u0131n at\u0131ksu ar\u0131tma tesisleri i\u00e7in bizlere sunmu\u015f oldu\u011fu enerji te\u015fvi\u011finden faydalanmay\u0131 s\u00fcrd\u00fcr\u00fcyoruz.&#8221; ifadelerini kulland\u0131.<\/p>","protected":false},"excerpt":{"rendered":"<p>Sorry, this entry is only available in Turkish. For the sake of viewer convenience, the content is shown below in the alternative language. You may click the link to switch the active language. MASK\u0130 Genel M\u00fcd\u00fcrl\u00fc\u011f\u00fc taraf\u0131ndan 2017 y\u0131l\u0131 kapsam\u0131nda i\u015fletilen 11 at\u0131ksu ar\u0131tma tesisi 727 bin TL\u2018lik enerji te\u015fvi\u011finden yararland\u0131. Ba\u015far\u0131l\u0131 bir \u015fekilde i\u015fletilen [&hellip;]<\/p>\n","protected":false},"author":1,"featured_media":85126,"comment_status":"open","ping_status":"open","sticky":false,"template":"","format":"standard","meta":[],"categories":[53],"tags":[44382,2195,25670,17455,44381,7254,44380,2199,67,1009,44378,44376,37377,44386,44384,36006,44379,31343,44377,38812,44383,44387,40302,44385],"views":815,"_links":{"self":[{"href":"https:\/\/www.enerjigazetesi.ist\/en\/wp-json\/wp\/v2\/posts\/85124"}],"collection":[{"href":"https:\/\/www.enerjigazetesi.ist\/en\/wp-json\/wp\/v2\/posts"}],"about":[{"href":"https:\/\/www.enerjigazetesi.ist\/en\/wp-json\/wp\/v2\/types\/post"}],"author":[{"embeddable":true,"href":"https:\/\/www.enerjigazetesi.ist\/en\/wp-json\/wp\/v2\/users\/1"}],"replies":[{"embeddable":true,"href":"https:\/\/www.enerjigazetesi.ist\/en\/wp-json\/wp\/v2\/comments?post=85124"}],"version-history":[{"count":0,"href":"https:\/\/www.enerjigazetesi.ist\/en\/wp-json\/wp\/v2\/posts\/85124\/revisions"}],"wp:featuredmedia":[{"embeddable":true,"href":"https:\/\/www.enerjigazetesi.ist\/en\/wp-json\/wp\/v2\/media\/85126"}],"wp:attachment":[{"href":"https:\/\/www.enerjigazetesi.ist\/en\/wp-json\/wp\/v2\/media?parent=85124"}],"wp:term":[{"taxonomy":"category","embeddable":true,"href":"https:\/\/www.enerjigazetesi.ist\/en\/wp-json\/wp\/v2\/categories?post=85124"},{"taxonomy":"post_tag","embeddable":true,"href":"https:\/\/www.enerjigazetesi.ist\/en\/wp-json\/wp\/v2\/tags?post=85124"}],"curies":[{"name":"wp","href":"https:\/\/api.w.org\/{rel}","templated":true}]}}