{"id":84984,"date":"2019-01-07T23:54:54","date_gmt":"2019-01-07T20:54:54","guid":{"rendered":"https:\/\/www.enerjigazetesi.ist\/?p=84984"},"modified":"2019-01-08T00:00:11","modified_gmt":"2019-01-07T21:00:11","slug":"uedastan-karsa-kardeslik-koprusu","status":"publish","type":"post","link":"https:\/\/www.enerjigazetesi.ist\/en\/uedastan-karsa-kardeslik-koprusu\/","title":{"rendered":"(Turkish) UEDA\u015e\u2019tan Kars&#8217;a Karde\u015flik K\u00f6pr\u00fcs\u00fc"},"content":{"rendered":"<p class=\"qtranxs-available-languages-message qtranxs-available-languages-message-en\">Sorry, this entry is only available in <a href=\"https:\/\/www.enerjigazetesi.ist\/tr\/wp-json\/wp\/v2\/posts\/84984\" class=\"qtranxs-available-language-link qtranxs-available-language-link-tr\" title=\"Turkish\">Turkish<\/a>. For the sake of viewer convenience, the content is shown below in the alternative language. You may click the link to switch the active language.<\/p><p><\/p>\n<h1>G\u00fcney Marmara B\u00f6lgesi\u2019nin elektrik da\u011f\u0131t\u0131m \u015firketi Uluda\u011f Elektrik Da\u011f\u0131t\u0131m A.\u015e. (UEDA\u015e) \u201cKarde\u015fim \u00dc\u015f\u00fcmesin\u201d Projesi kapsam\u0131nda Kars\u2019\u0131n Merkez il\u00e7esine ba\u011fl\u0131 Esenkent k\u00f6y\u00fcnde 201 \u00e7ocu\u011fun k\u0131\u015fl\u0131k giysilerini kar\u015f\u0131layarak, bat\u0131dan do\u011fuya yard\u0131m eli uzatt\u0131.<\/h1>\n<p><img loading=\"lazy\" class=\"alignleft size-medium wp-image-84986\" src=\"https:\/\/www.enerjigazetesi.ist\/wp-content\/uploads\/2019\/01\/english-uedastan-karsa-kardeslik-koprusu2-257x300.jpg\" alt=\"\" width=\"257\" height=\"300\" srcset=\"https:\/\/www.enerjigazetesi.ist\/wp-content\/uploads\/2019\/01\/english-uedastan-karsa-kardeslik-koprusu2-257x300.jpg 257w, https:\/\/www.enerjigazetesi.ist\/wp-content\/uploads\/2019\/01\/english-uedastan-karsa-kardeslik-koprusu2-343x400.jpg 343w, https:\/\/www.enerjigazetesi.ist\/wp-content\/uploads\/2019\/01\/english-uedastan-karsa-kardeslik-koprusu2-43x50.jpg 43w, https:\/\/www.enerjigazetesi.ist\/wp-content\/uploads\/2019\/01\/english-uedastan-karsa-kardeslik-koprusu2.jpg 366w\" sizes=\"(max-width: 257px) 100vw, 257px\" \/>Enerji sekt\u00f6r\u00fcn\u00fcn \u00f6nc\u00fc \u015firketlerinden Limak Enerji b\u00fcnyesinde faaliyet g\u00f6steren UEDA\u015e, s\u00fcrd\u00fcr\u00fclebilir sosyal sorumluluk projeleriyle topluma dokunuyor.\u00a0 \u015eirket, so\u011fuk k\u0131\u015f g\u00fcnlerinde ihtiya\u00e7 sahibi \u00f6\u011frencilerin \u00fc\u015f\u00fcmemesi i\u00e7in hayata ge\u00e7irilen \u201cKarde\u015fim \u00dc\u015f\u00fcmesin\u201d projesini hizmet b\u00f6lgesi d\u0131\u015f\u0131nda da s\u00fcrd\u00fcr\u00fcyor. Kars Merkeze ba\u011fl\u0131 Esenkent k\u00f6y\u00fcnde yer alan \u015eehit Bedri Sinan \u0130lkokulu&#8217;nda ihtiya\u00e7 sahibi \u00f6\u011frencilerle bulu\u015fan UEDA\u015e Kars \u00c7a\u011fr\u0131 Merkezi M\u00fcd\u00fcr\u00fc Hakan \u00c7imen, Kurumsal \u0130leti\u015fim M\u00fcd\u00fcr\u00fc Yusuf Ziya Y\u00fcce ve \u00e7a\u011fr\u0131 merkezi \u00e7al\u0131\u015fanlar\u0131 \u00f6\u011frencileri kendi elleriyle giydirerek, onlar\u0131n\u00a0sevin\u00e7lerine ortak oldu. Karde\u015fim \u00dc\u015f\u00fcmesin Projesini \u00c7anakkale ve Biga&#8217;da s\u00fcrd\u00fcrecek olan UEDA\u015e ekipleri, hizmet b\u00f6lgesinde olsun ya da olmas\u0131n ihtiya\u00e7 sahibi \u00e7ocuklara yard\u0131m eli uzatarak y\u00fcreklerini \u0131s\u0131tmay\u0131 hedefliyor.<\/p>\n<p><strong>2013\u2019TEN BER\u0130 6 B\u0130N \u00c7OCUK ISINDI<\/strong><\/p>\n<p>Yard\u0131mlarla ihtiya\u00e7 sahibi \u00e7ocuklar\u0131n k\u0131\u015fl\u0131k giysilere kavu\u015fmas\u0131 hedefleniyor. &#8220;Karde\u015fim \u00dc\u015f\u00fcmesin&#8221; Projesi kapsam\u0131nda 1000 \u00f6\u011frenciye mont, atk\u0131, bere, eldiven yard\u0131m\u0131 yap\u0131lacak.\u00a0 B\u00f6ylelikle, projenin ba\u015flang\u0131\u00e7 tarihi olan 2013 y\u0131l\u0131ndan itibaren toplamda 6 bin \u00e7ocu\u011fun k\u0131\u015fl\u0131k giyecek ihtiyac\u0131 kar\u015f\u0131lanm\u0131\u015f olacak.<\/p>\n<p><strong>M\u0130LL\u0130 E\u011e\u0130T\u0130M BAKANLI\u011eI \u0130LE KOORD\u0130NEL\u0130 Y\u00dcR\u00dcT\u00dcL\u00dcYOR<\/strong><\/p>\n<p>Hizmet b\u00f6lgesi olan Bursa, Bal\u0131kesir, Yalova ve \u00c7anakkale\u2019de 3.1 milyon aboneye elektrik da\u011f\u0131t\u0131m hizmeti veren UEDA\u015e, bu b\u00f6lgelerde s\u00fcrd\u00fcr\u00fclen \u201cKarde\u015fim \u00dc\u015f\u00fcmesin\u201d projesiyle ihtiya\u00e7 sahibi \u00f6\u011frencilerle g\u00f6n\u00fcllerini \u0131s\u0131t\u0131yor. Milli E\u011fitim Bakanl\u0131\u011f\u0131 ile koordineli bir \u015fekilde y\u00fcr\u00fct\u00fclen projeyle birlikte, Bakanl\u0131\u011f\u0131n belirledi\u011fi k\u0131rsal b\u00f6lgelerdeki okullarda k\u0131\u015fl\u0131k giyecek yard\u0131m\u0131 yap\u0131l\u0131yor.<\/p>","protected":false},"excerpt":{"rendered":"<p>Sorry, this entry is only available in Turkish. For the sake of viewer convenience, the content is shown below in the alternative language. You may click the link to switch the active language. G\u00fcney Marmara B\u00f6lgesi\u2019nin elektrik da\u011f\u0131t\u0131m \u015firketi Uluda\u011f Elektrik Da\u011f\u0131t\u0131m A.\u015e. (UEDA\u015e) \u201cKarde\u015fim \u00dc\u015f\u00fcmesin\u201d Projesi kapsam\u0131nda Kars\u2019\u0131n Merkez il\u00e7esine ba\u011fl\u0131 Esenkent k\u00f6y\u00fcnde 201 [&hellip;]<\/p>\n","protected":false},"author":1,"featured_media":84987,"comment_status":"open","ping_status":"open","sticky":false,"template":"","format":"standard","meta":[],"categories":[51,53],"tags":[15016,1079,34979,19638,34980,26353,67,1009,44280,42021,44279,10698],"views":767,"_links":{"self":[{"href":"https:\/\/www.enerjigazetesi.ist\/en\/wp-json\/wp\/v2\/posts\/84984"}],"collection":[{"href":"https:\/\/www.enerjigazetesi.ist\/en\/wp-json\/wp\/v2\/posts"}],"about":[{"href":"https:\/\/www.enerjigazetesi.ist\/en\/wp-json\/wp\/v2\/types\/post"}],"author":[{"embeddable":true,"href":"https:\/\/www.enerjigazetesi.ist\/en\/wp-json\/wp\/v2\/users\/1"}],"replies":[{"embeddable":true,"href":"https:\/\/www.enerjigazetesi.ist\/en\/wp-json\/wp\/v2\/comments?post=84984"}],"version-history":[{"count":1,"href":"https:\/\/www.enerjigazetesi.ist\/en\/wp-json\/wp\/v2\/posts\/84984\/revisions"}],"predecessor-version":[{"id":84985,"href":"https:\/\/www.enerjigazetesi.ist\/en\/wp-json\/wp\/v2\/posts\/84984\/revisions\/84985"}],"wp:featuredmedia":[{"embeddable":true,"href":"https:\/\/www.enerjigazetesi.ist\/en\/wp-json\/wp\/v2\/media\/84987"}],"wp:attachment":[{"href":"https:\/\/www.enerjigazetesi.ist\/en\/wp-json\/wp\/v2\/media?parent=84984"}],"wp:term":[{"taxonomy":"category","embeddable":true,"href":"https:\/\/www.enerjigazetesi.ist\/en\/wp-json\/wp\/v2\/categories?post=84984"},{"taxonomy":"post_tag","embeddable":true,"href":"https:\/\/www.enerjigazetesi.ist\/en\/wp-json\/wp\/v2\/tags?post=84984"}],"curies":[{"name":"wp","href":"https:\/\/api.w.org\/{rel}","templated":true}]}}