{"id":84962,"date":"2019-01-07T17:44:16","date_gmt":"2019-01-07T14:44:16","guid":{"rendered":"https:\/\/www.enerjigazetesi.ist\/?p=84962"},"modified":"2019-01-07T17:54:46","modified_gmt":"2019-01-07T14:54:46","slug":"pagevin-yeni-cevre-yasasiyla-plastik-posetlerin-ucretli-olmasina-dair-bakis","status":"publish","type":"post","link":"https:\/\/www.enerjigazetesi.ist\/en\/pagevin-yeni-cevre-yasasiyla-plastik-posetlerin-ucretli-olmasina-dair-bakis\/","title":{"rendered":"(Turkish) Pagev\u2019in Yeni \u00c7evre Yasas\u0131yla Plastik Po\u015fetlerin \u00dccretli Olmas\u0131na Dair Bak\u0131\u015f\u0131"},"content":{"rendered":"<p class=\"qtranxs-available-languages-message qtranxs-available-languages-message-en\">Sorry, this entry is only available in <a href=\"https:\/\/www.enerjigazetesi.ist\/tr\/wp-json\/wp\/v2\/posts\/84962\" class=\"qtranxs-available-language-link qtranxs-available-language-link-tr\" title=\"Turkish\">Turkish<\/a>. For the sake of viewer convenience, the content is shown below in the alternative language. You may click the link to switch the active language.<\/p><p><strong>TOBB Plastik, Kau\u00e7uk ve Kompozit Sanayi Meclisi ve T\u00fcrk Plastik Sanayicileri Ara\u015ft\u0131rma Geli\u015ftirme ve E\u011fitim Vakf\u0131 (PAGEV) Ba\u015fkan\u0131 Yavuz Ero\u011flu, yeni \u00c7evre Kanunu ve 01 Ocak 2019 tarihinden itibaren plastik po\u015fetlerin 25 kuru\u015fa verilmesi konusundaki de\u011ferlendirmelerini 10 maddede \u00f6zetledi. <\/strong><\/p>\n<p>&#8211; Plastik po\u015fet t\u00fcketiminin azalt\u0131lmas\u0131 hedefinin kar\u015f\u0131s\u0131nda de\u011filiz aksine bilin\u00e7li t\u00fcketimi ve geri d\u00f6n\u00fc\u015f\u00fcm\u00fc destekliyoruz.<img loading=\"lazy\" class=\"alignright size-medium wp-image-84965\" src=\"https:\/\/www.enerjigazetesi.ist\/wp-content\/uploads\/2019\/01\/pagevin-yeni-cevre-yasasiyla-plastik-posetlerin-ucretli-olmasina-dair-bakis-1-300x200.jpg\" alt=\"\" width=\"300\" height=\"200\" srcset=\"https:\/\/www.enerjigazetesi.ist\/wp-content\/uploads\/2019\/01\/pagevin-yeni-cevre-yasasiyla-plastik-posetlerin-ucretli-olmasina-dair-bakis-1-300x200.jpg 300w, https:\/\/www.enerjigazetesi.ist\/wp-content\/uploads\/2019\/01\/pagevin-yeni-cevre-yasasiyla-plastik-posetlerin-ucretli-olmasina-dair-bakis-1-500x333.jpg 500w, https:\/\/www.enerjigazetesi.ist\/wp-content\/uploads\/2019\/01\/pagevin-yeni-cevre-yasasiyla-plastik-posetlerin-ucretli-olmasina-dair-bakis-1-75x50.jpg 75w, https:\/\/www.enerjigazetesi.ist\/wp-content\/uploads\/2019\/01\/pagevin-yeni-cevre-yasasiyla-plastik-posetlerin-ucretli-olmasina-dair-bakis-1-450x300.jpg 450w, https:\/\/www.enerjigazetesi.ist\/wp-content\/uploads\/2019\/01\/pagevin-yeni-cevre-yasasiyla-plastik-posetlerin-ucretli-olmasina-dair-bakis-1.jpg 732w\" sizes=\"(max-width: 300px) 100vw, 300px\" \/><\/p>\n<p>&#8211; \u00c7evreyi korumak istiyorsak sadece plastikler de\u011fil ka\u011f\u0131t, cam, her t\u00fcrl\u00fc malzemeyi bilin\u00e7li t\u00fcketmek zorunday\u0131z. T\u00fcm alanlarda gereksiz t\u00fcketim sonland\u0131r\u0131lmal\u0131. Plastik yasak ama istedi\u011finiz kadar ka\u011f\u0131t po\u015fet kullanabilirsiniz demek de tutars\u0131zl\u0131kt\u0131r.<\/p>\n<p>&#8211; 01 Ocak 2019\u2019da y\u00fcr\u00fcrl\u00fc\u011fe giren \u00c7evre Kanunu, a\u015f\u0131r\u0131 ve bilin\u00e7siz t\u00fcketimi \u00f6nlemek noktas\u0131nda \u00f6nemli ancak yasada ucu a\u00e7\u0131k b\u0131rak\u0131lan noktalar\u0131n netle\u015ftirilmesi gerekiyor.<\/p>\n<p>&#8211; Plastik po\u015fetlerin \u00fccretli hale gelmesi Avrupa Birli\u011fi ile uyum s\u00fcreci kapsam\u0131nda g\u00fcndeme gelen bir uygulamad\u0131r<strong>. <\/strong><\/p>\n<p><strong>Avrupa Birli\u011fi\u2019nde 15-50 mikron aras\u0131 plastik po\u015fetler i\u00e7in \u00fccret zorunluyken 50 mikronun \u00fczerindeki po\u015fetler kapsam d\u0131\u015f\u0131 tutuluyor. Bu ayr\u0131m T\u00fcrkiye\u2019deki mevzuatta yer alm\u0131yor. Ma\u011fazalardaki 50 mikron \u00fczeri kal\u0131n po\u015fetler de \u00fccretli olacak demektir.<\/strong><\/p>\n<p>&#8211; Biyobozunur biyoplastiklerle ilgili herhangi bir d\u00fczenleme yap\u0131lmamas\u0131 \u00f6nemli bir eksiklik. Bu malzemelerle \u00fcretilen po\u015fetler de \u00fccretsiz olmal\u0131.<\/p>\n<p>&#8211; Plastik po\u015fetlerden elde edilecek paray\u0131 kimse gelir kap\u0131s\u0131 olarak g\u00f6rmesin. Gelirin bir \u00e7evre fonunda biriktirilmesi, \u00e7evre konusunda bilin\u00e7lendirme ve geri d\u00f6n\u00fc\u015f\u00fcm \u00e7al\u0131\u015fmalar\u0131 i\u00e7in kaynak olu\u015fturulmas\u0131 yasan\u0131n ger\u00e7ek anlamda amac\u0131na ula\u015fmas\u0131n\u0131 sa\u011flayacakt\u0131r. Bu parayla At\u0131k Y\u00f6netim Sistemi ve geri d\u00f6n\u00fc\u015f\u00fcm altyap\u0131s\u0131ndaki eksiklikler giderilmeli.<\/p>\n<p>&#8211; Perakendeciler bu yasay\u0131 k\u00e2ra \u00e7evirmek istiyor. Eskiden parayla al\u0131p bedava verdikleri po\u015feti \u015fimdi 25 kuru\u015fa satacaklar, hem de 10 kuru\u015fu kendilerinin olacak. Vatanda\u015f\u0131 e\u011fitip po\u015fetleri geri d\u00f6n\u00fc\u015f\u00fcme kazand\u0131rmalar\u0131n\u0131 te\u015fvik etmek yerine vatanda\u015ftan her po\u015fet i\u00e7in para almak k\u0131sa vadeli bir \u00e7\u00f6z\u00fcmd\u00fcr. \u00d6nerimiz t\u00fcketicinin po\u015fet i\u00e7in verece\u011fi paralar\u0131n bir \u00e7evre fonuna aktar\u0131lmas\u0131d\u0131r.<\/p>\n<p>&#8211; Bu konu k\u00fc\u00e7\u00fck esnafla m\u00fc\u015fterisi aras\u0131nda da b\u00fcy\u00fck ihtilaflara sebep olacakt\u0131r. \u00d6rne\u011fin kuruyemi\u015f\u00e7iden al\u0131nacak bir torba i\u00e7in bile bu \u00fccret ayr\u0131ca \u00f6denmek durumunda kal\u0131nacak. Bu nedenle po\u015fetlerin en az 200 metrekarenin \u00fczerindeki sat\u0131\u015f noktalar\u0131nda \u00fccretli olmas\u0131 gerekti\u011fini d\u00fc\u015f\u00fcn\u00fcyoruz. Sonu\u00e7 olarak ama\u00e7 birilerini cezaland\u0131rmak de\u011fil bilin\u00e7siz t\u00fcketimi \u00f6nlemek.<\/p>\n<p>&#8211; Yeni \u00c7evre Yasas\u0131 ile at\u0131klar\u0131n geri d\u00f6n\u00fc\u015f\u00fcm\u00fc i\u00e7in firmalar\u0131n \u00f6dedi\u011fi katk\u0131 pay\u0131 \u00e7ok artacak. Plastikler i\u00e7in bu pay 9 kat olacak. Al\u00fcminyum kutularda 12,5 kat, metal kutularda 6 kat, s\u00fct kutusu gibi kompozit kutularda 10 kat, k\u00e2\u011f\u0131tta 8,6 kat artacak. Bu maliyet her \u015fekilde t\u00fcketiciye yans\u0131yacakt\u0131r.<\/p>\n<p>&#8211; Ara\u015ft\u0131rmalar po\u015fetlerin paral\u0131 olmas\u0131n\u0131n t\u00fcketimi azaltt\u0131\u011f\u0131n\u0131 g\u00f6steriyor. T\u00fcrkiye\u2019de de uygulaman\u0131n ilk y\u0131l\u0131nda po\u015fet t\u00fcketiminin y\u00fczde 50 d\u00fc\u015fece\u011fini tahmin ediyoruz. Bu da y\u0131ll\u0131k 200 \u2013 250 bin ton civar\u0131nda olan plastik po\u015fet \u00fcretiminin en az y\u00fczde 50 azalmas\u0131 anlam\u0131na geliyor ki bu durum \u00fcretici firmalar\u0131m\u0131z\u0131 zora sokacak. \u00dcstelik ciddi bir istihdam kayb\u0131 da g\u00f6zlenecek. Bug\u00fcn 20 bin ki\u015fiyi istihdam eden sekt\u00f6rde yakla\u015f\u0131k 10 bin ki\u015fi i\u015fsiz kalma riski ile kar\u015f\u0131 kar\u015f\u0131ya. Firmalara yeni bir \u00fcr\u00fcn \u00fcretmesi konusunda destek olunmas\u0131 gerekiyor. Bu konuda \u00f6nerimiz plastik po\u015fet \u00fcreten firmalar T\u00fcrkiye\u2019nin hangi b\u00f6lgesinde olurlarsa olsunlar bu ge\u00e7i\u015f s\u00fcrecinde 6. B\u00f6lge te\u015fviklerinden yararland\u0131r\u0131lmalar\u0131d\u0131r.<\/p>","protected":false},"excerpt":{"rendered":"<p>Sorry, this entry is only available in Turkish. For the sake of viewer convenience, the content is shown below in the alternative language. You may click the link to switch the active language.TOBB Plastik, Kau\u00e7uk ve Kompozit Sanayi Meclisi ve T\u00fcrk Plastik Sanayicileri Ara\u015ft\u0131rma Geli\u015ftirme ve E\u011fitim Vakf\u0131 (PAGEV) Ba\u015fkan\u0131 Yavuz Ero\u011flu, yeni \u00c7evre Kanunu [&hellip;]<\/p>\n","protected":false},"author":1,"featured_media":84965,"comment_status":"open","ping_status":"open","sticky":false,"template":"","format":"standard","meta":[],"categories":[53,52],"tags":[1192,44263,2132,44262,67,1009,44264,44259,27727,44261,44260,44267,44266,44258,40654,40655,44265],"views":876,"_links":{"self":[{"href":"https:\/\/www.enerjigazetesi.ist\/en\/wp-json\/wp\/v2\/posts\/84962"}],"collection":[{"href":"https:\/\/www.enerjigazetesi.ist\/en\/wp-json\/wp\/v2\/posts"}],"about":[{"href":"https:\/\/www.enerjigazetesi.ist\/en\/wp-json\/wp\/v2\/types\/post"}],"author":[{"embeddable":true,"href":"https:\/\/www.enerjigazetesi.ist\/en\/wp-json\/wp\/v2\/users\/1"}],"replies":[{"embeddable":true,"href":"https:\/\/www.enerjigazetesi.ist\/en\/wp-json\/wp\/v2\/comments?post=84962"}],"version-history":[{"count":0,"href":"https:\/\/www.enerjigazetesi.ist\/en\/wp-json\/wp\/v2\/posts\/84962\/revisions"}],"wp:featuredmedia":[{"embeddable":true,"href":"https:\/\/www.enerjigazetesi.ist\/en\/wp-json\/wp\/v2\/media\/84965"}],"wp:attachment":[{"href":"https:\/\/www.enerjigazetesi.ist\/en\/wp-json\/wp\/v2\/media?parent=84962"}],"wp:term":[{"taxonomy":"category","embeddable":true,"href":"https:\/\/www.enerjigazetesi.ist\/en\/wp-json\/wp\/v2\/categories?post=84962"},{"taxonomy":"post_tag","embeddable":true,"href":"https:\/\/www.enerjigazetesi.ist\/en\/wp-json\/wp\/v2\/tags?post=84962"}],"curies":[{"name":"wp","href":"https:\/\/api.w.org\/{rel}","templated":true}]}}