{"id":84844,"date":"2019-01-05T18:54:53","date_gmt":"2019-01-05T15:54:53","guid":{"rendered":"https:\/\/www.enerjigazetesi.ist\/?p=84844"},"modified":"2019-01-05T19:14:09","modified_gmt":"2019-01-05T16:14:09","slug":"enerji-sektoru-09-ocakta-izmirde-enerji-sohbetleri-ile-biraraya-geliyor","status":"publish","type":"post","link":"https:\/\/www.enerjigazetesi.ist\/en\/enerji-sektoru-09-ocakta-izmirde-enerji-sohbetleri-ile-biraraya-geliyor\/","title":{"rendered":"(Turkish) Enerji Sekt\u00f6r\u00fc, 09 Ocak&#8217;ta \u0130zmir&#8217;de &#8216;Enerji Sohbetleri&#8217; ile Biraraya Geliyor!"},"content":{"rendered":"<p class=\"qtranxs-available-languages-message qtranxs-available-languages-message-en\">Sorry, this entry is only available in <a href=\"https:\/\/www.enerjigazetesi.ist\/tr\/wp-json\/wp\/v2\/posts\/84844\" class=\"qtranxs-available-language-link qtranxs-available-language-link-tr\" title=\"Turkish\">Turkish<\/a>. For the sake of viewer convenience, the content is shown below in the alternative language. You may click the link to switch the active language.<\/p><p><strong>Bu y\u0131l 25&#8217;inci ya\u015f\u0131n\u0131 kutlamakta olan ICCI Uluslararas\u0131 Enerji ve \u00c7evre Fuar ve Konferans\u0131 d\u00fczenledi\u011fi etkinlikler ile enerji sekt\u00f6r\u00fcn\u00fc bir araya getiriyor. 1&#8217;incisinin 9 Ocak 2019&#8217;da \u0130zmir&#8217;de yap\u0131laca\u011f\u0131 \u201cEnerji Sohbetleri\u201d \u00fccretsiz etkinli\u011fine sizi de davet ediyoruz!<\/strong><\/p>\n<p><strong>12:30 \u2013 13:00 Kay\u0131t ve Tan\u0131\u015fma<img loading=\"lazy\" class=\"alignright size-medium wp-image-84847\" src=\"https:\/\/www.enerjigazetesi.ist\/wp-content\/uploads\/2019\/01\/09-ocakta-izmirde-enerji-sohbetleri-etkinligiyle-sektor-biraraya-geliyor-300x225.jpg\" alt=\"\" width=\"300\" height=\"225\" srcset=\"https:\/\/www.enerjigazetesi.ist\/wp-content\/uploads\/2019\/01\/09-ocakta-izmirde-enerji-sohbetleri-etkinligiyle-sektor-biraraya-geliyor-300x225.jpg 300w, https:\/\/www.enerjigazetesi.ist\/wp-content\/uploads\/2019\/01\/09-ocakta-izmirde-enerji-sohbetleri-etkinligiyle-sektor-biraraya-geliyor-500x375.jpg 500w, https:\/\/www.enerjigazetesi.ist\/wp-content\/uploads\/2019\/01\/09-ocakta-izmirde-enerji-sohbetleri-etkinligiyle-sektor-biraraya-geliyor-67x50.jpg 67w, https:\/\/www.enerjigazetesi.ist\/wp-content\/uploads\/2019\/01\/09-ocakta-izmirde-enerji-sohbetleri-etkinligiyle-sektor-biraraya-geliyor.jpg 550w\" sizes=\"(max-width: 300px) 100vw, 300px\" \/><\/strong><\/p>\n<p><strong>13:00 \u2013 13:30 A\u00e7\u0131l\u0131\u015f Konu\u015fmalar\u0131<\/strong><\/p>\n<p>Cem \u00d6zk\u00f6k, G\u00dcYAD Y\u00f6netim Kurulu Ba\u015fkan\u0131<br \/>\nMustafa Serdar Ataseven, T\u00dcREB Y\u00f6netim Kurulu Ba\u015fkan\u0131<br \/>\nDr. Mehmet Yavuz, \u0130zmir Kalk\u0131nma Ajans\u0131 Genel Sekreteri<br \/>\nMuhsin D\u00f6nmez, EBSO Y\u00f6netim Kurulu Ba\u015fkan Yard\u0131mc\u0131s\u0131, Yenilenebilir Enerji ve Enerji Verimlili\u011fi \u00c7al\u0131\u015fma Grubu Ba\u015fkan\u0131<\/p>\n<p><strong>13:30 \u2013 14:00 G\u00fcne\u015f Enerjisi Sekt\u00f6r\u00fcndeki Son Geli\u015fmeler<\/strong><\/p>\n<p>Ate\u015f U\u011furel, Solarbaba<\/p>\n<p><strong>14:00 \u2013 15:00 G\u00fcne\u015f Oturumu<\/strong><\/p>\n<p>Moderat\u00f6r: Ate\u015f U\u011furel, Solarbaba<br \/>\n\u0130skender K\u00f6key, X-GEN Y\u00f6netici Ortak<br \/>\nDr. Av. \u00d6zlem D\u00f6\u011ferlio\u011flu, D\u00f6\u011ferlio\u011flu Avukatl\u0131k B\u00fcrosu Y\u00f6netici Ortak<br \/>\nTolga \u00d6zdemir, Konar Enerji Kurucusu ve Y\u00f6netim Kurulu Ba\u015fkan\u0131<\/p>\n<p><strong>15:00 \u2013 15:30 Ara<\/strong><\/p>\n<p><strong>15:30 \u2013 16:00 T\u00fcrkiye R\u00fczgar Enerjisi Sekt\u00f6r\u00fc Genel De\u011ferlendirmesi<\/strong><\/p>\n<p>Mustafa Serdar Ataseven, T\u00dcREB Y\u00f6netim Kurulu Ba\u015fkan\u0131<\/p>\n<p><strong>16:00 \u2013 17:00 R\u00fczgar Oturumu<\/strong><\/p>\n<p>Moderat\u00f6r: Mustafa Serdar Ataseven, T\u00dcREB Y\u00f6netim Kurulu Ba\u015fkan\u0131<br \/>\nM. Sencer \u00d6zen, Invest in \u0130zmir Yat\u0131r\u0131m Destek ve Tan\u0131t\u0131m Uzman\u0131<br \/>\nG\u00f6khan Serdar, TPI Composites CFO<br \/>\nDo\u00e7. Dr. Mehmet Efe Biresselio\u011flu, \u0130zmir Ekonomi \u00dcniversitesi, S\u00fcr\u00fcd\u00fcr\u00fclebilir Enerji Anabilim Dal\u0131 Ba\u015fkan\u0131<\/p>\n<p><strong>Yer:<\/strong>\u00a0Ege B\u00f6lgesi Sanayi Odas\u0131 Meclis Salonu<br \/>\n<strong>Kroki:<\/strong>\u00a0<a href=\"https:\/\/goo.gl\/maps\/fNuGu5nZgTn\"><u>Kroki \u0130\u00e7in T\u0131klay\u0131n &gt;&gt;&gt;<\/u><\/a><br \/>\n<strong>Tarih:<\/strong>\u00a09 Ocak 2019<br \/>\n<strong>Saat:<\/strong>\u00a012.30-17.30<br \/>\n<strong>\u00dccretsiz kay\u0131t:\u00a0<\/strong><a href=\"mailto:info@icci.com.tr\">info@icci.com.tr<\/a>\u00a0ve(ya)\u00a0<strong>0212 334 69 87<\/strong><\/p>","protected":false},"excerpt":{"rendered":"<p>Sorry, this entry is only available in Turkish. For the sake of viewer convenience, the content is shown below in the alternative language. You may click the link to switch the active language.Bu y\u0131l 25&#8217;inci ya\u015f\u0131n\u0131 kutlamakta olan ICCI Uluslararas\u0131 Enerji ve \u00c7evre Fuar ve Konferans\u0131 d\u00fczenledi\u011fi etkinlikler ile enerji sekt\u00f6r\u00fcn\u00fc bir araya getiriyor. 1&#8217;incisinin [&hellip;]<\/p>\n","protected":false},"author":1,"featured_media":84848,"comment_status":"open","ping_status":"open","sticky":false,"template":"","format":"standard","meta":[],"categories":[51,53,49,50],"tags":[15452,44176,44172,67,1009,35038,44175,23416,23133,34925,23131,580,40544,44174,3388,35002,24949,23318,34961,15457,44173,1682,22125,44171],"views":962,"_links":{"self":[{"href":"https:\/\/www.enerjigazetesi.ist\/en\/wp-json\/wp\/v2\/posts\/84844"}],"collection":[{"href":"https:\/\/www.enerjigazetesi.ist\/en\/wp-json\/wp\/v2\/posts"}],"about":[{"href":"https:\/\/www.enerjigazetesi.ist\/en\/wp-json\/wp\/v2\/types\/post"}],"author":[{"embeddable":true,"href":"https:\/\/www.enerjigazetesi.ist\/en\/wp-json\/wp\/v2\/users\/1"}],"replies":[{"embeddable":true,"href":"https:\/\/www.enerjigazetesi.ist\/en\/wp-json\/wp\/v2\/comments?post=84844"}],"version-history":[{"count":0,"href":"https:\/\/www.enerjigazetesi.ist\/en\/wp-json\/wp\/v2\/posts\/84844\/revisions"}],"wp:featuredmedia":[{"embeddable":true,"href":"https:\/\/www.enerjigazetesi.ist\/en\/wp-json\/wp\/v2\/media\/84848"}],"wp:attachment":[{"href":"https:\/\/www.enerjigazetesi.ist\/en\/wp-json\/wp\/v2\/media?parent=84844"}],"wp:term":[{"taxonomy":"category","embeddable":true,"href":"https:\/\/www.enerjigazetesi.ist\/en\/wp-json\/wp\/v2\/categories?post=84844"},{"taxonomy":"post_tag","embeddable":true,"href":"https:\/\/www.enerjigazetesi.ist\/en\/wp-json\/wp\/v2\/tags?post=84844"}],"curies":[{"name":"wp","href":"https:\/\/api.w.org\/{rel}","templated":true}]}}