{"id":84683,"date":"2019-01-03T22:33:18","date_gmt":"2019-01-03T19:33:18","guid":{"rendered":"https:\/\/www.enerjigazetesi.ist\/?p=84683"},"modified":"2019-01-03T22:50:37","modified_gmt":"2019-01-03T19:50:37","slug":"english-ktuden-cok-dusuk-siddetli-ruzgarda-bile-calisabilen-ruzgar-santrali-res","status":"publish","type":"post","link":"https:\/\/www.enerjigazetesi.ist\/en\/english-ktuden-cok-dusuk-siddetli-ruzgarda-bile-calisabilen-ruzgar-santrali-res\/","title":{"rendered":"(Turkish) KT\u00dc\u2019den \u00c7ok D\u00fc\u015f\u00fck \u015eiddetli R\u00fczgarda Bile \u00c7al\u0131\u015fabilen R\u00fczgar Santrali (RES)"},"content":{"rendered":"<p class=\"qtranxs-available-languages-message qtranxs-available-languages-message-en\">Sorry, this entry is only available in <a href=\"https:\/\/www.enerjigazetesi.ist\/tr\/wp-json\/wp\/v2\/posts\/84683\" class=\"qtranxs-available-language-link qtranxs-available-language-link-tr\" title=\"Turkish\">Turkish<\/a>. For the sake of viewer convenience, the content is shown below in the alternative language. You may click the link to switch the active language.<\/p><p><strong>Karadeniz Teknik \u00dcniversitesinde (KT\u00dc) haz\u0131rl\u0131klar\u0131 tamamlanan \u201cDikey Eksenli Portatif R\u00fczgar Santrali\u201d projesiyle \u00e7ok d\u00fc\u015f\u00fck \u015fiddette esen r\u00fczgarda bile elektrik \u00fcretimi ger\u00e7ekle\u015ftirilecek.<\/strong><span id=\"more-103761\"><\/span><\/p>\n<p>T\u00dcB\u0130TAK taraf\u0131ndan destek al\u0131narak haz\u0131rlanan projeyi test etmek i\u00e7in haz\u0131rlanan r\u00fczgar santrali&#8217;nin <img loading=\"lazy\" class=\"alignright size-medium wp-image-84685\" src=\"https:\/\/www.enerjigazetesi.ist\/wp-content\/uploads\/2019\/01\/ktuden-cok-dusuk-siddetli-ruzgarda-bile-calisabilen-ruzgar-santrali-res-300x200.jpg\" alt=\"\" width=\"300\" height=\"200\" srcset=\"https:\/\/www.enerjigazetesi.ist\/wp-content\/uploads\/2019\/01\/ktuden-cok-dusuk-siddetli-ruzgarda-bile-calisabilen-ruzgar-santrali-res-300x200.jpg 300w, https:\/\/www.enerjigazetesi.ist\/wp-content\/uploads\/2019\/01\/ktuden-cok-dusuk-siddetli-ruzgarda-bile-calisabilen-ruzgar-santrali-res-500x333.jpg 500w, https:\/\/www.enerjigazetesi.ist\/wp-content\/uploads\/2019\/01\/ktuden-cok-dusuk-siddetli-ruzgarda-bile-calisabilen-ruzgar-santrali-res-75x50.jpg 75w, https:\/\/www.enerjigazetesi.ist\/wp-content\/uploads\/2019\/01\/ktuden-cok-dusuk-siddetli-ruzgarda-bile-calisabilen-ruzgar-santrali-res-450x300.jpg 450w, https:\/\/www.enerjigazetesi.ist\/wp-content\/uploads\/2019\/01\/ktuden-cok-dusuk-siddetli-ruzgarda-bile-calisabilen-ruzgar-santrali-res.jpg 696w\" sizes=\"(max-width: 300px) 100vw, 300px\" \/>(RES), Kanuni Kamp\u00fcs\u00fc\u2019nde bo\u015f yak\u0131t tanklar\u0131n\u0131n \u00fczerine kurulumu yap\u0131ld\u0131.<\/p>\n<p>Projenin y\u00fcr\u00fct\u00fcc\u00fcs\u00fc ve KT\u00dc Makine M\u00fchendisli\u011fi B\u00f6l\u00fcm\u00fc \u00f6\u011frencisi \u0130brahim Hakk\u0131 \u015eenol yapt\u0131\u011f\u0131 a\u00e7\u0131klamada 2017&#8217;de T\u00dcB\u0130TAK Bireysel Gen\u00e7 Giri\u015fim Projesi \u00e7er\u00e7evesinde hibe deste\u011fi almaya hak kazand\u0131klar\u0131n\u0131 belirterek \u015f\u00f6yle devam etti:<\/p>\n<p>&#8221; Trabzon-Teknokent i\u00e7erisinde \u015firketle\u015ferek \u00e7al\u0131\u015fmalar\u0131m\u0131z\u0131 kurumsalla\u015fmaya gittik. Dikey Eksenli Portatif R\u00fczgar Santrali isimli projemizin tasar\u0131m ve bilgisayar destekli analizlerden sonra 1:10 ve 1:5 \u00f6l\u00e7ekli modeller ile Ni\u011fde \u00d6mer Halisdemir \u00dcniversitesi ve Karadeniz Teknik \u00dcniversitesi ak\u0131\u015f g\u00f6r\u00fcnt\u00fcleme ve izleme laboratuvarlar\u0131nda test ederek verimlili\u011fini art\u0131rd\u0131k ve tasar\u0131m\u0131n\u0131 geli\u015ftirerek yenilik\u00e7i bir r\u00fczgar t\u00fcrbini tasar\u0131m\u0131 ortaya \u00e7\u0131kard\u0131k. &#8220;<\/p>","protected":false},"excerpt":{"rendered":"<p>Sorry, this entry is only available in Turkish. For the sake of viewer convenience, the content is shown below in the alternative language. You may click the link to switch the active language.Karadeniz Teknik \u00dcniversitesinde (KT\u00dc) haz\u0131rl\u0131klar\u0131 tamamlanan \u201cDikey Eksenli Portatif R\u00fczgar Santrali\u201d projesiyle \u00e7ok d\u00fc\u015f\u00fck \u015fiddette esen r\u00fczgarda bile elektrik \u00fcretimi ger\u00e7ekle\u015ftirilecek. T\u00dcB\u0130TAK taraf\u0131ndan [&hellip;]<\/p>\n","protected":false},"author":1,"featured_media":84685,"comment_status":"open","ping_status":"open","sticky":false,"template":"","format":"standard","meta":[],"categories":[51,53,50],"tags":[43934,43931,43932,120,67,1009,43935,43933,12172,12171,43929,35002,10595,35004,43930],"views":2095,"_links":{"self":[{"href":"https:\/\/www.enerjigazetesi.ist\/en\/wp-json\/wp\/v2\/posts\/84683"}],"collection":[{"href":"https:\/\/www.enerjigazetesi.ist\/en\/wp-json\/wp\/v2\/posts"}],"about":[{"href":"https:\/\/www.enerjigazetesi.ist\/en\/wp-json\/wp\/v2\/types\/post"}],"author":[{"embeddable":true,"href":"https:\/\/www.enerjigazetesi.ist\/en\/wp-json\/wp\/v2\/users\/1"}],"replies":[{"embeddable":true,"href":"https:\/\/www.enerjigazetesi.ist\/en\/wp-json\/wp\/v2\/comments?post=84683"}],"version-history":[{"count":2,"href":"https:\/\/www.enerjigazetesi.ist\/en\/wp-json\/wp\/v2\/posts\/84683\/revisions"}],"predecessor-version":[{"id":84686,"href":"https:\/\/www.enerjigazetesi.ist\/en\/wp-json\/wp\/v2\/posts\/84683\/revisions\/84686"}],"wp:featuredmedia":[{"embeddable":true,"href":"https:\/\/www.enerjigazetesi.ist\/en\/wp-json\/wp\/v2\/media\/84685"}],"wp:attachment":[{"href":"https:\/\/www.enerjigazetesi.ist\/en\/wp-json\/wp\/v2\/media?parent=84683"}],"wp:term":[{"taxonomy":"category","embeddable":true,"href":"https:\/\/www.enerjigazetesi.ist\/en\/wp-json\/wp\/v2\/categories?post=84683"},{"taxonomy":"post_tag","embeddable":true,"href":"https:\/\/www.enerjigazetesi.ist\/en\/wp-json\/wp\/v2\/tags?post=84683"}],"curies":[{"name":"wp","href":"https:\/\/api.w.org\/{rel}","templated":true}]}}