{"id":84620,"date":"2019-01-02T15:54:16","date_gmt":"2019-01-02T12:54:16","guid":{"rendered":"https:\/\/www.enerjigazetesi.ist\/?p=84620"},"modified":"2019-01-02T15:56:34","modified_gmt":"2019-01-02T12:56:34","slug":"tesla-turkiyeye-geliyor","status":"publish","type":"post","link":"https:\/\/www.enerjigazetesi.ist\/en\/tesla-turkiyeye-geliyor\/","title":{"rendered":"(Turkish) Tesla T\u00fcrkiye&#8217;ye Geliyor!"},"content":{"rendered":"<p class=\"qtranxs-available-languages-message qtranxs-available-languages-message-en\">Sorry, this entry is only available in <a href=\"https:\/\/www.enerjigazetesi.ist\/tr\/wp-json\/wp\/v2\/posts\/84620\" class=\"qtranxs-available-language-link qtranxs-available-language-link-tr\" title=\"Turkish\">Turkish<\/a>. For the sake of viewer convenience, the content is shown below in the alternative language. You may click the link to switch the active language.<\/p><p><\/p>\n<div id=\"wrapper\">\n<div id=\"main\">\n<section id=\"haber8\">\n<div class=\"container\">\n<p><strong>Elektrikli otomobil devi Tesla, ABD ile T\u00fcrkiye aras\u0131nda ya\u015fanan &#8220;rahip krizi&#8221; sonras\u0131 durdurdu\u011fu Zorlu Center\u2019daki showroom a\u00e7ma plan\u0131n\u0131 yeniden g\u00fcndeme ald\u0131. Tesla CEO\u2019su Elon Musk, twitter hesab\u0131ndan yapt\u0131\u011f\u0131 a\u00e7\u0131klamada T\u00fcrkiye\u2019nin de dahil oldu\u011fu t\u00fcm Avrupa\u2019da \u015farj istasyonlar\u0131 a\u011f\u0131n\u0131 geni\u015fletece\u011fini duyurdu.<\/strong><\/p>\n<p>Musk a\u00e7\u0131klamas\u0131nda; \u201c\u00d6n\u00fcm\u00fczdeki y\u0131l \u0130rlanda\u2019dan Kiev\u2019e, Norve\u00e7\u2019ten T\u00fcrkiye\u2019ye kadar Avrupa\u2019n\u0131n y\u00fczde 100\u2019\u00fcn\u00fc kapsayacak \u015fekilde \u2018S\u00fcper \u015earj \u0130stasyonu\u2019 a\u011f\u0131m\u0131z\u0131 geni\u015fletece\u011fiz.\u201d ifadelerini kulland\u0131.<img loading=\"lazy\" class=\"alignright size-medium wp-image-84622\" src=\"https:\/\/www.enerjigazetesi.ist\/wp-content\/uploads\/2019\/01\/tesla-turkiyeye-geliyor-300x162.jpg\" alt=\"\" width=\"300\" height=\"162\" srcset=\"https:\/\/www.enerjigazetesi.ist\/wp-content\/uploads\/2019\/01\/tesla-turkiyeye-geliyor-300x162.jpg 300w, https:\/\/www.enerjigazetesi.ist\/wp-content\/uploads\/2019\/01\/tesla-turkiyeye-geliyor-768x415.jpg 768w, https:\/\/www.enerjigazetesi.ist\/wp-content\/uploads\/2019\/01\/tesla-turkiyeye-geliyor-500x271.jpg 500w, https:\/\/www.enerjigazetesi.ist\/wp-content\/uploads\/2019\/01\/tesla-turkiyeye-geliyor-80x43.jpg 80w, https:\/\/www.enerjigazetesi.ist\/wp-content\/uploads\/2019\/01\/tesla-turkiyeye-geliyor.jpg 1000w\" sizes=\"(max-width: 300px) 100vw, 300px\" \/><\/p>\n<p>Konuya y\u00f6nelik D\u00dcNYA Gazetesi&#8217;ne a\u00e7\u0131klamalarda bulunan Otomol Y\u00f6netim Kurulu Ba\u015fkan\u0131 Osman Baykan, \u201cTesla rafa kald\u0131rd\u0131\u011f\u0131 T\u00fcrkiye\u2019de showroom a\u00e7ma plan\u0131n\u0131, Rahip Andrew Brunson&#8217;un serbest b\u0131rak\u0131lmas\u0131n\u0131n ard\u0131ndan d\u00fczelen ili\u015fkiler sonras\u0131 yeniden g\u00fcndeme ald\u0131. 1.5 ay \u00f6nce T\u00fcrkiye\u2019ye gelerek yat\u0131r\u0131m\u0131 2019\u2019da yapmak istediklerini s\u00f6ylediler. Asl\u0131nda 2019\u2019un ilk \u00e7eyre\u011finde bu yat\u0131r\u0131m\u0131 yapmak istiyorlard\u0131 ancak, yeti\u015fmeyece\u011fi d\u00fc\u015f\u00fcncesiyle bu yat\u0131r\u0131m\u0131 ikinci \u00e7eyre\u011fe ald\u0131lar. Biz onlara sat\u0131\u015f sonras\u0131 servis hizmeti verece\u011fiz. \u00d6n anla\u015fma yap\u0131ld\u0131.\u201d dedi.<\/p>\n<p><strong>T\u00fcm Tesla Sipari\u015flerinin \u0130ptali Yap\u0131lm\u0131\u015ft\u0131<\/strong><\/p>\n<p>\u0130ki \u00fclke aras\u0131nda ya\u015fanan kriz sonras\u0131 T\u00fcrkiye, ABD\u2019den ithal edilen otomobillere haziran ay\u0131nda y\u00fczde 60 ek vergi koymu\u015f, a\u011fustos ay\u0131nda ise bu oran y\u00fczde 120\u2019ye \u00e7\u0131kar\u0131lm\u0131\u015ft\u0131. Bu geli\u015fmenin ard\u0131ndan Tesla\u2019da yeni sipari\u015fler durmu\u015f, verilmi\u015f sipari\u015fler de g\u00fcmr\u00fckten \u00e7ekilmeden geri yollanm\u0131\u015ft\u0131. L\u00fcks ara\u00e7 sat\u0131\u015flar\u0131nda pazar liderlerinden S&amp;S Motors\u2019un Genel M\u00fcd\u00fcr\u00fc Ferhat Albayrak, D\u00fcnya\u2019ya ABD\u2019li markan\u0131n T\u00fcrkiye\u2019ye yat\u0131r\u0131m plan\u0131n\u0131 durdurdu\u011funu a\u00e7\u0131klam\u0131\u015ft\u0131.<\/p>\n<p>Albayrak, \u201cTesla i\u00e7in hala talep yok, tamamen durdu. Tabii ki en b\u00fcy\u00fck sebebi ek g\u00fcmr\u00fck vergisi. Ayr\u0131ca markan\u0131n T\u00fcrkiye yat\u0131r\u0131m\u0131ndan vazge\u00e7mesi nedeniyle potansiyel m\u00fc\u015fteriler de sipari\u015fini beklemeye ald\u0131. Ek vergi oran\u0131 y\u00fczde 120\u2019ye \u00e7\u0131k\u0131nca Tesla, \u00e7al\u0131\u015fma faaliyetlerini tamamen durdurdu. Normal bir t\u00fcketicinin Tesla almas\u0131 art\u0131k zor, \u00e7\u00fcnk\u00fc servisi yok. Tesla d\u0131\u015f\u0131nda hi\u00e7bir firman\u0131n da araca m\u00fcdahale \u015fans\u0131 yok. Tesla\u2019n\u0131n m\u00fc\u015fteri kazanabilmesi i\u00e7in T\u00fcrkiye\u2019de ciddi bir pazarlama ve marka faaliyetinde bulunmas\u0131 laz\u0131m. Model 3 de \u015fubat ay\u0131 itibariyle Avrupa\u2019da teslimatlara ba\u015flayacak. T\u00fcrkiye\u2019den de bu arac\u0131 bekleyen insanlar var. Ancak model 3 orta vadede T\u00fcrkiye\u2019ye gelmeyecek\u201d a\u00e7\u0131klamalar\u0131na yer vermi\u015fti.<\/p>\n<p><strong>Kaynak: <\/strong><a href=\"https:\/\/www.dunya.com\/sirketler\/elon-musk-turkiyeye-geri-donuyor-haberi-435876\" target=\"_blank\" rel=\"noopener\"><strong>D\u00fcnya<\/strong><\/a><\/p>\n<\/div>\n<\/section>\n<\/div>\n<\/div>\n<p><\/p>","protected":false},"excerpt":{"rendered":"<p>Sorry, this entry is only available in Turkish. For the sake of viewer convenience, the content is shown below in the alternative language. You may click the link to switch the active language. Elektrikli otomobil devi Tesla, ABD ile T\u00fcrkiye aras\u0131nda ya\u015fanan &#8220;rahip krizi&#8221; sonras\u0131 durdurdu\u011fu Zorlu Center\u2019daki showroom a\u00e7ma plan\u0131n\u0131 yeniden g\u00fcndeme ald\u0131. Tesla [&hellip;]<\/p>\n","protected":false},"author":1,"featured_media":84622,"comment_status":"open","ping_status":"open","sticky":false,"template":"","format":"standard","meta":[],"categories":[51,53,157],"tags":[1198,215,25473,1270,43869,35236,19436,67,1009,30577,19437,846],"views":804,"_links":{"self":[{"href":"https:\/\/www.enerjigazetesi.ist\/en\/wp-json\/wp\/v2\/posts\/84620"}],"collection":[{"href":"https:\/\/www.enerjigazetesi.ist\/en\/wp-json\/wp\/v2\/posts"}],"about":[{"href":"https:\/\/www.enerjigazetesi.ist\/en\/wp-json\/wp\/v2\/types\/post"}],"author":[{"embeddable":true,"href":"https:\/\/www.enerjigazetesi.ist\/en\/wp-json\/wp\/v2\/users\/1"}],"replies":[{"embeddable":true,"href":"https:\/\/www.enerjigazetesi.ist\/en\/wp-json\/wp\/v2\/comments?post=84620"}],"version-history":[{"count":0,"href":"https:\/\/www.enerjigazetesi.ist\/en\/wp-json\/wp\/v2\/posts\/84620\/revisions"}],"wp:featuredmedia":[{"embeddable":true,"href":"https:\/\/www.enerjigazetesi.ist\/en\/wp-json\/wp\/v2\/media\/84622"}],"wp:attachment":[{"href":"https:\/\/www.enerjigazetesi.ist\/en\/wp-json\/wp\/v2\/media?parent=84620"}],"wp:term":[{"taxonomy":"category","embeddable":true,"href":"https:\/\/www.enerjigazetesi.ist\/en\/wp-json\/wp\/v2\/categories?post=84620"},{"taxonomy":"post_tag","embeddable":true,"href":"https:\/\/www.enerjigazetesi.ist\/en\/wp-json\/wp\/v2\/tags?post=84620"}],"curies":[{"name":"wp","href":"https:\/\/api.w.org\/{rel}","templated":true}]}}