{"id":84539,"date":"2019-01-01T20:49:32","date_gmt":"2019-01-01T17:49:32","guid":{"rendered":"https:\/\/www.enerjigazetesi.ist\/?p=84539"},"modified":"2019-01-01T20:53:28","modified_gmt":"2019-01-01T17:53:28","slug":"bakan-donmez-2019-yilina-elektrik-ve-dogalgaz-calisanlariyla-girdi","status":"publish","type":"post","link":"https:\/\/www.enerjigazetesi.ist\/en\/bakan-donmez-2019-yilina-elektrik-ve-dogalgaz-calisanlariyla-girdi\/","title":{"rendered":"(Turkish) Bakan D\u00f6nmez, 2019 Y\u0131l\u0131na Elektrik ve Do\u011falgaz \u00c7al\u0131\u015fanlar\u0131yla Girdi"},"content":{"rendered":"<p class=\"qtranxs-available-languages-message qtranxs-available-languages-message-en\">Sorry, this entry is only available in <a href=\"https:\/\/www.enerjigazetesi.ist\/tr\/wp-json\/wp\/v2\/posts\/84539\" class=\"qtranxs-available-language-link qtranxs-available-language-link-tr\" title=\"Turkish\">Turkish<\/a>. For the sake of viewer convenience, the content is shown below in the alternative language. You may click the link to switch the active language.<\/p><p><strong>Enerji ve Tabii Kaynaklar Bakan\u0131 Fatih D\u00f6nmez, yeni y\u0131la Bolu\u2019da, elektrik ve do\u011falgaz \u00e7al\u0131\u015fanlar\u0131yla birlikte girdi. \u0130lk ziyaretini Seda\u015f Merkez Binas\u0131\u2019na ger\u00e7ekle\u015ftiren D\u00f6nmez, Enerji ve Tabii Kaynaklar Bakanl\u0131\u011f\u0131 olarak 2018 y\u0131l\u0131 hedeflerini b\u00fcy\u00fck oranda tutturman\u0131n mutlulu\u011fu i\u00e7erisinde olduklar\u0131n\u0131 dile getirerek, \u201c2019 y\u0131l\u0131nda daha \u00f6nce a\u00e7\u0131klanan hedeflere odakland\u0131klar\u0131n\u0131 ve ba\u015farmak i\u00e7in 7\/24 kesintisiz hem kamu hem \u00f6zel sekt\u00f6r \u00e7al\u0131\u015faca\u011f\u0131z\u201d ifadelerini kulland\u0131.<\/strong><\/p>\n<p>Seda\u015f yetkililerinden bilgiler ald\u0131ktan sonra Bolu Bas\u0131n\u00e7 D\u00fc\u015f\u00fcrme ve \u00d6l\u00e7\u00fcm \u0130stasyonu\u2019na ge\u00e7en D\u00f6nmez, burada da do\u011falgaz da\u011f\u0131t\u0131m\u0131 ve \u00e7al\u0131\u015fmalar hakk\u0131nda bilgiler ald\u0131. Bakan D\u00f6nmez, Bolu Bas\u0131n\u00e7 <img loading=\"lazy\" class=\"alignright size-medium wp-image-84541\" src=\"https:\/\/www.enerjigazetesi.ist\/wp-content\/uploads\/2019\/01\/bakan-donmez-2019-yilina-elektrik-ve-dogalgaz-calisanlariyla-girdi2-300x188.jpg\" alt=\"\" width=\"300\" height=\"188\" srcset=\"https:\/\/www.enerjigazetesi.ist\/wp-content\/uploads\/2019\/01\/bakan-donmez-2019-yilina-elektrik-ve-dogalgaz-calisanlariyla-girdi2-300x188.jpg 300w, https:\/\/www.enerjigazetesi.ist\/wp-content\/uploads\/2019\/01\/bakan-donmez-2019-yilina-elektrik-ve-dogalgaz-calisanlariyla-girdi2-500x314.jpg 500w, https:\/\/www.enerjigazetesi.ist\/wp-content\/uploads\/2019\/01\/bakan-donmez-2019-yilina-elektrik-ve-dogalgaz-calisanlariyla-girdi2-80x50.jpg 80w, https:\/\/www.enerjigazetesi.ist\/wp-content\/uploads\/2019\/01\/bakan-donmez-2019-yilina-elektrik-ve-dogalgaz-calisanlariyla-girdi2.jpg 590w\" sizes=\"(max-width: 300px) 100vw, 300px\" \/>D\u00fc\u015f\u00fcrme ve \u00d6l\u00e7\u00fcm \u0130stasyonu ziyareti sonras\u0131nda yapt\u0131\u011f\u0131 a\u00e7\u0131klamada, &#8220;Enerji bakanl\u0131\u011f\u0131m\u0131z\u0131n faaliyet alanlar\u0131 i\u00e7erisine sadece elektrik yok. Do\u011falgaz da var. \u015eu anda belki izleyen yurtta\u015flar\u0131m\u0131z evlerinde s\u0131cac\u0131k ortamlar\u0131nda televizyonlar\u0131n\u0131 izlerken asl\u0131nda o do\u011falgaz\u0131n kilometrelerce uzaktan kesintisiz kaliteli bir \u015fekilde ula\u015ft\u0131r\u0131lmas\u0131 i\u00e7in \u00e7al\u0131\u015fan y\u00fczlerce, binlerce i\u015f\u00e7imiz, teknisyenimiz, m\u00fchendisimiz var. \u00d6ncelikle onlar\u0131 da kutluyorum. \u00c7\u00fcnk\u00fc bunlar gizli kahramanlar. \u00c7ok de\u011fil 2002 y\u0131llar\u0131nda gitti\u011fimizde sadece 6 il ve 51 il\u00e7e do\u011falgaz kullan\u0131rken bu y\u0131lsonu itibari ile art\u0131k do\u011falgaz kullanmayan, do\u011falgaza ula\u015fmayan hi\u00e7bir ilimiz kalmad\u0131.&#8221;<\/p>\n<p>Ayr\u0131ca D\u00f6nmez, &#8220;Bu y\u0131l bilindi\u011fi gibi en son Hakkari\u2019ye de do\u011falgaz\u0131 ula\u015ft\u0131rd\u0131k. \u015e\u0131rnak ve Artvin ile birlikte 81 ilimize ula\u015ft\u0131rm\u0131\u015f olduk. Yine bu y\u0131l i\u00e7erisinde il, il\u00e7e ve belde merkezlerimizle birlikte 78 yerle\u015fim birimimize do\u011falgaz g\u00f6t\u00fcrd\u00fck b\u00f6ylece 500 rakam\u0131n\u0131 a\u015fm\u0131\u015f durumday\u0131z. Yani il, il\u00e7e ve belde yerle\u015fim merkezleri a\u00e7\u0131s\u0131ndan bakt\u0131\u011f\u0131m\u0131zda 500\u2019den fazla yerle\u015fim yerimiz do\u011falgaz konforundan yararlan\u0131yor. Tabi do\u011falgaz temiz bir gaz, ekonomik bir gaz. Ama netice itibari ile yurtd\u0131\u015f\u0131ndan ithal ediyoruz. Dolay\u0131s\u0131yla yurtta\u015flar\u0131m\u0131zdan biraz daha tasarruflu verimli kullanmalar\u0131n\u0131 \u00f6zellikle rica ediyoruz. Biz bundan sonra da yine yapaca\u011f\u0131m\u0131z \u00e7al\u0131\u015fmalarla do\u011falgaz\u0131 yeni beldelerimiz ve il\u00e7elerimiz ile yerle\u015fim yerlerimize g\u00f6t\u00fcrmeye devam edece\u011fiz. 7\/24 durmaks\u0131z\u0131n \u00e7al\u0131\u015fmak zorunday\u0131z. Do\u011falgaz konforunu t\u00fcm vatanda\u015flar\u0131m\u0131za ula\u015ft\u0131raca\u011f\u0131z&#8221; dedi.<\/p>","protected":false},"excerpt":{"rendered":"<p>Sorry, this entry is only available in Turkish. For the sake of viewer convenience, the content is shown below in the alternative language. You may click the link to switch the active language.Enerji ve Tabii Kaynaklar Bakan\u0131 Fatih D\u00f6nmez, yeni y\u0131la Bolu\u2019da, elektrik ve do\u011falgaz \u00e7al\u0131\u015fanlar\u0131yla birlikte girdi. \u0130lk ziyaretini Seda\u015f Merkez Binas\u0131\u2019na ger\u00e7ekle\u015ftiren D\u00f6nmez, [&hellip;]<\/p>\n","protected":false},"author":1,"featured_media":84542,"comment_status":"open","ping_status":"open","sticky":false,"template":"","format":"standard","meta":[],"categories":[46,51,53],"tags":[43792,1128,19761,34929,23219,34979,19638,34980,26353,43790,67,1009,1389,1972,27530,2444,43791,32648],"views":835,"_links":{"self":[{"href":"https:\/\/www.enerjigazetesi.ist\/en\/wp-json\/wp\/v2\/posts\/84539"}],"collection":[{"href":"https:\/\/www.enerjigazetesi.ist\/en\/wp-json\/wp\/v2\/posts"}],"about":[{"href":"https:\/\/www.enerjigazetesi.ist\/en\/wp-json\/wp\/v2\/types\/post"}],"author":[{"embeddable":true,"href":"https:\/\/www.enerjigazetesi.ist\/en\/wp-json\/wp\/v2\/users\/1"}],"replies":[{"embeddable":true,"href":"https:\/\/www.enerjigazetesi.ist\/en\/wp-json\/wp\/v2\/comments?post=84539"}],"version-history":[{"count":0,"href":"https:\/\/www.enerjigazetesi.ist\/en\/wp-json\/wp\/v2\/posts\/84539\/revisions"}],"wp:featuredmedia":[{"embeddable":true,"href":"https:\/\/www.enerjigazetesi.ist\/en\/wp-json\/wp\/v2\/media\/84542"}],"wp:attachment":[{"href":"https:\/\/www.enerjigazetesi.ist\/en\/wp-json\/wp\/v2\/media?parent=84539"}],"wp:term":[{"taxonomy":"category","embeddable":true,"href":"https:\/\/www.enerjigazetesi.ist\/en\/wp-json\/wp\/v2\/categories?post=84539"},{"taxonomy":"post_tag","embeddable":true,"href":"https:\/\/www.enerjigazetesi.ist\/en\/wp-json\/wp\/v2\/tags?post=84539"}],"curies":[{"name":"wp","href":"https:\/\/api.w.org\/{rel}","templated":true}]}}