{"id":84463,"date":"2019-01-01T01:24:51","date_gmt":"2018-12-31T22:24:51","guid":{"rendered":"https:\/\/www.enerjigazetesi.ist\/?p=84463"},"modified":"2019-01-01T01:28:51","modified_gmt":"2018-12-31T22:28:51","slug":"sedasta-dr-necmi-odyakmaz-donemi-basliyor","status":"publish","type":"post","link":"https:\/\/www.enerjigazetesi.ist\/en\/sedasta-dr-necmi-odyakmaz-donemi-basliyor\/","title":{"rendered":"(Turkish) SEDA\u015e\u2019ta Dr.Necmi Odyakmaz D\u00f6nemi Ba\u015fl\u0131yor!"},"content":{"rendered":"<p class=\"qtranxs-available-languages-message qtranxs-available-languages-message-en\">Sorry, this entry is only available in <a href=\"https:\/\/www.enerjigazetesi.ist\/tr\/wp-json\/wp\/v2\/posts\/84463\" class=\"qtranxs-available-language-link qtranxs-available-language-link-tr\" title=\"Turkish\">Turkish<\/a>. For the sake of viewer convenience, the content is shown below in the alternative language. You may click the link to switch the active language.<\/p><p><\/p>\n<h1>SEDA\u015e\u2019ta Bayrak De\u011fi\u015fimi<\/h1>\n<p>10 y\u0131ld\u0131r (SEDA\u015e) Sakarya Elektrik Da\u011f\u0131t\u0131m A.\u015e.\u2019nin \u0130cra Ba\u015fkanl\u0131\u011f\u0131 g\u00f6revini s\u00fcrd\u00fcren Bekir Sami G\u00fcven\u2019in emeklili\u011fe ayr\u0131lmas\u0131ndan sonra bo\u015falan koltu\u011fa, enerji sekt\u00f6r\u00fcn\u00fcn deneyimli ismi Dr. Necmi Odyakmaz geldi. Farkl\u0131 enerji \u015firketlerinde \u00f6nemli g\u00f6revler \u00fcstlenen Dr. Necmi Odyakmaz, bundan <img loading=\"lazy\" class=\"alignleft size-medium wp-image-84465\" src=\"https:\/\/www.enerjigazetesi.ist\/wp-content\/uploads\/2019\/01\/sedasta-dr-necmi-odyakmaz-donemi-basliyor-300x193.jpg\" alt=\"\" width=\"300\" height=\"193\" srcset=\"https:\/\/www.enerjigazetesi.ist\/wp-content\/uploads\/2019\/01\/sedasta-dr-necmi-odyakmaz-donemi-basliyor-300x193.jpg 300w, https:\/\/www.enerjigazetesi.ist\/wp-content\/uploads\/2019\/01\/sedasta-dr-necmi-odyakmaz-donemi-basliyor-500x322.jpg 500w, https:\/\/www.enerjigazetesi.ist\/wp-content\/uploads\/2019\/01\/sedasta-dr-necmi-odyakmaz-donemi-basliyor-78x50.jpg 78w, https:\/\/www.enerjigazetesi.ist\/wp-content\/uploads\/2019\/01\/sedasta-dr-necmi-odyakmaz-donemi-basliyor.jpg 757w\" sizes=\"(max-width: 300px) 100vw, 300px\" \/>sonra Sakarya, Kocaeli, D\u00fczce ve Bolu\u2019da 1,8 milyon elektrik kullan\u0131c\u0131s\u0131na elektrik da\u011f\u0131t\u0131m hizmeti veren SEDA\u015e\u2019\u0131n \u0130cra Ba\u015fkan\u0131 olarak g\u00f6rev yapacak.<\/p>\n<p>Bo\u011fazi\u00e7i \u00dcniversitesi Ekonomi B\u00f6l\u00fcm\u00fc\u2019nden mezun olan Dr. Necmi Odyakmaz, y\u00fcksek lisans\u0131n\u0131 yine ekonomi alan\u0131nda New York \u00dcniversitesi\u2019nde, doktoras\u0131n\u0131 ise \u0130ktisat alan\u0131nda Hacettepe \u00dcniversitesi\u2019nde tamamlad\u0131. <a href=\"http:\/\/tureng.com\/tr\/turkce-ingilizce\/ba%C5%9Fbakanl%C4%B1k%20d%C4%B1%C5%9F%20ticaret%20m%C3%BCste%C5%9Farl%C4%B1%C4%9F%C4%B1\">Ba\u015fbakanl\u0131k D\u0131\u015f Ticaret M\u00fcste\u015farl\u0131\u011f\u0131<\/a>\u2019nda uzun y\u0131llar \u00e7al\u0131\u015fan Dr. Necmi Odyakmaz ard\u0131ndan Elektrik Piyasas\u0131 D\u00fczenleme Kurumu\u2019nda (EPDK) Enerji Uzman\u0131 olarak g\u00f6rev ald\u0131. E.ON Holding\u2019te Reg\u00fclasyon ve Ekonomik De\u011ferlendirme M\u00fcd\u00fcr\u00fc olarak g\u00f6rev yapan Odyakmaz, sonras\u0131nda E.ON Ruhrgas Do\u011falgaz Y\u00f6netim Kurulu \u00dcyeli\u011fi ve E.ON T\u00fcrkiye\u2019de Enerji Politikalar\u0131 ve Reg\u00fclasyon M\u00fcd\u00fcrl\u00fc\u011f\u00fc \u00a0g\u00f6revlerini \u00fcstlendi. 2013\u20132016 y\u0131llar\u0131 aras\u0131nda Enerjisa Ba\u015fkent Elektrik Da\u011f\u0131t\u0131m A.\u015e.\u2019de Market Analizi ve Reg\u00fclasyon Departman\u0131 M\u00fcd\u00fcr\u00fc olan Odyakmaz, yine Enerjisa Holding\u2019te Kurum \u0130li\u015fkileri ve Reg\u00fclasyon Direkt\u00f6r\u00fc olarak g\u00f6rev yapt\u0131ktan sonra, SEDA\u015e\u2019a gelmeden \u00f6nce Enerjisa Da\u011f\u0131t\u0131m \u015eirketlerinde Reg\u00fclasyon, M\u00fc\u015fteri Teknik Servisleri ve Ar-Ge Direkt\u00f6r\u00fc g\u00f6revini y\u00fcr\u00fct\u00fcyordu.<\/p>","protected":false},"excerpt":{"rendered":"<p>Sorry, this entry is only available in Turkish. For the sake of viewer convenience, the content is shown below in the alternative language. You may click the link to switch the active language. SEDA\u015e\u2019ta Bayrak De\u011fi\u015fimi 10 y\u0131ld\u0131r (SEDA\u015e) Sakarya Elektrik Da\u011f\u0131t\u0131m A.\u015e.\u2019nin \u0130cra Ba\u015fkanl\u0131\u011f\u0131 g\u00f6revini s\u00fcrd\u00fcren Bekir Sami G\u00fcven\u2019in emeklili\u011fe ayr\u0131lmas\u0131ndan sonra bo\u015falan koltu\u011fa, [&hellip;]<\/p>\n","protected":false},"author":1,"featured_media":84465,"comment_status":"open","ping_status":"open","sticky":false,"template":"","format":"standard","meta":[],"categories":[51,53],"tags":[43766,42024,34979,19638,34980,26353,67,1009,34923,23311,30482,2444],"views":1790,"_links":{"self":[{"href":"https:\/\/www.enerjigazetesi.ist\/en\/wp-json\/wp\/v2\/posts\/84463"}],"collection":[{"href":"https:\/\/www.enerjigazetesi.ist\/en\/wp-json\/wp\/v2\/posts"}],"about":[{"href":"https:\/\/www.enerjigazetesi.ist\/en\/wp-json\/wp\/v2\/types\/post"}],"author":[{"embeddable":true,"href":"https:\/\/www.enerjigazetesi.ist\/en\/wp-json\/wp\/v2\/users\/1"}],"replies":[{"embeddable":true,"href":"https:\/\/www.enerjigazetesi.ist\/en\/wp-json\/wp\/v2\/comments?post=84463"}],"version-history":[{"count":0,"href":"https:\/\/www.enerjigazetesi.ist\/en\/wp-json\/wp\/v2\/posts\/84463\/revisions"}],"wp:featuredmedia":[{"embeddable":true,"href":"https:\/\/www.enerjigazetesi.ist\/en\/wp-json\/wp\/v2\/media\/84465"}],"wp:attachment":[{"href":"https:\/\/www.enerjigazetesi.ist\/en\/wp-json\/wp\/v2\/media?parent=84463"}],"wp:term":[{"taxonomy":"category","embeddable":true,"href":"https:\/\/www.enerjigazetesi.ist\/en\/wp-json\/wp\/v2\/categories?post=84463"},{"taxonomy":"post_tag","embeddable":true,"href":"https:\/\/www.enerjigazetesi.ist\/en\/wp-json\/wp\/v2\/tags?post=84463"}],"curies":[{"name":"wp","href":"https:\/\/api.w.org\/{rel}","templated":true}]}}