{"id":84389,"date":"2018-12-30T14:24:05","date_gmt":"2018-12-30T11:24:05","guid":{"rendered":"https:\/\/www.enerjigazetesi.ist\/?p=84389"},"modified":"2018-12-30T14:27:23","modified_gmt":"2018-12-30T11:27:23","slug":"sankodan-salihliye-bir-jeotermal-enerji-santrali-jes-daha-kurulacak","status":"publish","type":"post","link":"https:\/\/www.enerjigazetesi.ist\/en\/sankodan-salihliye-bir-jeotermal-enerji-santrali-jes-daha-kurulacak\/","title":{"rendered":"(Turkish) Sanko, Salihli\u2019ye Bir Jeotermal Enerji Santrali (JES) Yat\u0131r\u0131m\u0131 Daha Yapacak"},"content":{"rendered":"<p class=\"qtranxs-available-languages-message qtranxs-available-languages-message-en\">Sorry, this entry is only available in <a href=\"https:\/\/www.enerjigazetesi.ist\/tr\/wp-json\/wp\/v2\/posts\/84389\" class=\"qtranxs-available-language-link qtranxs-available-language-link-tr\" title=\"Turkish\">Turkish<\/a>. For the sake of viewer convenience, the content is shown below in the alternative language. You may click the link to switch the active language.<\/p><p><strong>Manisa\u2019n\u0131n Salihli il\u00e7esinde jeotermal yat\u0131r\u0131mlar\u0131n\u0131 hayata ge\u00e7iren Sanko Enerji taraf\u0131ndan 19,5 MWe kapasiteye sahip bir Jeotermal Santrali daha kurulacak.<\/strong><\/p>\n<p><img loading=\"lazy\" class=\"alignleft size-medium wp-image-84391\" src=\"https:\/\/www.enerjigazetesi.ist\/wp-content\/uploads\/2018\/12\/sankodan-salihliye-bir-jeotermal-enerji-santrali-jes-daha-kurulacak-300x225.jpg\" alt=\"\" width=\"300\" height=\"225\" srcset=\"https:\/\/www.enerjigazetesi.ist\/wp-content\/uploads\/2018\/12\/sankodan-salihliye-bir-jeotermal-enerji-santrali-jes-daha-kurulacak-300x225.jpg 300w, https:\/\/www.enerjigazetesi.ist\/wp-content\/uploads\/2018\/12\/sankodan-salihliye-bir-jeotermal-enerji-santrali-jes-daha-kurulacak-768x577.jpg 768w, https:\/\/www.enerjigazetesi.ist\/wp-content\/uploads\/2018\/12\/sankodan-salihliye-bir-jeotermal-enerji-santrali-jes-daha-kurulacak-500x376.jpg 500w, https:\/\/www.enerjigazetesi.ist\/wp-content\/uploads\/2018\/12\/sankodan-salihliye-bir-jeotermal-enerji-santrali-jes-daha-kurulacak-67x50.jpg 67w, https:\/\/www.enerjigazetesi.ist\/wp-content\/uploads\/2018\/12\/sankodan-salihliye-bir-jeotermal-enerji-santrali-jes-daha-kurulacak.jpg 800w\" sizes=\"(max-width: 300px) 100vw, 300px\" \/>Kurulacak olan Jeotermal Santrali&#8217;nin (JES) 19,5 MWe g\u00fcce sahip olarak y\u0131lda 365 g\u00fcn, g\u00fcnde 24 saat \u00fcretimle y\u0131ll\u0131k yakla\u015f\u0131k 165 GWh elektrik \u00fcretimi ger\u00e7ekle\u015ftirecektir. \u00dcretilen elektrik proje sahas\u0131na kurulacak Da\u011f\u0131t\u0131m Merkezi (DM) ile Salihli Trafo Merkezi aras\u0131nda tesis edilerek 34,5 kV orta gerilim nakil hatt\u0131yla aktar\u0131lacakt\u0131r.<\/p>\n<p>Jeotermal Enerji Santrali ile faaliyet s\u0131ras\u0131nda, \u00fcretim i\u00e7in 178 nolu ruhsat sahas\u0131nda a\u00e7\u0131lm\u0131\u015f ve a\u00e7\u0131lacak kuyulardan 660 ton\/saat ak\u0131\u015fkan \u00e7ekilecektir. Rezervuar\u0131n s\u00fcrd\u00fcr\u00fclebilirli\u011fine y\u00f6nelik kullan\u0131lan jeotermal ak\u0131\u015fkan\u0131n tamam\u0131 rezervuara reenjektesi sa\u011flanacakt\u0131r. Geleneksel jeotermal santrallerden farkl\u0131 olarak hava so\u011futmal\u0131 sistem kullan\u0131lmas\u0131 \u00f6ng\u00f6r\u00fclen tesisin \u00fcretim \u00fcnitelerinde su kullan\u0131m\u0131na yer verilmeyecektir.<\/p>","protected":false},"excerpt":{"rendered":"<p>Sorry, this entry is only available in Turkish. For the sake of viewer convenience, the content is shown below in the alternative language. You may click the link to switch the active language.Manisa\u2019n\u0131n Salihli il\u00e7esinde jeotermal yat\u0131r\u0131mlar\u0131n\u0131 hayata ge\u00e7iren Sanko Enerji taraf\u0131ndan 19,5 MWe kapasiteye sahip bir Jeotermal Santrali daha kurulacak. Kurulacak olan Jeotermal Santrali&#8217;nin [&hellip;]<\/p>\n","protected":false},"author":1,"featured_media":84391,"comment_status":"open","ping_status":"open","sticky":false,"template":"","format":"standard","meta":[],"categories":[51,53,48],"tags":[68,67,1009,43687,58,16077,36848,13090,35040,34986,43688,34985,36184,2191,38812,43689,25055,34977,26829],"views":2484,"_links":{"self":[{"href":"https:\/\/www.enerjigazetesi.ist\/en\/wp-json\/wp\/v2\/posts\/84389"}],"collection":[{"href":"https:\/\/www.enerjigazetesi.ist\/en\/wp-json\/wp\/v2\/posts"}],"about":[{"href":"https:\/\/www.enerjigazetesi.ist\/en\/wp-json\/wp\/v2\/types\/post"}],"author":[{"embeddable":true,"href":"https:\/\/www.enerjigazetesi.ist\/en\/wp-json\/wp\/v2\/users\/1"}],"replies":[{"embeddable":true,"href":"https:\/\/www.enerjigazetesi.ist\/en\/wp-json\/wp\/v2\/comments?post=84389"}],"version-history":[{"count":0,"href":"https:\/\/www.enerjigazetesi.ist\/en\/wp-json\/wp\/v2\/posts\/84389\/revisions"}],"wp:featuredmedia":[{"embeddable":true,"href":"https:\/\/www.enerjigazetesi.ist\/en\/wp-json\/wp\/v2\/media\/84391"}],"wp:attachment":[{"href":"https:\/\/www.enerjigazetesi.ist\/en\/wp-json\/wp\/v2\/media?parent=84389"}],"wp:term":[{"taxonomy":"category","embeddable":true,"href":"https:\/\/www.enerjigazetesi.ist\/en\/wp-json\/wp\/v2\/categories?post=84389"},{"taxonomy":"post_tag","embeddable":true,"href":"https:\/\/www.enerjigazetesi.ist\/en\/wp-json\/wp\/v2\/tags?post=84389"}],"curies":[{"name":"wp","href":"https:\/\/api.w.org\/{rel}","templated":true}]}}