{"id":84121,"date":"2018-12-26T16:21:01","date_gmt":"2018-12-26T13:21:01","guid":{"rendered":"https:\/\/www.enerjigazetesi.ist\/?p=84121"},"modified":"2018-12-26T16:39:37","modified_gmt":"2018-12-26T13:39:37","slug":"birol-hedeflerle-esas-hayattaki-gelismeler-arasinda-buyuyen-bir-makas-var","status":"publish","type":"post","link":"https:\/\/www.enerjigazetesi.ist\/en\/birol-hedeflerle-esas-hayattaki-gelismeler-arasinda-buyuyen-bir-makas-var\/","title":{"rendered":"(Turkish) &#8221;Hedeflerle Esas Hayattaki Geli\u015fmeler Aras\u0131nda B\u00fcy\u00fcyen Bir Makas Var&#8221;"},"content":{"rendered":"<p class=\"qtranxs-available-languages-message qtranxs-available-languages-message-en\">Sorry, this entry is only available in <a href=\"https:\/\/www.enerjigazetesi.ist\/tr\/wp-json\/wp\/v2\/posts\/84121\" class=\"qtranxs-available-language-link qtranxs-available-language-link-tr\" title=\"Turkish\">Turkish<\/a>. For the sake of viewer convenience, the content is shown below in the alternative language. You may click the link to switch the active language.<\/p><p><strong>Sabanc\u0131 \u00dcniversitesi \u0130stanbul Uluslararas\u0131 Enerji ve \u0130klim Merkezi\u2019nin (IICEC) d\u00fczenledi\u011fi D\u00fcnya Enerji G\u00f6r\u00fcn\u00fcm\u00fc 2018 Raporu\u2019nun (World Energy Outlook 2018) T\u00fcrkiye lansman sunumunu ger\u00e7ekle\u015ftiren Uluslararas\u0131 Enerji Ajans\u0131 Ba\u015fkan\u0131 Dr. Fatih Birol, yenilenebilir enerji ve iklim de\u011fi\u015fikli\u011fi haberlerini payla\u015ft\u0131. <\/strong><\/p>\n<p>Uluslararas\u0131 Enerji Ajans\u0131 Ba\u015fkan\u0131 Dr. Fatih Birol, gelecekte enerji kaynaklar\u0131n\u0131n en \u00f6nemli\u00a0kazanan\u0131n\u0131n yenilenebilir enerji kaynaklar\u0131 olaca\u011f\u0131n\u0131 s\u00f6yledi.<\/p>\n<p><img loading=\"lazy\" class=\"alignleft size-medium wp-image-84123\" src=\"https:\/\/www.enerjigazetesi.ist\/wp-content\/uploads\/2018\/12\/birol-hedeflerle-esas-hayattaki-gelismeler-arasinda-buyuyen-bir-makas-var-300x169.jpg\" alt=\"\" width=\"300\" height=\"169\" srcset=\"https:\/\/www.enerjigazetesi.ist\/wp-content\/uploads\/2018\/12\/birol-hedeflerle-esas-hayattaki-gelismeler-arasinda-buyuyen-bir-makas-var-300x169.jpg 300w, https:\/\/www.enerjigazetesi.ist\/wp-content\/uploads\/2018\/12\/birol-hedeflerle-esas-hayattaki-gelismeler-arasinda-buyuyen-bir-makas-var-768x432.jpg 768w, https:\/\/www.enerjigazetesi.ist\/wp-content\/uploads\/2018\/12\/birol-hedeflerle-esas-hayattaki-gelismeler-arasinda-buyuyen-bir-makas-var-1024x576.jpg 1024w, https:\/\/www.enerjigazetesi.ist\/wp-content\/uploads\/2018\/12\/birol-hedeflerle-esas-hayattaki-gelismeler-arasinda-buyuyen-bir-makas-var-500x281.jpg 500w, https:\/\/www.enerjigazetesi.ist\/wp-content\/uploads\/2018\/12\/birol-hedeflerle-esas-hayattaki-gelismeler-arasinda-buyuyen-bir-makas-var-80x45.jpg 80w, https:\/\/www.enerjigazetesi.ist\/wp-content\/uploads\/2018\/12\/birol-hedeflerle-esas-hayattaki-gelismeler-arasinda-buyuyen-bir-makas-var.jpg 1280w\" sizes=\"(max-width: 300px) 100vw, 300px\" \/>Yenilenebilir enerji kaynaklar\u0131n\u0131n gelecek y\u0131llar i\u00e7in de\u011ferlendirmesini yapan Dr. Fatih Birol, \u201cYenilenebilir enerji taraf\u0131nda \u00e7ok g\u00fczel haberler var. Yenilenebilir enerji sevenler i\u00e7in \u00f6zellikle g\u00fcne\u015fte hem maliyetler d\u00fc\u015f\u00fcyor hem de bir\u00e7ok \u00fclke daha fazla yenilenebilir enerji konusunda ad\u0131mlar at\u0131yor. Bunun da iki nedeni var. Birincisi \u00e7evre ama \u00e7evre derken sadece iklim de\u011fi\u015fikli\u011fi de\u011fil. \u015eehirlerdeki hava kirlili\u011fini azaltmak i\u00e7in \u00f6zellikle Hindistan ve \u00c7in\u2019de at\u0131lan ad\u0131mlar var. Buna ek olarak tamam\u0131yla ekonomik nedenlerden dolay\u0131 maliyetler d\u00fc\u015f\u00fcyor. Bu bak\u0131mdan g\u00fcne\u015f enerjisinin \u00e7ok \u00f6nemli bir \u00e7\u0131k\u0131\u015f yapt\u0131\u011f\u0131n\u0131 belirtmeliyim\u201d dedi.<\/p>\n<p>Dr. Birol, yenilenebilir enerjinin b\u00fcy\u00fcmesi ile ilgili T\u00fcrkiye\u2019de \u00e7ok g\u00fczel i\u015flerin yap\u0131ld\u0131\u011f\u0131n\u0131 s\u00f6yleyerek \u015f\u00f6yle konu\u015ftu: \u201cT\u00fcm d\u00fcnyada olan \u015feyler bunlar ama bununla birlikte bir soru geliyor. G\u00fcne\u015f olmasa ya da r\u00fczgar esmese ne yapaca\u011f\u0131z? Elektrik sisteminde esneklik yaratal\u0131m ki e\u011fer yar\u0131n bir \u015fey olursa kendimizi pozisyonland\u0131ral\u0131m. E\u011fer r\u00fczgar ve g\u00fcne\u015fin toplam \u00fcretimdeki pay\u0131 %10\u2019lar civar\u0131ndaysa mevcut sistemde esneklikler yaratarak bu sorunu \u00e7\u00f6zebiliriz ama baz\u0131 \u00fclkeler bunun \u00fczerine \u00e7\u0131karak \u00fcretimi %20\u2019ye, %25\u2019e \u00e7\u0131kard\u0131\u011f\u0131nda o zaman riskler biraz daha art\u0131yor. Yap\u0131lacak yeni yat\u0131r\u0131mlar\u0131n da mutlaka esnekli\u011fe katk\u0131 yapmas\u0131 laz\u0131m. Bunlar s\u00fcrekli elektrik \u00fcretebilecek tesisler olabilir ve\/veya elektrik \u015febekelerinin g\u00fc\u00e7lendirilmesi olabilir. E\u011fer daha da ileriye gidersek bir\u00e7ok \u00fclkenin hedefleri var. O zaman elektrik depolama teknolojilerinden faydalanmak, t\u00fcketicilere gerekti\u011fi zaman gerekli sinyalleri verip y\u00fck e\u011frisini ona g\u00f6re belirlemek laz\u0131m. Yani yenilenebilir enerjinin b\u00fcy\u00fcmesi olumlu bir \u015fey ama beraberinde sorunlar da getiriyor. Bundan sonra yenilenebilir ile ilgili bence h\u00fck\u00fcmetlerin iki g\u00f6revi var. Bir tanesi bunu nas\u0131l art\u0131rabilir? \u0130kincisi ya bunlar artarsa ve hava \u015fartlar\u0131 m\u00fcsait olmazsa ben elektrik g\u00fcvenli\u011fini nas\u0131l sa\u011flar\u0131m? \u00c7\u00fcnk\u00fc sorulardan bir tanesi r\u00fczgar ve g\u00fcne\u015f olmasa ne olacak \u00fczerine. Bunun iyi dengelenmesi laz\u0131m. Bunun i\u00e7in de \u00e7ok ciddi \u00e7al\u0131\u015fma gerekiyor\u201d.<\/p>\n<p>T\u00dcS\u0130AD Y\u00f6netim Kurulu Ba\u015fkan\u0131 Erol Bilecik, yenilenebilir enerjinin ve enerji verimlili\u011finin \u00f6nemini belirterek, \u201cEnerji arz g\u00fcvenli\u011fimizin yan\u0131 s\u0131ra, d\u00fc\u015f\u00fck karbonlu kalk\u0131nma a\u00e7\u0131s\u0131ndan da en g\u00fc\u00e7l\u00fc oldu\u011fumuz konular\u0131n ba\u015f\u0131nda yenilenebilir enerji kaynak potansiyelimiz geliyor. Bununla birlikte, teknolojik geli\u015fmelerin sundu\u011fu imkanlar\u0131 da de\u011ferlendirerek, azami kapasiteyi yat\u0131r\u0131ma d\u00f6n\u00fc\u015ft\u00fcrecek ve yat\u0131r\u0131m\u0131n \u00f6ng\u00f6r\u00fclebilirli\u011fini art\u0131racak geli\u015fmelere, yine ayn\u0131 \u015fekilde gerek mevzuat gerekse uygulama iyile\u015ftirmelerine de ihtiya\u00e7 oldu\u011funu d\u00fc\u015f\u00fcn\u00fcyoruz. Gerek enerji ekonomisine katk\u0131 sunma potansiyeli gerekse \u00e7evresel kayg\u0131lar\u0131m\u0131za \u00e7\u00f6z\u00fcm bak\u0131m\u0131ndan bir di\u011fer stratejik alan olarak enerji verimlili\u011finin de alt\u0131n\u0131 \u00e7izmemiz laz\u0131m\u201d dedi.<\/p>\n<p>D\u00fcnya Enerji G\u00f6r\u00fcn\u00fcm\u00fc 2018 raporunda yenilenebilir enerji kaynaklar\u0131 ile ilgili, \u201cG\u00fcne\u015f PV teknolojisinin rekabet\u00e7ili\u011finin artmas\u0131 sonucunda, bu teknolojilerde kurulu g\u00fc\u00e7 2025 y\u0131l\u0131 itibar\u0131yla r\u00fczgar enerjisini, 2030\u2019da hidroelektri\u011fi ve 2040\u2019tan \u00f6nce de k\u00f6m\u00fcr\u00fc geride b\u0131rakaca\u011f\u0131\u201d bilgisi yer ald\u0131.<\/p>\n<p>Yine raporda \u201cYenilenebilir enerjilerin ve verimlili\u011fin y\u00fckseli\u015fi fosil yak\u0131tlar i\u00e7in ne ifade eder?\u201d sorusuna cevaben \u015fu ifadelere yer verildi: \u201cYeni politikalar senaryosunda elektrik, yenilenebilir enerji ve verimlilikteki art\u0131\u015flar, k\u00f6m\u00fcr t\u00fcketimindeki art\u0131\u015f\u0131 durdurmaktad\u0131r. Yeni politikalar ile 2040\u2019a kadar d\u00fcnya k\u00f6m\u00fcr t\u00fcketimi yatay seyretmekte; \u00c7in, Avrupa ve Kuzey Amerika\u2019daki d\u00fc\u015f\u00fc\u015f, Hindistan ve G\u00fcneydo\u011fu Asya\u2019daki art\u0131\u015flar ile dengelenmektedir. Petrokimya sekt\u00f6r\u00fc, kamyon, u\u00e7ak ve gemiler, petrol talebinin y\u00fckseli\u015f trendini korumas\u0131n\u0131 sa\u011flamaktad\u0131r. Do\u011falgaz, 2030 y\u0131l\u0131nda k\u00f6m\u00fcr\u00fc geride b\u0131rakarak d\u00fcnya enerji portf\u00f6y\u00fcnde ikinci b\u00fcy\u00fck yak\u0131t haline gelecektir\u201d.<\/p>\n<p>Dr. Fatih Birol, sadece iyi haberleri vermeyeceklerini, k\u00f6t\u00fc haberleri de vereceklerini ve hatta en ciddisinin bu oldu\u011funu belirterek \u201cBirle\u015fmi\u015f Milletler\u2019in (BM) Paris Anla\u015fmas\u0131 ile belirlemi\u015f oldu\u011fu hedefler ile esas hayattaki geli\u015fmeler aras\u0131nda giderek b\u00fcy\u00fcyen bir makas var. Hedefler bir aciliyeti g\u00f6steriyor ancak rakamlara bakt\u0131\u011f\u0131n\u0131z zaman g\u00f6rd\u00fcklerimiz tamam\u0131yla ters y\u00f6nde. Makas giderek a\u00e7\u0131l\u0131yor\u201d dedi.<\/p>\n<p>Dr. Birol, d\u00fcnya i\u00e7in \u00f6nemli bir sorun olan karbondioksit emisyonlar\u0131n\u0131n y\u0131llardan beri her sene b\u00fcy\u00fcd\u00fc\u011f\u00fcn\u00fc, sadece 2009 y\u0131l\u0131nda ya\u015fanan ekonomik krizde hafif bir d\u00fc\u015f\u00fc\u015f ya\u015fad\u0131\u011f\u0131n\u0131 belirterek s\u00f6zlerine devam etti: \u201c2014, 2015 ve 2016\u2019da d\u00fcnya ekonomisi b\u00fcy\u00fcd\u00fc\u011f\u00fc halde ilk defa emisyonlar sabit kald\u0131. Ancak 2017\u2019de tekrar emisyonlarda bir art\u0131\u015f\u0131n olmas\u0131 hayalleri suya d\u00fc\u015f\u00fcrd\u00fc. Hemen hemen her kesimin konu\u015fmas\u0131nda iklim de\u011fi\u015fikli\u011fi konusunun \u00f6nemine vurgu yap\u0131lmas\u0131 2018 emisyon verilerine dair merak uyand\u0131rd\u0131. 2018\u2019de ne olacak? Uluslararas\u0131 Enerji Ajans\u0131\u2019n\u0131n \u015f\u00f6yle bir imtiyaz\u0131 var: B\u00fct\u00fcn d\u00fcnyadaki enerji verileri elimizin alt\u0131nda ve size k\u00f6t\u00fc haberi verece\u011fim: 2018\u2019de karbondioksit emisyonlar\u0131 y\u00fckselerek tarihi bir rekor k\u0131r\u0131yor. Demek istedi\u011fim \u015fu: Aciliyet konusunda daha fazla \u00e7a\u011fr\u0131lar yap\u0131yoruz, daha fazla \u00e7aba g\u00f6steriyoruz. Ama bu tarafa bakt\u0131\u011f\u0131n\u0131z zaman b\u00fcy\u00fck bir u\u00e7urum g\u00f6r\u00fcyoruz. Tabii ki bunun temelinde enerji sekt\u00f6r\u00fc var \u00e7\u00fcnk\u00fc karbondioksit emisyonlar\u0131n\u0131n %85\u2019inden fazlas\u0131 enerji sekt\u00f6r\u00fcnden kaynaklan\u0131yor. Bu bir tahmin de\u011fil, bu bir veri. D\u00fcnyada enerji co\u011frafyas\u0131 de\u011fi\u015fiyor. Bu jeopolitik a\u00e7\u0131dan \u00f6nemlidir. Mesela 2000 y\u0131l\u0131na bakt\u0131\u011f\u0131n\u0131zda ki 2000 y\u0131l\u0131 d\u00fcn demek, d\u00fcnyada en fazla enerji harcayan \u00fclke ABD. Onu Avrupa Birli\u011fi (AB) takip ediyor, ard\u0131ndan da \u00c7in geliyor. Son geli\u015fmelere bakt\u0131\u011f\u0131n\u0131z zaman bu \u00fclkelerin paylar\u0131nda inan\u0131lmaz bir de\u011fi\u015fim g\u00f6r\u00fcyorsunuz. \u015eu an itibariyle \u00c7in tart\u0131\u015fmas\u0131z bir numara. ABD ikinci, AB ise \u00fc\u00e7\u00fcnc\u00fc s\u0131rada yer al\u0131yor. \u0130\u015fin daha da vahim k\u0131sm\u0131 gelecek y\u0131llara bakt\u0131\u011f\u0131m\u0131z zaman bu de\u011fi\u015fim katlanarak kendini g\u00f6steriyor. 2000 y\u0131l\u0131nda enerji t\u00fcketiminde ikinci olan AB, 2040\u2019ta Afrika\u2019n\u0131n da alt\u0131nda be\u015finci b\u00fcy\u00fck t\u00fcketici olma durumuna ge\u00e7iyor. \u015eu ger\u00e7ek ki \u00c7in ve Hindistan bu i\u015fin lokomotifi oluyor. Yani enerjinin co\u011frafyas\u0131nda t\u00fcketim a\u00e7\u0131s\u0131ndan b\u00fcy\u00fck bir de\u011fi\u015fim var. Bu de\u011fi\u015fim yat\u0131r\u0131mlar\u0131n bu \u00fclkelere gitti\u011fi anlam\u0131na geliyor. Elektrik yat\u0131r\u0131mlar\u0131, rafineri yat\u0131r\u0131mlar\u0131, petrokimya yat\u0131r\u0131mlar\u0131 talebin geldi\u011fi yere gidiyor. Bak\u0131n bu sadece enerji olarak de\u011fil ayn\u0131 zamanda dolar ,euro ya da yen olarak d\u00fc\u015f\u00fcn\u00fclebilir\u201d.<\/p>\n<p>Hatice K\u00fcbra G\u00fcney \u2013 Elektrik Elektronik M\u00fchendisli\u011fi \u2013 kubra.guney@enerjigazetesi.ist<\/p>","protected":false},"excerpt":{"rendered":"<p>Sorry, this entry is only available in Turkish. For the sake of viewer convenience, the content is shown below in the alternative language. You may click the link to switch the active language.Sabanc\u0131 \u00dcniversitesi \u0130stanbul Uluslararas\u0131 Enerji ve \u0130klim Merkezi\u2019nin (IICEC) d\u00fczenledi\u011fi D\u00fcnya Enerji G\u00f6r\u00fcn\u00fcm\u00fc 2018 Raporu\u2019nun (World Energy Outlook 2018) T\u00fcrkiye lansman sunumunu ger\u00e7ekle\u015ftiren [&hellip;]<\/p>\n","protected":false},"author":1,"featured_media":84123,"comment_status":"open","ping_status":"open","sticky":false,"template":"","format":"standard","meta":[],"categories":[53,52],"tags":[1350,10165,886,1024,42768,67,1009,26559,43274,35038,23416,43450,16400,4034,5232,41159,6843,27427,35002,24949,35721,1481,5873,1022,793,42769,26829],"views":919,"_links":{"self":[{"href":"https:\/\/www.enerjigazetesi.ist\/en\/wp-json\/wp\/v2\/posts\/84121"}],"collection":[{"href":"https:\/\/www.enerjigazetesi.ist\/en\/wp-json\/wp\/v2\/posts"}],"about":[{"href":"https:\/\/www.enerjigazetesi.ist\/en\/wp-json\/wp\/v2\/types\/post"}],"author":[{"embeddable":true,"href":"https:\/\/www.enerjigazetesi.ist\/en\/wp-json\/wp\/v2\/users\/1"}],"replies":[{"embeddable":true,"href":"https:\/\/www.enerjigazetesi.ist\/en\/wp-json\/wp\/v2\/comments?post=84121"}],"version-history":[{"count":0,"href":"https:\/\/www.enerjigazetesi.ist\/en\/wp-json\/wp\/v2\/posts\/84121\/revisions"}],"wp:featuredmedia":[{"embeddable":true,"href":"https:\/\/www.enerjigazetesi.ist\/en\/wp-json\/wp\/v2\/media\/84123"}],"wp:attachment":[{"href":"https:\/\/www.enerjigazetesi.ist\/en\/wp-json\/wp\/v2\/media?parent=84121"}],"wp:term":[{"taxonomy":"category","embeddable":true,"href":"https:\/\/www.enerjigazetesi.ist\/en\/wp-json\/wp\/v2\/categories?post=84121"},{"taxonomy":"post_tag","embeddable":true,"href":"https:\/\/www.enerjigazetesi.ist\/en\/wp-json\/wp\/v2\/tags?post=84121"}],"curies":[{"name":"wp","href":"https:\/\/api.w.org\/{rel}","templated":true}]}}