{"id":8408,"date":"2013-03-16T17:48:12","date_gmt":"2013-03-16T14:48:12","guid":{"rendered":"https:\/\/www.enerjigazetesi.ist\/?p=8408"},"modified":"2013-03-16T18:10:47","modified_gmt":"2013-03-16T15:10:47","slug":"enerji-verimliligi-icin-sirada-enerji-adam-var","status":"publish","type":"post","link":"https:\/\/www.enerjigazetesi.ist\/en\/enerji-verimliligi-icin-sirada-enerji-adam-var\/","title":{"rendered":"(Turkish) Enerji Verimlili\u011fi \u0130\u00e7in S\u0131rada &#8216;Enerji Adam&#8217; Var!"},"content":{"rendered":"<p class=\"qtranxs-available-languages-message qtranxs-available-languages-message-en\">Sorry, this entry is only available in <a href=\"https:\/\/www.enerjigazetesi.ist\/tr\/wp-json\/wp\/v2\/posts\/8408\" class=\"qtranxs-available-language-link qtranxs-available-language-link-tr\" title=\"Turkish\">Turkish<\/a>. For the sake of viewer convenience, the content is shown below in the alternative language. You may click the link to switch the active language.<\/p><p><strong>ENVER y\u0131ll\u0131k 15 milyar TL tasarruf amac\u0131yla haz\u0131rlad\u0131\u011f\u0131 &#8216;Enerji Han\u0131m&#8217; projesinin ard\u0131ndan \u015fimdi de sanayi de\u00a0&#8216;Enerji Adam&#8217; projesine haz\u0131rlan\u0131yor.<\/strong><\/p>\n<p>Enerjiyi verimli kullanma bilincini \u00fclke geneline yaymak i\u00e7in &#8216;Enerji Han\u0131m&#8217; projesiyle yola \u00e7\u0131kan Enerji Verimlili\u011fi Derne\u011fi&#8217;nin (ENVER) ikinci dura\u011f\u0131 Denizli oldu. EGS Park Kongre ve K\u00fclt\u00fcr Merkezi&#8217;nde ger\u00e7ekle\u015ftirilen programa Denizli Valisi Abd\u00fclkadir Demir ve sivil toplum \u00f6rg\u00fct\u00fc temsilcileri kat\u0131ld\u0131.<\/p>\n<p><img loading=\"lazy\" class=\"alignright size-medium wp-image-8409\" title=\"enerji-verimliligi-dernegi-ibrahim-caglar\" src=\"https:\/\/www.enerjigazetesi.ist\/wp-content\/uploads\/2013\/03\/enerji-verimliligi-dernegi-ibrahim-caglar-300x182.jpg\" alt=\"\" width=\"300\" height=\"182\" srcset=\"https:\/\/www.enerjigazetesi.ist\/wp-content\/uploads\/2013\/03\/enerji-verimliligi-dernegi-ibrahim-caglar-300x182.jpg 300w, https:\/\/www.enerjigazetesi.ist\/wp-content\/uploads\/2013\/03\/enerji-verimliligi-dernegi-ibrahim-caglar-80x48.jpg 80w, https:\/\/www.enerjigazetesi.ist\/wp-content\/uploads\/2013\/03\/enerji-verimliligi-dernegi-ibrahim-caglar.jpg 357w\" sizes=\"(max-width: 300px) 100vw, 300px\" \/>Toplant\u0131da konu\u015fan ENVER Genel Ba\u015fkan\u0131 \u0130brahim \u00c7a\u011flar, Enerji Han\u0131m&#8217;\u0131n T\u00fcrkiye genelinde her kesimi kapsayan b\u00fcy\u00fck bir projenin birinci aya\u011f\u0131 oldu\u011funu ifade etti. Kad\u0131nlar\u0131 evin ekonomisti olarak g\u00f6rd\u00fcklerini belirten \u00c7a\u011flar, &#8220;Enerji Han\u0131m projesindeki bilin\u00e7lendirme \u00e7al\u0131\u015fmalar\u0131ndan \u00f6nceki ve sonraki t\u00fcketim al\u0131\u015fkanl\u0131klar\u0131n\u0131 detayl\u0131 olarak raporlad\u0131k&#8221; dedi.<\/p>\n<p>Evde k\u00fc\u00e7\u00fck tasarruf \u00f6nlemleriyle y\u0131ll\u0131k 4 milyar TL kazanabilece\u011fini s\u00f6yleyen \u00c7a\u011flar, program\u0131 hazirana kadar 20 ilde s\u00fcrd\u00fcreceklerini dile getirdi. \u0130brahim \u00c7a\u011flar bu projenin yay\u0131lmas\u0131yla y\u0131ll\u0131k 15 milyar TL tasarruf sa\u011flanaca\u011f\u0131n\u0131 ifade etti. Sanayide de enerji verimlili\u011finin yayg\u0131nla\u015fmas\u0131 i\u00e7in &#8220;enerji adam&#8221; ba\u015fl\u0131\u011f\u0131yla \u00e7al\u0131\u015fmalar ba\u015flatacaklar\u0131n\u0131 s\u00f6yleyen \u00c7a\u011flar, &#8220;\u00d6zellikle KOB\u0130&#8217;lere <strong>proje<\/strong> vererek <strong>Ar-Ge<\/strong> deste\u011fi sa\u011flayaca\u011f\u0131z&#8221; dedi.<\/p>\n<p>Kaynak: <a href=\"http:\/\/www.enerjipostasi.com\/\" target=\"_blank\">Enerji Postas\u0131<\/a><\/p>","protected":false},"excerpt":{"rendered":"<p>Sorry, this entry is only available in Turkish. For the sake of viewer convenience, the content is shown below in the alternative language. You may click the link to switch the active language.ENVER y\u0131ll\u0131k 15 milyar TL tasarruf amac\u0131yla haz\u0131rlad\u0131\u011f\u0131 &#8216;Enerji Han\u0131m&#8217; projesinin ard\u0131ndan \u015fimdi de sanayi de\u00a0&#8216;Enerji Adam&#8217; projesine haz\u0131rlan\u0131yor. Enerjiyi verimli kullanma bilincini [&hellip;]<\/p>\n","protected":false},"author":1,"featured_media":8409,"comment_status":"open","ping_status":"open","sticky":false,"template":"","format":"standard","meta":[],"categories":[53,52],"tags":[3345,67,1530,103,12,1526,199,2825,3597,3598,133],"views":807,"_links":{"self":[{"href":"https:\/\/www.enerjigazetesi.ist\/en\/wp-json\/wp\/v2\/posts\/8408"}],"collection":[{"href":"https:\/\/www.enerjigazetesi.ist\/en\/wp-json\/wp\/v2\/posts"}],"about":[{"href":"https:\/\/www.enerjigazetesi.ist\/en\/wp-json\/wp\/v2\/types\/post"}],"author":[{"embeddable":true,"href":"https:\/\/www.enerjigazetesi.ist\/en\/wp-json\/wp\/v2\/users\/1"}],"replies":[{"embeddable":true,"href":"https:\/\/www.enerjigazetesi.ist\/en\/wp-json\/wp\/v2\/comments?post=8408"}],"version-history":[{"count":2,"href":"https:\/\/www.enerjigazetesi.ist\/en\/wp-json\/wp\/v2\/posts\/8408\/revisions"}],"predecessor-version":[{"id":8411,"href":"https:\/\/www.enerjigazetesi.ist\/en\/wp-json\/wp\/v2\/posts\/8408\/revisions\/8411"}],"wp:featuredmedia":[{"embeddable":true,"href":"https:\/\/www.enerjigazetesi.ist\/en\/wp-json\/wp\/v2\/media\/8409"}],"wp:attachment":[{"href":"https:\/\/www.enerjigazetesi.ist\/en\/wp-json\/wp\/v2\/media?parent=8408"}],"wp:term":[{"taxonomy":"category","embeddable":true,"href":"https:\/\/www.enerjigazetesi.ist\/en\/wp-json\/wp\/v2\/categories?post=8408"},{"taxonomy":"post_tag","embeddable":true,"href":"https:\/\/www.enerjigazetesi.ist\/en\/wp-json\/wp\/v2\/tags?post=8408"}],"curies":[{"name":"wp","href":"https:\/\/api.w.org\/{rel}","templated":true}]}}