{"id":8391,"date":"2013-03-16T17:16:39","date_gmt":"2013-03-16T14:16:39","guid":{"rendered":"https:\/\/www.enerjigazetesi.ist\/?p=8391"},"modified":"2013-03-16T17:16:39","modified_gmt":"2013-03-16T14:16:39","slug":"elektrikte-talep-dususu-dogalgaz-santrallerini-zorluyor","status":"publish","type":"post","link":"https:\/\/www.enerjigazetesi.ist\/en\/elektrikte-talep-dususu-dogalgaz-santrallerini-zorluyor\/","title":{"rendered":"(Turkish) Elektrikte Talep D\u00fc\u015f\u00fc\u015f\u00fc, Do\u011falgaz Santrallerini Zorluyor"},"content":{"rendered":"<p class=\"qtranxs-available-languages-message qtranxs-available-languages-message-en\">Sorry, this entry is only available in <a href=\"https:\/\/www.enerjigazetesi.ist\/tr\/wp-json\/wp\/v2\/posts\/8391\" class=\"qtranxs-available-language-link qtranxs-available-language-link-tr\" title=\"Turkish\">Turkish<\/a>. For the sake of viewer convenience, the content is shown below in the alternative language. You may click the link to switch the active language.<\/p><p><strong>Elektrik t\u00fcketiminde k\u0131\u015f aylar\u0131n\u0131n \u0131l\u0131man ge\u00e7mesi ve sanayide \u00e7arklar\u0131n yava\u015flamas\u0131yla ya\u015fanan d\u00fc\u015f\u00fc\u015f, serbest piyasada olu\u015fan elektrik fiyatlar\u0131na yans\u0131d\u0131.<\/strong><\/p>\n<p>2013 \u015eubat ay\u0131nda elektrik fiyatlar\u0131, serbest elektrik piyasas\u0131 (PMUM) piyasas\u0131nda 2012\u2032nin ayn\u0131 ay\u0131na g\u00f6re yakla\u015f\u0131k y\u00fczde 32 oran\u0131nda d\u00fc\u015ft\u00fc.<\/p>\n<p>Elektrik \u00dcreticileri Derne\u011fi M\u00fcd\u00fcr\u00fc Obahan Obao\u011flu,\u00a0 ge\u00e7en y\u0131l k\u0131\u015f \u015fartlar\u0131n\u0131n beklenenden sert ge\u00e7mesi nedeniyle do\u011falgazdaki t\u00fcketim art\u0131\u015f\u0131n\u0131n kesintilere yol a\u00e7t\u0131\u011f\u0131n\u0131 an\u0131msatarak, gazdaki kesintilerin \u00f6zellikle \u00e7evrim santrallerinin elektrik \u00fcretim miktarlar\u0131n\u0131 olumsuz etkiledi\u011fini s\u00f6yledi. Bu y\u0131l ise ge\u00e7en y\u0131l\u0131n tam tersine T\u00fcrkiye\u2019nin i\u00e7 ve bat\u0131 kesimlerinde k\u0131\u015f\u0131n \u0131l\u0131man ya\u015fanmas\u0131n\u0131n elektrik t\u00fcketimini d\u00fc\u015f\u00fcrd\u00fc\u011f\u00fcne dikkati \u00e7eken Obao\u011flu, \u015funlar\u0131 kaydetti:<\/p>\n<p><img loading=\"lazy\" class=\"alignleft size-medium wp-image-8392\" title=\"elektrik-talebi-fiyatlari-dusus-dogalgaz-santralleri-zorlama\" src=\"https:\/\/www.enerjigazetesi.ist\/wp-content\/uploads\/2013\/03\/elektrik-talebi-fiyatlari-dusus-dogalgaz-santralleri-zorlama-300x189.jpg\" alt=\"\" width=\"300\" height=\"189\" srcset=\"https:\/\/www.enerjigazetesi.ist\/wp-content\/uploads\/2013\/03\/elektrik-talebi-fiyatlari-dusus-dogalgaz-santralleri-zorlama-300x189.jpg 300w, https:\/\/www.enerjigazetesi.ist\/wp-content\/uploads\/2013\/03\/elektrik-talebi-fiyatlari-dusus-dogalgaz-santralleri-zorlama-80x50.jpg 80w, https:\/\/www.enerjigazetesi.ist\/wp-content\/uploads\/2013\/03\/elektrik-talebi-fiyatlari-dusus-dogalgaz-santralleri-zorlama.jpg 465w\" sizes=\"(max-width: 300px) 100vw, 300px\" \/>\u201dIl\u0131man k\u0131\u015f, sanayide \u00e7arklar\u0131n yava\u015flamas\u0131yla birle\u015fince elektrik t\u00fcketimi d\u00fc\u015fmeye ba\u015flad\u0131. Mesela \u015eubat\u2019ta bir \u00f6nceki y\u0131l\u0131n \u015fubat ay\u0131na g\u00f6re t\u00fcketimde y\u00fczde 6\u2032l\u0131k bir azalma ya\u015fand\u0131. T\u00fcketimdeki bu d\u00fc\u015f\u00fc\u015fler DUY piyasas\u0131na da yand\u0131. Sistem G\u00fcn \u00d6ncesi Fiyat\u0131n\u0131n (SG\u00d6F) 2012 \u015eubat ay\u0131 ortalamas\u0131 206,26 lira iken bu y\u0131l\u0131n \u015eubat ortalamas\u0131 140,07 lira. Yani yakla\u015f\u0131k y\u00fczde 32\u2032ye yak\u0131n d\u00fc\u015f\u00fc\u015f var. Bu \u00fcretim maliyetleri kar\u015f\u0131lamayacak bir noktada. \u00d6zellikle do\u011falgaz d\u00f6n\u00fc\u015f\u00fcm santralleri maliyetlerini kar\u015f\u0131lam\u0131yor.\u201d<\/p>\n<p>Elektrik fiyatlar\u0131n\u0131n mevcut seviyelerinde devam etmesinin \u00fcreticileri zorlayaca\u011f\u0131n\u0131 dile getiren Obao\u011flu, bu tablonun k\u0131sa vadede de\u011fil ama uzun vadede yeni yat\u0131r\u0131mlar\u0131n planlanmas\u0131n\u0131 etkileyebilece\u011fini s\u00f6yledi.<\/p>\n<p>Obahan Obao\u011flu, elektrik t\u00fcketimdeki d\u00fc\u015f\u00fc\u015flere ra\u011fmen \u00fcretimdeki yat\u0131r\u0131mlar\u0131n devam etti\u011fine dikkati \u00e7ekerek, \u201dT\u00fcrkiye\u2019nin elektrik kurulu g\u00fcc\u00fcne ge\u00e7en y\u0131l yakla\u015f\u0131k 4 bin megavat eklendi. Arz her ge\u00e7en g\u00fcn artarken, talebin d\u00fc\u015fmesi piyasan\u0131n i\u015fleyi\u015fi i\u00e7in sa\u011fl\u0131kl\u0131 de\u011fil\u201d dedi.<\/p>\n<p>Kaynak: <a href=\"http:\/\/enerjienstitusu.com\/2013\/03\/16\/elektrik-talebinde-sanayi-kaynakli-dusus\/\" target=\"_blank\">EnerjiEnstit\u00fcs\u00fc<\/a><\/p>","protected":false},"excerpt":{"rendered":"<p>Sorry, this entry is only available in Turkish. For the sake of viewer convenience, the content is shown below in the alternative language. You may click the link to switch the active language.Elektrik t\u00fcketiminde k\u0131\u015f aylar\u0131n\u0131n \u0131l\u0131man ge\u00e7mesi ve sanayide \u00e7arklar\u0131n yava\u015flamas\u0131yla ya\u015fanan d\u00fc\u015f\u00fc\u015f, serbest piyasada olu\u015fan elektrik fiyatlar\u0131na yans\u0131d\u0131. 2013 \u015eubat ay\u0131nda elektrik fiyatlar\u0131, [&hellip;]<\/p>\n","protected":false},"author":1,"featured_media":8392,"comment_status":"open","ping_status":"open","sticky":false,"template":"","format":"standard","meta":[],"categories":[46,51,53],"tags":[226,2555,3573,343,3568,130,3571,19,67,3572,3570,3569,3575,3574],"views":716,"_links":{"self":[{"href":"https:\/\/www.enerjigazetesi.ist\/en\/wp-json\/wp\/v2\/posts\/8391"}],"collection":[{"href":"https:\/\/www.enerjigazetesi.ist\/en\/wp-json\/wp\/v2\/posts"}],"about":[{"href":"https:\/\/www.enerjigazetesi.ist\/en\/wp-json\/wp\/v2\/types\/post"}],"author":[{"embeddable":true,"href":"https:\/\/www.enerjigazetesi.ist\/en\/wp-json\/wp\/v2\/users\/1"}],"replies":[{"embeddable":true,"href":"https:\/\/www.enerjigazetesi.ist\/en\/wp-json\/wp\/v2\/comments?post=8391"}],"version-history":[{"count":1,"href":"https:\/\/www.enerjigazetesi.ist\/en\/wp-json\/wp\/v2\/posts\/8391\/revisions"}],"predecessor-version":[{"id":8393,"href":"https:\/\/www.enerjigazetesi.ist\/en\/wp-json\/wp\/v2\/posts\/8391\/revisions\/8393"}],"wp:featuredmedia":[{"embeddable":true,"href":"https:\/\/www.enerjigazetesi.ist\/en\/wp-json\/wp\/v2\/media\/8392"}],"wp:attachment":[{"href":"https:\/\/www.enerjigazetesi.ist\/en\/wp-json\/wp\/v2\/media?parent=8391"}],"wp:term":[{"taxonomy":"category","embeddable":true,"href":"https:\/\/www.enerjigazetesi.ist\/en\/wp-json\/wp\/v2\/categories?post=8391"},{"taxonomy":"post_tag","embeddable":true,"href":"https:\/\/www.enerjigazetesi.ist\/en\/wp-json\/wp\/v2\/tags?post=8391"}],"curies":[{"name":"wp","href":"https:\/\/api.w.org\/{rel}","templated":true}]}}