{"id":83662,"date":"2018-12-19T15:37:04","date_gmt":"2018-12-19T12:37:04","guid":{"rendered":"https:\/\/www.enerjigazetesi.ist\/?p=83662"},"modified":"2018-12-19T15:38:17","modified_gmt":"2018-12-19T12:38:17","slug":"abd-enerjide-ihtiyaci-olmadigi-halde-neyin-savasini-yapiyor","status":"publish","type":"post","link":"https:\/\/www.enerjigazetesi.ist\/en\/abd-enerjide-ihtiyaci-olmadigi-halde-neyin-savasini-yapiyor\/","title":{"rendered":"(Turkish) ABD Enerjide \u0130htiyac\u0131 Olmad\u0131\u011f\u0131 Halde Neyin Sava\u015f\u0131n\u0131 Yap\u0131yor?"},"content":{"rendered":"<p class=\"qtranxs-available-languages-message qtranxs-available-languages-message-en\">Sorry, this entry is only available in <a href=\"https:\/\/www.enerjigazetesi.ist\/tr\/wp-json\/wp\/v2\/posts\/83662\" class=\"qtranxs-available-language-link qtranxs-available-language-link-tr\" title=\"Turkish\">Turkish<\/a>. For the sake of viewer convenience, the content is shown below in the alternative language. You may click the link to switch the active language.<\/p><p><\/p>\n<div><strong>G\u00fcn\u00fcm\u00fczde art\u0131k her \u015fey enerjiye endeksli bir hale gelirken enerjin yoksa \u00fcretemiyorsun, gidip-gelemiyorsun, \u0131s\u0131nam\u0131yorsun, ayd\u0131nlanam\u0131yorsun\u2026 Haliyle ortada bir k\u00fcresel enerji sava\u015f\u0131 vard\u0131r. Tabi her sava\u015f\u0131 ba\u015flatan ABD, bu sava\u015f\u0131n da mimar\u0131 olmaktad\u0131r.<\/strong><\/div>\n<div><\/div>\n<div>ABD enerjiye ihtiyac\u0131 oldu\u011fu i\u00e7in sava\u015f ger\u00e7ekle\u015ftirmiyor. \u00c7\u00fcnk\u00fc ABD co\u011frafyas\u0131nda hemen her t\u00fcrl\u00fc enerji kaynaklar\u0131 kendine ve b\u00f6lgesine yetebilecek oranda daha da fazlas\u0131yla mevcur. Teknolojiyi <img loading=\"lazy\" class=\"alignright size-medium wp-image-83664\" src=\"https:\/\/www.enerjigazetesi.ist\/wp-content\/uploads\/2018\/12\/abd-enerjide-ihtiyaci-olmadigi-halde-neyin-savasini-yapiyor-300x200.jpg\" alt=\"\" width=\"300\" height=\"200\" srcset=\"https:\/\/www.enerjigazetesi.ist\/wp-content\/uploads\/2018\/12\/abd-enerjide-ihtiyaci-olmadigi-halde-neyin-savasini-yapiyor-300x200.jpg 300w, https:\/\/www.enerjigazetesi.ist\/wp-content\/uploads\/2018\/12\/abd-enerjide-ihtiyaci-olmadigi-halde-neyin-savasini-yapiyor-500x333.jpg 500w, https:\/\/www.enerjigazetesi.ist\/wp-content\/uploads\/2018\/12\/abd-enerjide-ihtiyaci-olmadigi-halde-neyin-savasini-yapiyor-75x50.jpg 75w, https:\/\/www.enerjigazetesi.ist\/wp-content\/uploads\/2018\/12\/abd-enerjide-ihtiyaci-olmadigi-halde-neyin-savasini-yapiyor-450x300.jpg 450w, https:\/\/www.enerjigazetesi.ist\/wp-content\/uploads\/2018\/12\/abd-enerjide-ihtiyaci-olmadigi-halde-neyin-savasini-yapiyor.jpg 707w\" sizes=\"(max-width: 300px) 100vw, 300px\" \/>kullanarak bunu bire on, bire bin de \u00e7o\u011faltabilmektedirler.<\/div>\n<div><\/div>\n<div>ABD\u2019yi do\u011falgaz korkusu sararken d\u00fcnya genelinde enerji ihtiyac\u0131n\u0131n \u00f6nemli bir b\u00f6l\u00fcm\u00fc do\u011falgazla sa\u011flanmaktad\u0131r. ABD \u015fu anda d\u00fcnyan\u0131n en \u00e7ok do\u011falgaz \u00fcreten \u00fclkesi konumundad\u0131r. Ama en \u00e7ok do\u011falgaz rezervleri ABD\u2019de olmay\u0131p Rusya, \u0130ran ve Katar\u2019da yer almaktad\u0131r. \u00dcretimde de ABD\u2019yi, Rusya takip etmektedir. Di\u011fer taraftan ABD i\u00e7in Rusya ve \u0130ran her zaman tehdit olu\u015fturan \u00fclkeler olarak \u00f6ne \u00e7\u0131kmaktad\u0131r.<\/div>\n<div><\/div>\n<div>\n<div>Avrupa ve T\u00fcrkiye do\u011falgaza muhta\u00e7 bir \u00fclke olup. Her y\u0131l bu ihtiyac\u0131 daha da artmaktad\u0131r. Haliyle daha fazla do\u011falgaz ithal edilmektedir. Son rakamlara g\u00f6re ge\u00e7ti\u011fimiz y\u0131l AB \u00fcyesi 28 \u00fclkenin gaz ithalat\u0131 bir \u00f6nceki y\u0131la g\u00f6re y\u00fczde 10 art\u0131\u015f g\u00f6stererek 363 milyar metrek\u00fcpe ula\u015fm\u0131\u015ft\u0131r.<\/div>\n<div><\/div>\n<div>Haliyle Rusya ve \u0130ran\u2019\u0131n \u00f6n\u00fcnde \u00e7ok b\u00fcy\u00fck bir pazar mevcuttur. \u0130\u015fte ABD bu pazar\u0131 kaybetmek istemiyor \u00e7\u00fcnk\u00fc bu pazar\u0131 kaybetmek e\u015fittir para kaybetmek, m\u00fcttefik kaybetmek, g\u00fc\u00e7 kaybetmek, itibar kaybetmek anlam\u0131n\u0131 ta\u015f\u0131maktad\u0131r.<\/div>\n<div>\n<div><\/div>\n<div>Rusya\u2019n\u0131n, Avrupa pazar\u0131na ula\u015fmas\u0131 i\u00e7in kilit \u00fclke ise T\u00fcrkiye. Rusya ile Avrupa\u2019ya gaz ta\u015f\u0131yacak projeleri tek tek hayata ge\u00e7irmektedir. Haliyle ABD bunu hazmedemeyip bir ay \u00f6nce Putin\u2019in de kat\u0131ld\u0131\u011f\u0131 T\u00fcrk Ak\u0131m\u0131 Projesi\u2019nin a\u00e7\u0131l\u0131\u015f\u0131ndan sonra ABD\u2019nin, enerjiden sorumlu D\u0131\u015fi\u015fleri Bakan Yard\u0131mc\u0131s\u0131 Francis Fannon; \u201cKuzey Ak\u0131m-2, Avrupa\u2019n\u0131n g\u00fcvenli\u011fi i\u00e7in tehdittir. \u0130srail, Avrupa\u2019ya do\u011falgaz sevkiyat\u0131na ba\u015flayacak\u201d ifadelerini kullanm\u0131\u015ft\u0131.<\/div>\n<\/div>\n<div><\/div>\n<div>Yaz\u0131n\u0131n <a href=\"http:\/\/www.yenimesaj.com.tr\/abdnin-gaz-korkusu-H1309269.htm\" target=\"_blank\" rel=\"noopener\">Devam\u0131 \u0130\u00e7in TIKLAYINIZ &gt;&gt;&gt;<\/a><\/div>\n<div><\/div>\n<div><strong>Yazan:<\/strong> Ak\u0131n Ayd\u0131n<\/div>\n<\/div>\n<p><\/p>","protected":false},"excerpt":{"rendered":"<p>Sorry, this entry is only available in Turkish. For the sake of viewer convenience, the content is shown below in the alternative language. You may click the link to switch the active language. G\u00fcn\u00fcm\u00fczde art\u0131k her \u015fey enerjiye endeksli bir hale gelirken enerjin yoksa \u00fcretemiyorsun, gidip-gelemiyorsun, \u0131s\u0131nam\u0131yorsun, ayd\u0131nlanam\u0131yorsun\u2026 Haliyle ortada bir k\u00fcresel enerji sava\u015f\u0131 vard\u0131r. [&hellip;]<\/p>\n","protected":false},"author":1,"featured_media":83664,"comment_status":"open","ping_status":"open","sticky":false,"template":"","format":"standard","meta":[],"categories":[46,53],"tags":[1198,42892,886,92,1128,19761,34929,23219,67,1009,42893,42894],"views":752,"_links":{"self":[{"href":"https:\/\/www.enerjigazetesi.ist\/en\/wp-json\/wp\/v2\/posts\/83662"}],"collection":[{"href":"https:\/\/www.enerjigazetesi.ist\/en\/wp-json\/wp\/v2\/posts"}],"about":[{"href":"https:\/\/www.enerjigazetesi.ist\/en\/wp-json\/wp\/v2\/types\/post"}],"author":[{"embeddable":true,"href":"https:\/\/www.enerjigazetesi.ist\/en\/wp-json\/wp\/v2\/users\/1"}],"replies":[{"embeddable":true,"href":"https:\/\/www.enerjigazetesi.ist\/en\/wp-json\/wp\/v2\/comments?post=83662"}],"version-history":[{"count":0,"href":"https:\/\/www.enerjigazetesi.ist\/en\/wp-json\/wp\/v2\/posts\/83662\/revisions"}],"wp:featuredmedia":[{"embeddable":true,"href":"https:\/\/www.enerjigazetesi.ist\/en\/wp-json\/wp\/v2\/media\/83664"}],"wp:attachment":[{"href":"https:\/\/www.enerjigazetesi.ist\/en\/wp-json\/wp\/v2\/media?parent=83662"}],"wp:term":[{"taxonomy":"category","embeddable":true,"href":"https:\/\/www.enerjigazetesi.ist\/en\/wp-json\/wp\/v2\/categories?post=83662"},{"taxonomy":"post_tag","embeddable":true,"href":"https:\/\/www.enerjigazetesi.ist\/en\/wp-json\/wp\/v2\/tags?post=83662"}],"curies":[{"name":"wp","href":"https:\/\/api.w.org\/{rel}","templated":true}]}}