{"id":8341,"date":"2013-03-15T16:02:00","date_gmt":"2013-03-15T13:02:00","guid":{"rendered":"https:\/\/www.enerjigazetesi.ist\/?p=8341"},"modified":"2013-03-15T16:02:00","modified_gmt":"2013-03-15T13:02:00","slug":"turkiye-gunes-paneli-hurdaligina-donusmesin","status":"publish","type":"post","link":"https:\/\/www.enerjigazetesi.ist\/en\/turkiye-gunes-paneli-hurdaligina-donusmesin\/","title":{"rendered":"(Turkish) T\u00fcrkiye, G\u00fcne\u015f Paneli Hurdal\u0131\u011f\u0131na D\u00f6n\u00fc\u015fmesin"},"content":{"rendered":"<p class=\"qtranxs-available-languages-message qtranxs-available-languages-message-en\">Sorry, this entry is only available in <a href=\"https:\/\/www.enerjigazetesi.ist\/tr\/wp-json\/wp\/v2\/posts\/8341\" class=\"qtranxs-available-language-link qtranxs-available-language-link-tr\" title=\"Turkish\">Turkish<\/a>. For the sake of viewer convenience, the content is shown below in the alternative language. You may click the link to switch the active language.<\/p><p><strong>Y\u0131lba\u015f\u0131nda bu k\u00f6\u015fedeki yaz\u0131m\u0131z\u0131n ba\u015fl\u0131\u011f\u0131 \u201cR\u00fczg\u00e2r\u0131 ka\u00e7\u0131rd\u0131k g\u00fcne\u015fi yakalayal\u0131m\u201d idi. R\u00fczg\u00e2r santrali yat\u0131r\u0131mlar\u0131 devam ederken, t\u00fcrbin ba\u015fta olmak \u00fczere yerli malzeme kullanma oran\u0131n\u0131n d\u00fc\u015f\u00fck oldu\u011funa i\u015faret etmi\u015f, g\u00fcne\u015f enerjisinde de ayn\u0131 durumun ya\u015fanmamas\u0131 i\u00e7in \u00f6nlem al\u0131nmas\u0131 gerekti\u011fini s\u00f6ylemi\u015ftik.<\/strong><\/p>\n<p>Evet, g\u00fcne\u015fe dayal\u0131 elektrik \u00fcretim santralleri bu y\u0131l enerji g\u00fcndeminin ilk s\u0131ralarda yer almay\u0131 s\u00fcrd\u00fcrecek.<\/p>\n<p>\u00c7\u00fcnk\u00fc yaz ba\u015f\u0131nda g\u00fcne\u015f enerjisine dayal\u0131 elektrik \u00fcretim lisans\u0131 ba\u015fvurular\u0131 kabul edilecek. Bu arada lisanss\u0131z elektrik \u00fcretimi yapmak isteyenlerin en \u00e7ok tercih etti\u011fi alanlardan biri de g\u00fcne\u015f yat\u0131r\u0131mlar\u0131. Dolay\u0131s\u0131yla g\u00fcne\u015f enerjisi, en b\u00fcy\u00fc\u011f\u00fcnden en k\u00fc\u00e7\u00fc\u011f\u00fcne b\u00fct\u00fcn i\u015fletmelerin ilgisini \u00e7ekiyor.<\/p>\n<p>G\u00fcne\u015f paneli \u00fcretimi de yat\u0131r\u0131mc\u0131lar\u0131n ilgi g\u00f6sterdi\u011fi bir alan. Yerli girdi kullan\u0131larak kurulan tesislerde \u00fcretilecek elektri\u011fe kWh ba\u015f\u0131na belli bir devlet deste\u011fi sa\u011fland\u0131. Bu destek, T\u00fcrkiye\u2019de bu alana yerli ve yabanc\u0131 sermayenin yat\u0131r\u0131m yapmas\u0131n\u0131n \u00f6n\u00fcn\u00fc a\u00e7\u0131yor.<\/p>\n<p>Ama baz\u0131 konularda yasa ve y\u00f6netmelik \u00e7\u0131karmak yetmiyor, zamana da ihtiyac\u0131n\u0131z var. Yerli \u00fcretim yat\u0131r\u0131mlar\u0131 te\u015fvik edilirken, bir yandan da g\u00fcne\u015f santrali kurmak isteyenlerin kaliteli malzeme kullan\u0131m\u0131 sa\u011flanmal\u0131.<\/p>\n<p>Gaziantep\u2019te g\u00fcne\u015f paneli \u00fcretimine ba\u015flayan SolarT\u00fcrk\u2019\u00fcn Y\u00f6netim Kurulu Ba\u015fkan Vekili Osman \u00d6zberk, g\u00fcne\u015fe dayal\u0131 enerji \u00fcretimine yakla\u015f\u0131k 2 milyar Euro\u2019luk bir yat\u0131r\u0131m yap\u0131lma<img loading=\"lazy\" class=\"alignleft  wp-image-8342\" title=\"turkiye-gunes-paneli-hurdaligina-donusmesin\" src=\"https:\/\/www.enerjigazetesi.ist\/wp-content\/uploads\/2013\/03\/turkiye-gunes-paneli-hurdaligina-donusmesin-300x168.png\" alt=\"\" width=\"300\" height=\"168\" srcset=\"https:\/\/www.enerjigazetesi.ist\/wp-content\/uploads\/2013\/03\/turkiye-gunes-paneli-hurdaligina-donusmesin-300x168.png 300w, https:\/\/www.enerjigazetesi.ist\/wp-content\/uploads\/2013\/03\/turkiye-gunes-paneli-hurdaligina-donusmesin-500x281.png 500w, https:\/\/www.enerjigazetesi.ist\/wp-content\/uploads\/2013\/03\/turkiye-gunes-paneli-hurdaligina-donusmesin-80x44.png 80w, https:\/\/www.enerjigazetesi.ist\/wp-content\/uploads\/2013\/03\/turkiye-gunes-paneli-hurdaligina-donusmesin.png 505w\" sizes=\"(max-width: 300px) 100vw, 300px\" \/>s\u0131n\u0131n beklendi\u011fini s\u00f6yl\u00fcyor. Bu yat\u0131r\u0131mlar\u0131n sa\u011fl\u0131kl\u0131 bir \u015fekilde hayata ge\u00e7irilmesi gerekti\u011finin alt\u0131n\u0131 \u00e7izen \u00d6zberk\u2019e g\u00f6re ortada bir sorun var. \u201cT\u00fcrkiye\u2019ye giren ithal \u00fcr\u00fcnlerin bir kontrol\u00fc yok\u201d diyen \u00d6zberk \u00fcr\u00fcnlerin nas\u0131l getirilece\u011fi, da\u011f\u0131t\u0131laca\u011f\u0131 ve sat\u0131laca\u011f\u0131n\u0131n belirlenmesini istiyor.<\/p>\n<p>Yoksa yar\u0131n \u00f6b\u00fcr g\u00fcn sorun \u00e7\u0131kt\u0131\u011f\u0131 zaman ortaya \u00e7\u0131kacak zarar tazmin edilemeyecek, hem yat\u0131r\u0131mc\u0131n\u0131n paras\u0131 yanacak hem de \u00fclke ekonomisi kaybedecek. Osman \u00d6zberk, burada ikinci bir noktaya daha dikkat \u00e7ekiyor. O da T\u00fcrkiye\u2019ye giren panellerin \u00fczerinde imal tarihi bulummamas\u0131. Getirilecek g\u00fcne\u015f panellerinin \u00fczerinde, sonradan m\u00fcdahale edilemeyecek \u015fekilde mutlaka \u00fcretim tarihi bulunmas\u0131n\u0131 istiyor Osman \u00d6zberk. Nedenini de \u015f\u00f6yle anlat\u0131yor:<\/p>\n<p>\u201cAvrupa kota koydu\u011fu i\u00e7in Uzakdo\u011fu \u00fclkelerinden gelen \u00fcr\u00fcnler depolarda kald\u0131. A\u015f\u0131r\u0131 derecede bir stok olu\u015ftu. Orada satamayan, T\u00fcrkiye\u2019ye g\u00f6ndermeye ba\u015fl\u0131yor. \u00dcretimin ne zaman yap\u0131ld\u0131\u011f\u0131 belli de\u011fil. Kimilerinin kalitesi belli de\u011fil.<\/p>\n<p>Bunlar kontrol edilmeli. Bunun i\u00e7in de \u00fcretim tarihi ve ba\u015fka denetim \u00f6nlemleri al\u0131nmal\u0131. Yoksa <strong>\u00e7\u00f6pl\u00fck oluruz<\/strong>.\u201d<\/p>\n<p>\u00d6zberk, Avrupa\u2019dan gelen paneller aras\u0131nda sadece Uzakdo\u011fu men\u015felilerin de\u011fil, daha \u00f6nce kullan\u0131lm\u0131\u015f \u00fcr\u00fcnlerin de bulundu\u011funu s\u00f6yl\u00fcyor. Bunlar da belli bir s\u00fcre kullan\u0131l\u0131p verimsizlik nedeniyle garanti kapsam\u0131ndan \u00e7\u0131km\u0131\u015f paneller. Ya garanti edilen verimi sa\u011flayamad\u0131\u011f\u0131 i\u00e7in sigorta \u015firketlerinin elinde kalan ya da garanti s\u00fcresi doldu\u011fu i\u00e7in daha verimli paneller monte etmek i\u00e7in yerinden s\u00f6k\u00fclen malzemeler\u2026<\/p>\n<p>Osman \u00d6zberk\u2019in s\u00f6zlerine kulak vermek laz\u0131m. Bug\u00fcn devlet vatanda\u015f\u0131 az elektrik t\u00fcketen buzdolab\u0131, f\u0131r\u0131n ve \u00fct\u00fc kullanmaya y\u00f6neltiyor. Bunu da y\u00fcksek elektrik t\u00fcketen cihazlar\u0131n \u00fcretimini, ithalat\u0131n\u0131 ve sat\u0131\u015f\u0131n\u0131 yasaklayarak yap\u0131yor. Ayn\u0131 anlay\u0131\u015f\u0131, g\u00fcne\u015fe dayal\u0131 elektrik \u00fcretim tesisi kuracak giri\u015fimciler i\u00e7in de hayata ge\u00e7irebilir. \u0130\u015fi ba\u015ftan s\u0131k\u0131 tutmak laz\u0131m.<\/p>\n<p>Kaynak: <a href=\"http:\/\/enerjienstitusu.com\/2013\/03\/15\/kose-yazisi-turkiye-gunes-paneli-hurdaligina-donusmesin\/\" target=\"_blank\">Enerji Enstit\u00fcs\u00fc<\/a><\/p>","protected":false},"excerpt":{"rendered":"<p>Sorry, this entry is only available in Turkish. For the sake of viewer convenience, the content is shown below in the alternative language. You may click the link to switch the active language.Y\u0131lba\u015f\u0131nda bu k\u00f6\u015fedeki yaz\u0131m\u0131z\u0131n ba\u015fl\u0131\u011f\u0131 \u201cR\u00fczg\u00e2r\u0131 ka\u00e7\u0131rd\u0131k g\u00fcne\u015fi yakalayal\u0131m\u201d idi. R\u00fczg\u00e2r santrali yat\u0131r\u0131mlar\u0131 devam ederken, t\u00fcrbin ba\u015fta olmak \u00fczere yerli malzeme kullanma oran\u0131n\u0131n [&hellip;]<\/p>\n","protected":false},"author":1,"featured_media":8342,"comment_status":"open","ping_status":"open","sticky":false,"template":"","format":"standard","meta":[],"categories":[51,53,49],"tags":[19,67,607,13,3517],"views":794,"_links":{"self":[{"href":"https:\/\/www.enerjigazetesi.ist\/en\/wp-json\/wp\/v2\/posts\/8341"}],"collection":[{"href":"https:\/\/www.enerjigazetesi.ist\/en\/wp-json\/wp\/v2\/posts"}],"about":[{"href":"https:\/\/www.enerjigazetesi.ist\/en\/wp-json\/wp\/v2\/types\/post"}],"author":[{"embeddable":true,"href":"https:\/\/www.enerjigazetesi.ist\/en\/wp-json\/wp\/v2\/users\/1"}],"replies":[{"embeddable":true,"href":"https:\/\/www.enerjigazetesi.ist\/en\/wp-json\/wp\/v2\/comments?post=8341"}],"version-history":[{"count":1,"href":"https:\/\/www.enerjigazetesi.ist\/en\/wp-json\/wp\/v2\/posts\/8341\/revisions"}],"predecessor-version":[{"id":8343,"href":"https:\/\/www.enerjigazetesi.ist\/en\/wp-json\/wp\/v2\/posts\/8341\/revisions\/8343"}],"wp:featuredmedia":[{"embeddable":true,"href":"https:\/\/www.enerjigazetesi.ist\/en\/wp-json\/wp\/v2\/media\/8342"}],"wp:attachment":[{"href":"https:\/\/www.enerjigazetesi.ist\/en\/wp-json\/wp\/v2\/media?parent=8341"}],"wp:term":[{"taxonomy":"category","embeddable":true,"href":"https:\/\/www.enerjigazetesi.ist\/en\/wp-json\/wp\/v2\/categories?post=8341"},{"taxonomy":"post_tag","embeddable":true,"href":"https:\/\/www.enerjigazetesi.ist\/en\/wp-json\/wp\/v2\/tags?post=8341"}],"curies":[{"name":"wp","href":"https:\/\/api.w.org\/{rel}","templated":true}]}}