{"id":83180,"date":"2018-12-10T17:53:56","date_gmt":"2018-12-10T14:53:56","guid":{"rendered":"https:\/\/www.enerjigazetesi.ist\/?p=83180"},"modified":"2018-12-10T17:54:19","modified_gmt":"2018-12-10T14:54:19","slug":"arakli-ve-surmeneye-de-dogalgaz-ulasti","status":"publish","type":"post","link":"https:\/\/www.enerjigazetesi.ist\/en\/arakli-ve-surmeneye-de-dogalgaz-ulasti\/","title":{"rendered":"(Turkish) Arakl\u0131 ve S\u00fcrmene&#8217;ye de Do\u011falgaz Ula\u015ft\u0131!"},"content":{"rendered":"<p class=\"qtranxs-available-languages-message qtranxs-available-languages-message-en\">Sorry, this entry is only available in <a href=\"https:\/\/www.enerjigazetesi.ist\/tr\/wp-json\/wp\/v2\/posts\/83180\" class=\"qtranxs-available-language-link qtranxs-available-language-link-tr\" title=\"Turkish\">Turkish<\/a>. For the sake of viewer convenience, the content is shown below in the alternative language. You may click the link to switch the active language.<\/p><p><strong>Yap<\/strong><strong>\u0131<\/strong><strong>lan yat<\/strong><strong>\u0131<\/strong><strong>r<\/strong><strong>\u0131<\/strong><strong>mlar ve altyap<\/strong><strong>\u0131<\/strong> <strong>\u00e7<\/strong><strong>al<\/strong><strong>\u0131\u015f<\/strong><strong>malar<\/strong><strong>\u0131<\/strong><strong> sonucu, 2010 y<\/strong><strong>\u0131<\/strong><strong>l<\/strong><strong>\u0131<\/strong><strong>ndan beri do<\/strong><strong>\u011f<\/strong><strong>al gaz kullanan Trabzon<\/strong><strong>\u2019<\/strong><strong>un iki il<\/strong><strong>\u00e7<\/strong><strong>esi daha do<\/strong><strong>\u011f<\/strong><strong>al gaza kavu<\/strong><strong>\u015f<\/strong><strong>tu. Arakl<\/strong><strong>\u0131<\/strong><strong> ve S<\/strong><strong>\u00fc<\/strong><strong>rmene il<\/strong><strong>\u00e7<\/strong><strong>eleri, bu k<\/strong><strong>\u0131\u015f<\/strong><strong> do<\/strong><strong>\u011f<\/strong><strong>al gaz konforunu ya<\/strong><strong>\u015f<\/strong><strong>amaya ba<\/strong><strong>\u015f<\/strong><strong>layacak.<\/strong><\/p>\n<p>T\u00fcrkiye\u2019nin d\u00f6rt bir yan\u0131ndaki 27 il, 179 il\u00e7e ve beldede yakla\u015f\u0131k 40 milyon n\u00fcfusa hizmet veren Aksa <img loading=\"lazy\" class=\"alignright size-medium wp-image-83181\" src=\"https:\/\/www.enerjigazetesi.ist\/wp-content\/uploads\/2018\/12\/arakli-ve-surmeneye-de-dogalgaz-ulasti2-300x169.jpg\" alt=\"\" width=\"300\" height=\"169\" srcset=\"https:\/\/www.enerjigazetesi.ist\/wp-content\/uploads\/2018\/12\/arakli-ve-surmeneye-de-dogalgaz-ulasti2-300x169.jpg 300w, https:\/\/www.enerjigazetesi.ist\/wp-content\/uploads\/2018\/12\/arakli-ve-surmeneye-de-dogalgaz-ulasti2-768x432.jpg 768w, https:\/\/www.enerjigazetesi.ist\/wp-content\/uploads\/2018\/12\/arakli-ve-surmeneye-de-dogalgaz-ulasti2-500x281.jpg 500w, https:\/\/www.enerjigazetesi.ist\/wp-content\/uploads\/2018\/12\/arakli-ve-surmeneye-de-dogalgaz-ulasti2-80x45.jpg 80w, https:\/\/www.enerjigazetesi.ist\/wp-content\/uploads\/2018\/12\/arakli-ve-surmeneye-de-dogalgaz-ulasti2.jpg 868w\" sizes=\"(max-width: 300px) 100vw, 300px\" \/>Do\u011falgaz, 2010 y\u0131l\u0131ndan bug\u00fcne faaliyet g\u00f6sterdi\u011fi Trabzon\u2019da iki il\u00e7eyi daha do\u011fal gazla bulu\u015fturdu.<\/p>\n<p>Arakl\u0131 ve S\u00fcrmene \u015eehir Bas\u0131n\u00e7 D\u00fc\u015f\u00fcrme ve \u00d6l\u00e7\u00fcm \u0130stasyonu\u2019nun (RMS-A) kabul\u00fcn\u00fcn ger\u00e7ekle\u015ftirilmesiyle birlikte, Aral\u0131k ay\u0131n\u0131n ilk g\u00fcnlerinde il\u00e7elere ilk gaz arz\u0131 sa\u011fland\u0131. Gaz arz\u0131n\u0131n sa\u011flanmas\u0131n\u0131n ard\u0131ndan abonelik i\u015flemlerini tamamlayan Arakl\u0131 ve S\u00fcrmene\u2019de ya\u015fayan vatanda\u015flar, bu k\u0131\u015f itibar\u0131yla do\u011fal gazla \u0131s\u0131nabilecek.<\/p>\n<p>Aksa Karadeniz Do\u011falgaz \u015eirket M\u00fcd\u00fcr\u00fc Mehmet Salih Ayayd\u0131n, ger\u00e7ekle\u015ftirilen ilk gaz verme t\u00f6reninde, Arakl\u0131 ve S\u00fcrmene\u2019de ya\u015fayan vatanda\u015flar\u0131n, do\u011fal gaza d\u00f6n\u00fc\u015f\u00fcmlerini bir an \u00f6nce ger\u00e7ekle\u015ftirmelerini ve do\u011fal gaz konforunu ya\u015famaya ba\u015flamalar\u0131n\u0131 arzu ettiklerini belirtti.<\/p>","protected":false},"excerpt":{"rendered":"<p>Sorry, this entry is only available in Turkish. For the sake of viewer convenience, the content is shown below in the alternative language. You may click the link to switch the active language.Yap\u0131lan yat\u0131r\u0131mlar ve altyap\u0131 \u00e7al\u0131\u015fmalar\u0131 sonucu, 2010 y\u0131l\u0131ndan beri do\u011fal gaz kullanan Trabzon\u2019un iki il\u00e7esi daha do\u011fal gaza kavu\u015ftu. Arakl\u0131 ve S\u00fcrmene il\u00e7eleri, [&hellip;]<\/p>\n","protected":false},"author":1,"featured_media":83182,"comment_status":"open","ping_status":"open","sticky":false,"template":"","format":"standard","meta":[],"categories":[46,53],"tags":[16281,42223,1128,19761,23219,67,1009,42227,42226,42225,42224,4000],"views":901,"_links":{"self":[{"href":"https:\/\/www.enerjigazetesi.ist\/en\/wp-json\/wp\/v2\/posts\/83180"}],"collection":[{"href":"https:\/\/www.enerjigazetesi.ist\/en\/wp-json\/wp\/v2\/posts"}],"about":[{"href":"https:\/\/www.enerjigazetesi.ist\/en\/wp-json\/wp\/v2\/types\/post"}],"author":[{"embeddable":true,"href":"https:\/\/www.enerjigazetesi.ist\/en\/wp-json\/wp\/v2\/users\/1"}],"replies":[{"embeddable":true,"href":"https:\/\/www.enerjigazetesi.ist\/en\/wp-json\/wp\/v2\/comments?post=83180"}],"version-history":[{"count":1,"href":"https:\/\/www.enerjigazetesi.ist\/en\/wp-json\/wp\/v2\/posts\/83180\/revisions"}],"predecessor-version":[{"id":83183,"href":"https:\/\/www.enerjigazetesi.ist\/en\/wp-json\/wp\/v2\/posts\/83180\/revisions\/83183"}],"wp:featuredmedia":[{"embeddable":true,"href":"https:\/\/www.enerjigazetesi.ist\/en\/wp-json\/wp\/v2\/media\/83182"}],"wp:attachment":[{"href":"https:\/\/www.enerjigazetesi.ist\/en\/wp-json\/wp\/v2\/media?parent=83180"}],"wp:term":[{"taxonomy":"category","embeddable":true,"href":"https:\/\/www.enerjigazetesi.ist\/en\/wp-json\/wp\/v2\/categories?post=83180"},{"taxonomy":"post_tag","embeddable":true,"href":"https:\/\/www.enerjigazetesi.ist\/en\/wp-json\/wp\/v2\/tags?post=83180"}],"curies":[{"name":"wp","href":"https:\/\/api.w.org\/{rel}","templated":true}]}}