{"id":8312,"date":"2013-03-14T17:04:25","date_gmt":"2013-03-14T14:04:25","guid":{"rendered":"https:\/\/www.enerjigazetesi.ist\/?p=8312"},"modified":"2013-03-14T17:04:25","modified_gmt":"2013-03-14T14:04:25","slug":"enerji-verimliligi-ve-cevre","status":"publish","type":"post","link":"https:\/\/www.enerjigazetesi.ist\/en\/enerji-verimliligi-ve-cevre\/","title":{"rendered":"(Turkish) Enerji Verimlili\u011fi ve \u00c7evre&#8230;"},"content":{"rendered":"<p class=\"qtranxs-available-languages-message qtranxs-available-languages-message-en\">Sorry, this entry is only available in <a href=\"https:\/\/www.enerjigazetesi.ist\/tr\/wp-json\/wp\/v2\/posts\/8312\" class=\"qtranxs-available-language-link qtranxs-available-language-link-tr\" title=\"Turkish\">Turkish<\/a>. For the sake of viewer convenience, the content is shown below in the alternative language. You may click the link to switch the active language.<\/p><p><strong>Ya\u015fl\u0131 d\u00fcnyam\u0131z, tar\u0131m toplumu uygarl\u0131klar\u0131ndan ba\u015flayarak, sanayi toplumu ve bilgi toplumu gibi g\u00f6z al\u0131c\u0131 isimlendirmelerin \u00f6rt\u00fcc\u00fc ve g\u00f6zden saklay\u0131c\u0131 etkisinin de yard\u0131m\u0131yla, bu g\u00fcn, sadece enerji elde etme u\u011fruna s\u0131n\u0131rs\u0131z derecede kullan\u0131lan \u201cfosil yak\u0131t uygarl\u0131\u011f\u0131n\u0131n\u201d son g\u00fcnlerini ya\u015fam\u0131yor&#8230; <\/strong><\/p>\n<p>Bunun yan\u0131nda, insanl\u0131\u011f\u0131n t\u00fcm olumlu birikimlerine ra\u011fmen art\u0131k yolun sonuna geldi\u011fimizi g\u00f6steren \u00f6nemli belirtiler, d\u00fc\u015f\u00fcnmeyi becerebilen herkesi \u00fcrk\u00fct\u00fcyor.<\/p>\n<p><img loading=\"lazy\" class=\"alignleft size-medium wp-image-8313\" title=\"enerji-verimliligi-ve-cevre\" src=\"https:\/\/www.enerjigazetesi.ist\/wp-content\/uploads\/2013\/03\/enerji-verimliligi-ve-cevre-300x210.jpg\" alt=\"\" width=\"300\" height=\"210\" srcset=\"https:\/\/www.enerjigazetesi.ist\/wp-content\/uploads\/2013\/03\/enerji-verimliligi-ve-cevre-300x210.jpg 300w, https:\/\/www.enerjigazetesi.ist\/wp-content\/uploads\/2013\/03\/enerji-verimliligi-ve-cevre-500x351.jpg 500w, https:\/\/www.enerjigazetesi.ist\/wp-content\/uploads\/2013\/03\/enerji-verimliligi-ve-cevre-71x50.jpg 71w, https:\/\/www.enerjigazetesi.ist\/wp-content\/uploads\/2013\/03\/enerji-verimliligi-ve-cevre.jpg 538w\" sizes=\"(max-width: 300px) 100vw, 300px\" \/>Enerji \u00fcretmek ad\u0131na olu\u015fturdu\u011fumuz kirlilik her ge\u00e7en g\u00fcn bizi sona biraz daha yakla\u015ft\u0131r\u0131yor. Evren, g\u00fcne\u015f, d\u00fcnya, sular, kayalar, r\u00fczgar, kendisi ile bir t\u00fcrl\u00fc dost olamayan ve \u2018uygar\u2019 oldu\u011funu iddia eden insanl\u0131ktan s\u0131k\u0131 bir hesap sorma haz\u0131rl\u0131\u011f\u0131nda. Ad\u0131na ister \u201cK\u00fcresel \u0131s\u0131nma\u201d, ister ba\u015fka bir \u015fey diyelim, insan\u0131n mavi gezegenimizdeki bencil hayat\u0131, su\u00e7lu, su\u00e7suz ayr\u0131m\u0131 yapmadan top yekun bir yok olu\u015fun start\u0131n\u0131 \u00e7oktan verdi.<\/p>\n<p>Uygarl\u0131k tan\u0131mlar\u0131, ki\u015fi ba\u015f\u0131na d\u00fc\u015fen enerji t\u00fcketimi, ki\u015fi ba\u015f\u0131na d\u00fc\u015fen otomobil, televizyon say\u0131s\u0131, su kullan\u0131m\u0131 gibi \u00f6l\u00e7\u00fclere s\u0131k\u0131\u015ft\u0131r\u0131ld\u0131. Zaten \u00f6mr\u00fc iyiden iyiye azalm\u0131\u015f fosil yak\u0131t uygarl\u0131\u011f\u0131n\u0131n kendili\u011finden sona ermesini beklemek ve \u201cSonra nas\u0131l olsa bir \u015feyler yapar\u0131z\u201d rehavetine kap\u0131lmak sava\u015f\u0131 bu g\u00fcnden kaybetti\u011fimiz anlam\u0131na gelmektedir.<\/p>\n<p>Asl\u0131nda yapmam\u0131z gereken \u015fey, b\u00fcy\u00fck bulu\u015flar, b\u00fcy\u00fck ara\u015ft\u0131rmalar, derin tart\u0131\u015fmalar yapmak de\u011fil, mevcudu \u00f6zellikle de enerjiyi, israf etmeden etkin ve verimli kullanmaktan ba\u015fka bir \u015fey de\u011fildir.<\/p>\n<p>Kaynak: <a href=\"http:\/\/www.enver.org.tr\/tr\/icerik\/enerji-ve-cevre\/12\" target=\"_blank\">Enverder<\/a><\/p>","protected":false},"excerpt":{"rendered":"<p>Sorry, this entry is only available in Turkish. For the sake of viewer convenience, the content is shown below in the alternative language. You may click the link to switch the active language.Ya\u015fl\u0131 d\u00fcnyam\u0131z, tar\u0131m toplumu uygarl\u0131klar\u0131ndan ba\u015flayarak, sanayi toplumu ve bilgi toplumu gibi g\u00f6z al\u0131c\u0131 isimlendirmelerin \u00f6rt\u00fcc\u00fc ve g\u00f6zden saklay\u0131c\u0131 etkisinin de yard\u0131m\u0131yla, bu [&hellip;]<\/p>\n","protected":false},"author":1,"featured_media":8313,"comment_status":"open","ping_status":"open","sticky":false,"template":"","format":"standard","meta":[],"categories":[53,52],"tags":[2530,67,12,3494,793],"views":736,"_links":{"self":[{"href":"https:\/\/www.enerjigazetesi.ist\/en\/wp-json\/wp\/v2\/posts\/8312"}],"collection":[{"href":"https:\/\/www.enerjigazetesi.ist\/en\/wp-json\/wp\/v2\/posts"}],"about":[{"href":"https:\/\/www.enerjigazetesi.ist\/en\/wp-json\/wp\/v2\/types\/post"}],"author":[{"embeddable":true,"href":"https:\/\/www.enerjigazetesi.ist\/en\/wp-json\/wp\/v2\/users\/1"}],"replies":[{"embeddable":true,"href":"https:\/\/www.enerjigazetesi.ist\/en\/wp-json\/wp\/v2\/comments?post=8312"}],"version-history":[{"count":1,"href":"https:\/\/www.enerjigazetesi.ist\/en\/wp-json\/wp\/v2\/posts\/8312\/revisions"}],"predecessor-version":[{"id":8314,"href":"https:\/\/www.enerjigazetesi.ist\/en\/wp-json\/wp\/v2\/posts\/8312\/revisions\/8314"}],"wp:featuredmedia":[{"embeddable":true,"href":"https:\/\/www.enerjigazetesi.ist\/en\/wp-json\/wp\/v2\/media\/8313"}],"wp:attachment":[{"href":"https:\/\/www.enerjigazetesi.ist\/en\/wp-json\/wp\/v2\/media?parent=8312"}],"wp:term":[{"taxonomy":"category","embeddable":true,"href":"https:\/\/www.enerjigazetesi.ist\/en\/wp-json\/wp\/v2\/categories?post=8312"},{"taxonomy":"post_tag","embeddable":true,"href":"https:\/\/www.enerjigazetesi.ist\/en\/wp-json\/wp\/v2\/tags?post=8312"}],"curies":[{"name":"wp","href":"https:\/\/api.w.org\/{rel}","templated":true}]}}