{"id":83069,"date":"2018-12-07T14:23:56","date_gmt":"2018-12-07T11:23:56","guid":{"rendered":"https:\/\/www.enerjigazetesi.ist\/?p=83069"},"modified":"2018-12-07T14:24:38","modified_gmt":"2018-12-07T11:24:38","slug":"enerji-ozellestirmeleri-enerji-arenasi-ile-masaya-yatirilacak","status":"publish","type":"post","link":"https:\/\/www.enerjigazetesi.ist\/en\/enerji-ozellestirmeleri-enerji-arenasi-ile-masaya-yatirilacak\/","title":{"rendered":"(Turkish) Enerji \u00d6zelle\u015ftirmeleri \u201cEnerji Arenas\u0131\u201d \u0130le Masaya Yat\u0131r\u0131lacak"},"content":{"rendered":"<p class=\"qtranxs-available-languages-message qtranxs-available-languages-message-en\">Sorry, this entry is only available in <a href=\"https:\/\/www.enerjigazetesi.ist\/tr\/wp-json\/wp\/v2\/posts\/83069\" class=\"qtranxs-available-language-link qtranxs-available-language-link-tr\" title=\"Turkish\">Turkish<\/a>. For the sake of viewer convenience, the content is shown below in the alternative language. You may click the link to switch the active language.<\/p><p><strong>Enerji \u00fcretim \u00f6zelle\u015ftirmeleri ile izlenecek yol haritas\u0131yla da\u011f\u0131t\u0131m \u00f6zelle\u015ftirmelerinde gelinen a\u015fama d\u00fczenlenecek \u201cEnerji Arenas\u0131\u201d ile masaya yat\u0131r\u0131lacak.<\/strong><span id=\"more-103305\"><\/span><\/p>\n<p>Hamitabad santraliyle ba\u015flayacak olan Avrupa\u2019n\u0131n en b\u00fcy\u00fck \u00fcretim \u00f6zelle\u015ftirme ihalelerindeki takvim ve esaslar ile \u00f6zel sekt\u00f6r\u00fcn beklentileri, 14-15 Ekim tarihlerinde \u0130stanbul\u2019da Stratejik Teknik Ekonomik <img loading=\"lazy\" class=\"alignleft size-medium wp-image-83070\" src=\"https:\/\/www.enerjigazetesi.ist\/wp-content\/uploads\/2018\/12\/enerji-ozellestirmeleri-enerji-arenasi-ile-masaya-yatirilacak-300x200.jpg\" alt=\"\" width=\"300\" height=\"200\" srcset=\"https:\/\/www.enerjigazetesi.ist\/wp-content\/uploads\/2018\/12\/enerji-ozellestirmeleri-enerji-arenasi-ile-masaya-yatirilacak-300x200.jpg 300w, https:\/\/www.enerjigazetesi.ist\/wp-content\/uploads\/2018\/12\/enerji-ozellestirmeleri-enerji-arenasi-ile-masaya-yatirilacak-500x334.jpg 500w, https:\/\/www.enerjigazetesi.ist\/wp-content\/uploads\/2018\/12\/enerji-ozellestirmeleri-enerji-arenasi-ile-masaya-yatirilacak-75x50.jpg 75w, https:\/\/www.enerjigazetesi.ist\/wp-content\/uploads\/2018\/12\/enerji-ozellestirmeleri-enerji-arenasi-ile-masaya-yatirilacak-450x300.jpg 450w, https:\/\/www.enerjigazetesi.ist\/wp-content\/uploads\/2018\/12\/enerji-ozellestirmeleri-enerji-arenasi-ile-masaya-yatirilacak.jpg 670w\" sizes=\"(max-width: 300px) 100vw, 300px\" \/>Ara\u015ft\u0131rmalar Merkezi (STEAM) taraf\u0131ndan d\u00fczenlenecek Enerji Arenas\u0131nda ele al\u0131nacak. Arena\u2019da toplam 16 bin 211 megavat ile T\u00fcrkiye\u2019nin kurulu g\u00fcc\u00fcn\u00fcn y\u00fczde 36\u2019s\u0131n\u0131 olu\u015fturan 46 adet elektrik \u00fcretim santrallerinin nas\u0131l \u00f6zelle\u015ftirilece\u011fi, da\u011f\u0131t\u0131m \u00f6zelle\u015ftirmelerinde gelinen a\u015fama, finansman, tarife gibi konular yerli ve yabanc\u0131 kat\u0131l\u0131mc\u0131larla de\u011ferlendirilecek.<\/p>\n<p>Toplant\u0131lar\u0131n a\u00e7\u0131l\u0131\u015f\u0131nda Eski Enerji ve Tabii Kaynaklar Bakan\u0131 Taner Y\u0131ld\u0131z, Maliye Bakan\u0131 Mehmet \u015eim\u015fek, EPDK Ba\u015fkan\u0131 Hasan K\u00f6kta\u015f ve Rekabet Kurumu Ba\u015fkan\u0131 Nurettin Kald\u0131r\u0131mc\u0131 konu\u015facak. \u00d6\u0130B Vekili Ahmet Aksu ile \u00f6zelle\u015ftirmeden sorumlu ilgili grup ba\u015fkanlar\u0131 yol haritas\u0131 hakk\u0131nda bilgi verecek. D\u00fczenlenecek panellerde \u0130stanbul, Ankara ve \u0130zmir\u2019de 6.1 milyar dolarl\u0131k elektrik ve do\u011falgaz da\u011f\u0131t\u0131m \u00f6zelle\u015ftirme ihalesini kazanan MMEKA \u015firketinin Y\u00f6netim Kurulu Ba\u015fkan\u0131 Mehmet Kazanc\u0131\u2019n\u0131n yan\u0131s\u0131ra yerli ve yabanc\u0131 \u00e7ok say\u0131da \u015firketin \u00fcst d\u00fczey y\u00f6neticisi de\u011ferlendirmelerde bulunacak.<\/p>","protected":false},"excerpt":{"rendered":"<p>Sorry, this entry is only available in Turkish. For the sake of viewer convenience, the content is shown below in the alternative language. You may click the link to switch the active language.Enerji \u00fcretim \u00f6zelle\u015ftirmeleri ile izlenecek yol haritas\u0131yla da\u011f\u0131t\u0131m \u00f6zelle\u015ftirmelerinde gelinen a\u015fama d\u00fczenlenecek \u201cEnerji Arenas\u0131\u201d ile masaya yat\u0131r\u0131lacak. Hamitabad santraliyle ba\u015flayacak olan Avrupa\u2019n\u0131n en [&hellip;]<\/p>\n","protected":false},"author":1,"featured_media":83070,"comment_status":"open","ping_status":"open","sticky":false,"template":"","format":"standard","meta":[],"categories":[46,51,53],"tags":[2999,68,2519,42143,67,1009,7155,42145,42144,42150,42149,42148,42147,42146],"views":834,"_links":{"self":[{"href":"https:\/\/www.enerjigazetesi.ist\/en\/wp-json\/wp\/v2\/posts\/83069"}],"collection":[{"href":"https:\/\/www.enerjigazetesi.ist\/en\/wp-json\/wp\/v2\/posts"}],"about":[{"href":"https:\/\/www.enerjigazetesi.ist\/en\/wp-json\/wp\/v2\/types\/post"}],"author":[{"embeddable":true,"href":"https:\/\/www.enerjigazetesi.ist\/en\/wp-json\/wp\/v2\/users\/1"}],"replies":[{"embeddable":true,"href":"https:\/\/www.enerjigazetesi.ist\/en\/wp-json\/wp\/v2\/comments?post=83069"}],"version-history":[{"count":1,"href":"https:\/\/www.enerjigazetesi.ist\/en\/wp-json\/wp\/v2\/posts\/83069\/revisions"}],"predecessor-version":[{"id":83071,"href":"https:\/\/www.enerjigazetesi.ist\/en\/wp-json\/wp\/v2\/posts\/83069\/revisions\/83071"}],"wp:featuredmedia":[{"embeddable":true,"href":"https:\/\/www.enerjigazetesi.ist\/en\/wp-json\/wp\/v2\/media\/83070"}],"wp:attachment":[{"href":"https:\/\/www.enerjigazetesi.ist\/en\/wp-json\/wp\/v2\/media?parent=83069"}],"wp:term":[{"taxonomy":"category","embeddable":true,"href":"https:\/\/www.enerjigazetesi.ist\/en\/wp-json\/wp\/v2\/categories?post=83069"},{"taxonomy":"post_tag","embeddable":true,"href":"https:\/\/www.enerjigazetesi.ist\/en\/wp-json\/wp\/v2\/tags?post=83069"}],"curies":[{"name":"wp","href":"https:\/\/api.w.org\/{rel}","templated":true}]}}