{"id":82916,"date":"2018-12-04T23:57:34","date_gmt":"2018-12-04T20:57:34","guid":{"rendered":"https:\/\/www.enerjigazetesi.ist\/?p=82916"},"modified":"2018-12-04T23:57:34","modified_gmt":"2018-12-04T20:57:34","slug":"turkiye-irandan-petrol-ithalatini-kasimda-sifira-indirdi","status":"publish","type":"post","link":"https:\/\/www.enerjigazetesi.ist\/en\/turkiye-irandan-petrol-ithalatini-kasimda-sifira-indirdi\/","title":{"rendered":"(Turkish) T\u00fcrkiye, \u0130ran\u2019dan Petrol \u0130thalat\u0131n\u0131 Kas\u0131mda S\u0131f\u0131ra \u0130ndirdi"},"content":{"rendered":"<p class=\"qtranxs-available-languages-message qtranxs-available-languages-message-en\">Sorry, this entry is only available in <a href=\"https:\/\/www.enerjigazetesi.ist\/tr\/wp-json\/wp\/v2\/posts\/82916\" class=\"qtranxs-available-language-link qtranxs-available-language-link-tr\" title=\"Turkish\">Turkish<\/a>. For the sake of viewer convenience, the content is shown below in the alternative language. You may click the link to switch the active language.<\/p><p><strong>ABD\u2019nin \u0130ran\u2019dan petrol ithalat\u0131na ge\u00e7ici muafiyet tan\u0131d\u0131\u011f\u0131 \u00fclkeler aras\u0131nda yer alan T\u00fcrkiye, kas\u0131m ay\u0131nda bu \u00fclkeden al\u0131m yapmad\u0131.\u00a0<span id=\"more-103244\"><\/span>T\u00fcrkiye\u2019nin en b\u00fcy\u00fck petrol rafinerisi T\u00fcpra\u015f, ekimde \u0130ran\u2019dan g\u00fcnde yakla\u015f\u0131k 129 bin varil ham petrol ald\u0131ktan sonra, kas\u0131m ay\u0131nda \u0130ran\u2019dan hi\u00e7 petrol al\u0131m\u0131 yapmad\u0131.<img loading=\"lazy\" class=\"alignright size-medium wp-image-82917\" src=\"https:\/\/www.enerjigazetesi.ist\/wp-content\/uploads\/2018\/12\/turkiye-irandan-petrol-ithalatini-kasimda-sifira-indirdi-300x198.jpg\" alt=\"\" width=\"300\" height=\"198\" srcset=\"https:\/\/www.enerjigazetesi.ist\/wp-content\/uploads\/2018\/12\/turkiye-irandan-petrol-ithalatini-kasimda-sifira-indirdi-300x198.jpg 300w, https:\/\/www.enerjigazetesi.ist\/wp-content\/uploads\/2018\/12\/turkiye-irandan-petrol-ithalatini-kasimda-sifira-indirdi-500x331.jpg 500w, https:\/\/www.enerjigazetesi.ist\/wp-content\/uploads\/2018\/12\/turkiye-irandan-petrol-ithalatini-kasimda-sifira-indirdi-76x50.jpg 76w, https:\/\/www.enerjigazetesi.ist\/wp-content\/uploads\/2018\/12\/turkiye-irandan-petrol-ithalatini-kasimda-sifira-indirdi.jpg 620w\" sizes=\"(max-width: 300px) 100vw, 300px\" \/><\/strong><\/p>\n<p>\u0130ran\u2019dan T\u00fcrkiye\u2019ye gelen petrol, iki \u00fclke aras\u0131ndaki mesafeyi deniz yoluyla kat etmek i\u00e7in sevkiyat\u0131n zaman almas\u0131ndan \u00f6t\u00fcr\u00fc genellikle iki veya daha fazla hafta \u00f6nceden rezerve edilmektedir.<\/p>\n<p>Gizli bir kaynak ise T\u00fcpra\u015f\u2019\u0131n ekim ortas\u0131ndan kas\u0131m ortas\u0131na kadar, \u015firketin rafinerilerinden biri olan \u0130zmit rafinerisinde planl\u0131 bak\u0131m yapt\u0131\u011f\u0131n\u0131 ifade ederek s\u00f6z konusu d\u00f6nem boyunca ham petrol talebinin azalmas\u0131na yol a\u00e7m\u0131\u015f olabilece\u011fi a\u00e7\u0131klamas\u0131n\u0131 yapt\u0131&#8230;<\/p>","protected":false},"excerpt":{"rendered":"<p>Sorry, this entry is only available in Turkish. For the sake of viewer convenience, the content is shown below in the alternative language. You may click the link to switch the active language.ABD\u2019nin \u0130ran\u2019dan petrol ithalat\u0131na ge\u00e7ici muafiyet tan\u0131d\u0131\u011f\u0131 \u00fclkeler aras\u0131nda yer alan T\u00fcrkiye, kas\u0131m ay\u0131nda bu \u00fclkeden al\u0131m yapmad\u0131.\u00a0T\u00fcrkiye\u2019nin en b\u00fcy\u00fck petrol rafinerisi T\u00fcpra\u015f, [&hellip;]<\/p>\n","protected":false},"author":1,"featured_media":82917,"comment_status":"open","ping_status":"open","sticky":false,"template":"","format":"standard","meta":[],"categories":[53,44],"tags":[67,1009,28933,1333,39140,3165,34935,2388,2460,34936,1000,846],"views":960,"_links":{"self":[{"href":"https:\/\/www.enerjigazetesi.ist\/en\/wp-json\/wp\/v2\/posts\/82916"}],"collection":[{"href":"https:\/\/www.enerjigazetesi.ist\/en\/wp-json\/wp\/v2\/posts"}],"about":[{"href":"https:\/\/www.enerjigazetesi.ist\/en\/wp-json\/wp\/v2\/types\/post"}],"author":[{"embeddable":true,"href":"https:\/\/www.enerjigazetesi.ist\/en\/wp-json\/wp\/v2\/users\/1"}],"replies":[{"embeddable":true,"href":"https:\/\/www.enerjigazetesi.ist\/en\/wp-json\/wp\/v2\/comments?post=82916"}],"version-history":[{"count":1,"href":"https:\/\/www.enerjigazetesi.ist\/en\/wp-json\/wp\/v2\/posts\/82916\/revisions"}],"predecessor-version":[{"id":82918,"href":"https:\/\/www.enerjigazetesi.ist\/en\/wp-json\/wp\/v2\/posts\/82916\/revisions\/82918"}],"wp:featuredmedia":[{"embeddable":true,"href":"https:\/\/www.enerjigazetesi.ist\/en\/wp-json\/wp\/v2\/media\/82917"}],"wp:attachment":[{"href":"https:\/\/www.enerjigazetesi.ist\/en\/wp-json\/wp\/v2\/media?parent=82916"}],"wp:term":[{"taxonomy":"category","embeddable":true,"href":"https:\/\/www.enerjigazetesi.ist\/en\/wp-json\/wp\/v2\/categories?post=82916"},{"taxonomy":"post_tag","embeddable":true,"href":"https:\/\/www.enerjigazetesi.ist\/en\/wp-json\/wp\/v2\/tags?post=82916"}],"curies":[{"name":"wp","href":"https:\/\/api.w.org\/{rel}","templated":true}]}}