{"id":82898,"date":"2018-12-04T16:16:55","date_gmt":"2018-12-04T13:16:55","guid":{"rendered":"https:\/\/www.enerjigazetesi.ist\/?p=82898"},"modified":"2018-12-04T16:16:55","modified_gmt":"2018-12-04T13:16:55","slug":"guvenli-madenciligin-yol-haritasi-ciziliyor","status":"publish","type":"post","link":"https:\/\/www.enerjigazetesi.ist\/en\/guvenli-madenciligin-yol-haritasi-ciziliyor\/","title":{"rendered":"(Turkish) G\u00fcvenli Madencili\u011fin Yol Haritas\u0131 \u00c7iziliyor"},"content":{"rendered":"<p class=\"qtranxs-available-languages-message qtranxs-available-languages-message-en\">Sorry, this entry is only available in <a href=\"https:\/\/www.enerjigazetesi.ist\/tr\/wp-json\/wp\/v2\/posts\/82898\" class=\"qtranxs-available-language-link qtranxs-available-language-link-tr\" title=\"Turkish\">Turkish<\/a>. For the sake of viewer convenience, the content is shown below in the alternative language. You may click the link to switch the active language.<\/p><p><strong>T\u00fcrkiye\u2019de maden sekt\u00f6r\u00fc i\u00e7in \u00e7ok \u00f6nemli bir sivil toplum kurulu\u015fu olarak 1948 y\u0131l\u0131ndan bu yana hizmet veren, madencili\u011fin geli\u015fmesinde, sekt\u00f6rel bilgi payla\u015f\u0131mlar\u0131n\u0131n yap\u0131lmas\u0131nda, i\u015fbirliklerinin artt\u0131r\u0131lmas\u0131nda ve sekt\u00f6r\u00fcn do\u011fru y\u00f6nde geli\u015fmesine katk\u0131da bulunan TMD (T\u00fcrkiye Madenciler Derne\u011fi) \u00e7al\u0131\u015fmalar\u0131na uluslararas\u0131 boyutta devam ediyor.<\/strong><\/p>\n<p><strong><img loading=\"lazy\" class=\"alignleft size-medium wp-image-82899\" src=\"https:\/\/www.enerjigazetesi.ist\/wp-content\/uploads\/2018\/12\/guvenli-madenciligin-yol-haritasi-ciziliyor-300x200.jpg\" alt=\"\" width=\"300\" height=\"200\" srcset=\"https:\/\/www.enerjigazetesi.ist\/wp-content\/uploads\/2018\/12\/guvenli-madenciligin-yol-haritasi-ciziliyor-300x200.jpg 300w, https:\/\/www.enerjigazetesi.ist\/wp-content\/uploads\/2018\/12\/guvenli-madenciligin-yol-haritasi-ciziliyor-500x333.jpg 500w, https:\/\/www.enerjigazetesi.ist\/wp-content\/uploads\/2018\/12\/guvenli-madenciligin-yol-haritasi-ciziliyor-75x50.jpg 75w, https:\/\/www.enerjigazetesi.ist\/wp-content\/uploads\/2018\/12\/guvenli-madenciligin-yol-haritasi-ciziliyor-450x300.jpg 450w, https:\/\/www.enerjigazetesi.ist\/wp-content\/uploads\/2018\/12\/guvenli-madenciligin-yol-haritasi-ciziliyor.jpg 732w\" sizes=\"(max-width: 300px) 100vw, 300px\" \/><\/strong>Dernek \u00f6nderli\u011finde bu y\u0131l yine T\u00fcrkiye\u2019nin ev sahipli\u011fi yapaca\u011f\u0131 <strong>3.Uluslararas\u0131 Madenlerde \u0130\u015f Sa\u011fl\u0131\u011f\u0131 ve G\u00fcvenli\u011fi Konferans\u0131 ve Sergisi, 3 \u2013 \u00a04 Aral\u0131k 2018 tarihlerinde \u0130stanbul\u2019da Hilton Bosphorus Convention Center\u2019da ger\u00e7ekle\u015ftirilecek.<\/strong> Uluslararas\u0131 konuklar\u0131n da sunum yapaca\u011f\u0131 konferansta 2 g\u00fcn boyunca maden yap\u0131m\u0131nda kullan\u0131lan yeni teknikler, kar\u015f\u0131la\u015f\u0131lan zorluklar ve D\u00fcnya\u2019daki yeni geli\u015fmeler payla\u015f\u0131lacak.<\/p>\n<p><strong>Konferans\u0131n a\u00e7\u0131l\u0131\u015f konu\u015fmac\u0131lar\u0131 aras\u0131nda T.C. Enerji ve Tabii Kaynaklar Bakan\u0131 Yard\u0131mc\u0131s\u0131 Sn. Mithat Cans\u0131z\u2019da bulunacak. <\/strong><\/p>\n<p>T.C. Enerji ve Tabii Kaynaklar ile T.C. Aile, \u00c7al\u0131\u015fma ve Sosyal G\u00fcvenlik Bakanl\u0131klar\u0131\u2019n\u0131n da deste\u011fiyle d\u00fczenlenen kongre 500\u2019\u00fc a\u015fk\u0131n kat\u0131l\u0131mc\u0131 ile ger\u00e7ekle\u015fecek. Konferansta 20\u2019nin \u00fczerinde yabanc\u0131 uzman yer al\u0131rken \u00fclkemizin kamu ve \u00f6zel sekt\u00f6rde \u00e7al\u0131\u015fan yine 20\u2019nin \u00fczerinde uzman da madencilik hakk\u0131nda merak edilen konularda kat\u0131l\u0131mc\u0131lar\u0131 ayd\u0131nlatacak. <strong>3 \u2013\u00a0 4 Aral\u0131k 2018<\/strong> tarihlerinde organize edilecek Konferansta; ABD, Avustralya, G\u00fcney Afrika, Kanada, Almanya, \u0130talya ve T\u00fcrkiye\u2019deki uzmanlar, maden i\u015f g\u00fcvenli\u011fi konular\u0131nda sorunlar\u0131 ve \u00e7\u00f6z\u00fcm \u00f6nerilerini masaya yat\u0131racaklar.<\/p>\n<p><strong>Tarih:<\/strong> 03 \u2013 04 Aral\u0131k 2018 (Pazartesi \u2013 Sal\u0131)<\/p>\n<p><strong>Yer:<\/strong> Hilton Bosphorus Convention Center &#8211; Harbiye Mahallesi, Cumhuriyet Cd. No:50, 34367 \u015ei\u015fli\/\u0130stanbul<\/p>\n<p><strong>Saat:<\/strong>\u00a009.00 \u2013 17.30 aras\u0131<\/p>\n<p><strong>Kay\u0131t \u0130\u00e7in: <\/strong>Dilara Fethan \u2013 0535 262 82 26<\/p>","protected":false},"excerpt":{"rendered":"<p>Sorry, this entry is only available in Turkish. For the sake of viewer convenience, the content is shown below in the alternative language. You may click the link to switch the active language.T\u00fcrkiye\u2019de maden sekt\u00f6r\u00fc i\u00e7in \u00e7ok \u00f6nemli bir sivil toplum kurulu\u015fu olarak 1948 y\u0131l\u0131ndan bu yana hizmet veren, madencili\u011fin geli\u015fmesinde, sekt\u00f6rel bilgi payla\u015f\u0131mlar\u0131n\u0131n yap\u0131lmas\u0131nda, [&hellip;]<\/p>\n","protected":false},"author":1,"featured_media":82899,"comment_status":"open","ping_status":"open","sticky":false,"template":"","format":"standard","meta":[],"categories":[53,24649],"tags":[41981,67,1009,41982,1967,41983,38525,41979,41980,16634],"views":857,"_links":{"self":[{"href":"https:\/\/www.enerjigazetesi.ist\/en\/wp-json\/wp\/v2\/posts\/82898"}],"collection":[{"href":"https:\/\/www.enerjigazetesi.ist\/en\/wp-json\/wp\/v2\/posts"}],"about":[{"href":"https:\/\/www.enerjigazetesi.ist\/en\/wp-json\/wp\/v2\/types\/post"}],"author":[{"embeddable":true,"href":"https:\/\/www.enerjigazetesi.ist\/en\/wp-json\/wp\/v2\/users\/1"}],"replies":[{"embeddable":true,"href":"https:\/\/www.enerjigazetesi.ist\/en\/wp-json\/wp\/v2\/comments?post=82898"}],"version-history":[{"count":1,"href":"https:\/\/www.enerjigazetesi.ist\/en\/wp-json\/wp\/v2\/posts\/82898\/revisions"}],"predecessor-version":[{"id":82900,"href":"https:\/\/www.enerjigazetesi.ist\/en\/wp-json\/wp\/v2\/posts\/82898\/revisions\/82900"}],"wp:featuredmedia":[{"embeddable":true,"href":"https:\/\/www.enerjigazetesi.ist\/en\/wp-json\/wp\/v2\/media\/82899"}],"wp:attachment":[{"href":"https:\/\/www.enerjigazetesi.ist\/en\/wp-json\/wp\/v2\/media?parent=82898"}],"wp:term":[{"taxonomy":"category","embeddable":true,"href":"https:\/\/www.enerjigazetesi.ist\/en\/wp-json\/wp\/v2\/categories?post=82898"},{"taxonomy":"post_tag","embeddable":true,"href":"https:\/\/www.enerjigazetesi.ist\/en\/wp-json\/wp\/v2\/tags?post=82898"}],"curies":[{"name":"wp","href":"https:\/\/api.w.org\/{rel}","templated":true}]}}