{"id":82892,"date":"2018-12-04T15:43:13","date_gmt":"2018-12-04T12:43:13","guid":{"rendered":"https:\/\/www.enerjigazetesi.ist\/?p=82892"},"modified":"2018-12-04T15:46:06","modified_gmt":"2018-12-04T12:46:06","slug":"36-ulkenin-enerji-liderleri-icsg-istanbul-2019-icin-istanbulda-bulusuyor","status":"publish","type":"post","link":"https:\/\/www.enerjigazetesi.ist\/en\/36-ulkenin-enerji-liderleri-icsg-istanbul-2019-icin-istanbulda-bulusuyor\/","title":{"rendered":"(Turkish) 36 \u00dclkenin Enerji Liderleri ICSG \u0130stanbul 2019 \u0130\u00e7in \u0130stanbul&#8217;da Bulu\u015fuyor!"},"content":{"rendered":"<p class=\"qtranxs-available-languages-message qtranxs-available-languages-message-en\">Sorry, this entry is only available in <a href=\"https:\/\/www.enerjigazetesi.ist\/tr\/wp-json\/wp\/v2\/posts\/82892\" class=\"qtranxs-available-language-link qtranxs-available-language-link-tr\" title=\"Turkish\">Turkish<\/a>. For the sake of viewer convenience, the content is shown below in the alternative language. You may click the link to switch the active language.<\/p><p><strong>\u0130stanbul, 25-26 Nisan tarihlerinde ICSG \u0130stanbul 2019\u2019a (7. Uluslararas\u0131 \u0130stanbul Ak\u0131ll\u0131 \u015eebekeler ve \u015eehirler Kongre ve Fuar\u0131) ev sahipli\u011fi yap\u0131yor.<\/strong><\/p>\n<p>ICSG \u0130stanbul 2019 (7. Uluslararas\u0131 \u0130stanbul Ak\u0131ll\u0131 \u015eebekeler ve \u015eehirler Kongre ve Fuar\u0131) \u00c7evre ve <img loading=\"lazy\" class=\"alignright size-medium wp-image-82896\" src=\"https:\/\/www.enerjigazetesi.ist\/wp-content\/uploads\/2018\/12\/1543912662_ICSG___stanbul_2-300x200.jpg\" alt=\"\" width=\"300\" height=\"200\" srcset=\"https:\/\/www.enerjigazetesi.ist\/wp-content\/uploads\/2018\/12\/1543912662_ICSG___stanbul_2-300x200.jpg 300w, https:\/\/www.enerjigazetesi.ist\/wp-content\/uploads\/2018\/12\/1543912662_ICSG___stanbul_2-500x333.jpg 500w, https:\/\/www.enerjigazetesi.ist\/wp-content\/uploads\/2018\/12\/1543912662_ICSG___stanbul_2-75x50.jpg 75w, https:\/\/www.enerjigazetesi.ist\/wp-content\/uploads\/2018\/12\/1543912662_ICSG___stanbul_2-450x300.jpg 450w, https:\/\/www.enerjigazetesi.ist\/wp-content\/uploads\/2018\/12\/1543912662_ICSG___stanbul_2.jpg 732w\" sizes=\"(max-width: 300px) 100vw, 300px\" \/>\u015eehircilik Bakanl\u0131\u011f\u0131, Enerji ve Tabii Kaynaklar Bakanl\u0131\u011f\u0131, Sanayi ve Teknoloji Bakanl\u0131\u011f\u0131, Ticaret Bakanl\u0131\u011f\u0131, \u0130stanbul B\u00fcy\u00fck\u015fehir Belediyesi ve Enerji Piyasas\u0131 Denetleme Kurumu\u2019nun destekleriyle 25-26 Nisan 2019 tarihlerinde ger\u00e7ekle\u015fiyor. ICSG \u0130stanbul 2019, ELDER ve GAZB\u0130R\u2019in stratejik partnerli\u011finde Hali\u00e7 Kongre Merkezi&#8217;nde ger\u00e7ekle\u015fecek.<\/p>\n<p>Gelece\u011fin ak\u0131ll\u0131 \u015febekeleri ve \u015fehirlerine y\u00f6n verecek konular\u0131n ele al\u0131naca\u011f\u0131 ICSG \u0130stanbul 2019, yurt i\u00e7i ve yurt d\u0131\u015f\u0131ndan teknoloji, su, \u00e7evre ve enerji sekt\u00f6r\u00fcn\u00fcn liderlerini a\u011f\u0131rlayacak. 36 \u00fclkeden sekt\u00f6r temsilcilerinin yer alaca\u011f\u0131 ICSG \u0130stanbul 2019, Avrasya&#8217;n\u0131n tek global organizasyonu olma \u00f6zelli\u011fini ta\u015f\u0131yor.<\/p>\n<p><strong>ENERJ\u0130 TASARRUFU MASAYA YATIRILACAK<\/strong><\/p>\n<p>Alman \u2013 T\u00fcrk Ticaret ve Sanayi Odas\u0131\u2019n\u0131n (AHK) \u00dclke Partneri oldu\u011fu ICSG \u0130stanbul 2019&#8217;da enerji tasarrufu, enerji verimlili\u011fi, enerji depolama, enerjinin do\u011fru ve verimli kullan\u0131lmas\u0131, ak\u0131ll\u0131 \u015febekelerde yeni teknoloji sistemleri, ak\u0131ll\u0131 \u015febekelerde dijital d\u00f6n\u00fc\u015f\u00fcm, iletim, da\u011f\u0131t\u0131m, \u00fcretim, dijitalizasyon, yenilebilir enerji gibi konular masaya yat\u0131r\u0131lacak. Kamu kurum ve kurulu\u015flar\u0131n\u0131n \u00fcst d\u00fczey yetkililerinin, b\u00fcy\u00fckel\u00e7ilerin, belediyelerin, yenilebilir enerji firmalar\u0131n\u0131n, \u00fcniversitelerin, uzman akademisyenlerin, OSB\u2019lerin, kalk\u0131nma ajanslar\u0131n\u0131n, teknoparklar\u0131n, teknoloji markalar\u0131n\u0131n, elektrik da\u011f\u0131t\u0131m firmalar\u0131n\u0131n, organize sanayi m\u00fcd\u00fcrl\u00fcklerinin ve daha bir\u00e7ok \u00f6nemli sekt\u00f6r temsilcisinin yer alaca\u011f\u0131 ICSG \u0130stanbul 2019&#8217;a yakla\u015f\u0131k 10 bin ki\u015finin kat\u0131lmas\u0131 bekleniyor.<\/p>\n<p>350&#8217;ye yak\u0131n global firman\u0131n stand\u0131n\u0131n yer alaca\u011f\u0131 ICSG \u0130stanbul 2019&#8217;da kat\u0131l\u0131mc\u0131lar \u00fcr\u00fcnlerini do\u011frudan tan\u0131tma imkan\u0131 bulacak, son teknoloji \u00fcr\u00fcnleri ve sekt\u00f6rdeki t\u00fcm yenilikleri ayn\u0131 \u00e7at\u0131 alt\u0131nda g\u00f6rebilecek, ticaret hacmini art\u0131rma \u015fans\u0131 yakalayabilecek ve yeni ortakl\u0131k anla\u015fmalar\u0131 yapma f\u0131rsat\u0131 yakalayabilecek. Fuarda ayr\u0131ca ak\u0131ll\u0131 \u015febekeler ve \u015fehirler konusundaki inovatif teknolojiler sergilenecek.<\/p>\n<p>HHB Expo taraf\u0131ndan d\u00fczenlenen ICSG \u0130stanbul 2019\u2019u destekleyen kurum ve kurulu\u015flar aras\u0131nda \u00c7evre ve \u015eehircilik Bakanl\u0131\u011f\u0131, Enerji ve Tabii Kaynaklar Bakanl\u0131\u011f\u0131, K\u00fclt\u00fcr Bakanl\u0131\u011f\u0131, Sanayi ve Teknoloji Bakanl\u0131\u011f\u0131 ve Ticaret Bakanl\u0131\u011f\u0131\u2019n\u0131n yan\u0131 s\u0131ra Ula\u015ft\u0131rma ve Altyap\u0131 Bakanl\u0131\u011f\u0131, \u0130stanbul B\u00fcy\u00fck\u015fehir Belediyesi, EPDK, BOTA\u015e, BOTA\u015e International, EDA\u015e, TEDA\u015e, EP\u0130A\u015e, T\u0130KA, Ankara Kalk\u0131nma Ajans\u0131, KOSGEB, T\u00dcB\u0130TAK, Bilgi Teknolojileri ve \u0130leti\u015fim Kurumu, \u0130GDA\u015e, \u0130SBAK, \u0130SK\u0130, \u0130SO, \u0130TO, DE\u0130K, OSB \u00dcst Kurulu\u015fu, Borsa \u0130stanbul, OST\u0130M, OST\u0130M Enerjik, Ankara \u00dcniversitesi, Fatih Sultan Mehmet Vak\u0131f \u00dcniversitesi, \u0130T\u00dc, YT\u00dc, Teknokent, Hacettepe \u00dcniversitesi Teknokent A.\u015e, ODT\u00dc Teknokent, Alman T\u00fcrk Sanayi Odas\u0131 (AHK), Yunan \u2013 T\u00fcrk Ticaret Odas\u0131, AZPROMO, CzechTrade ve Sollab da yer al\u0131yor.<\/p>\n<p>ICSG \u0130stanbul 2019\u2019u destekleyen dernek ve organizasyonlar ise \u015f\u00f6yle: ELDER, GAZB\u0130R-GAZMER, AUSDER, EMSAD, Enerji Hukuku Ara\u015ft\u0131rma Enstit\u00fcs\u00fc, Enerji Federasyonu, Enerji Verimlili\u011fi Derne\u011fi, Mimar M\u00fchendisler Grubu (MMG), ETD, EYODER, GAZ\u0130D, GENSED, G\u00dcNDER, \u0130MM\u0130B, M\u00dcS\u0130AD, OSBDER, T3GM, TEHAD, TENYA, TET, T\u00dcS\u0130AV, AREC, CSID, DERLAB, ESMIG, G3 PLC Alliance, GSGF, ISGAN, ISOF, IEEMA, OSGP, Prime Alliance, VAASA ETT.<\/p>\n<p>ICSG \u0130stanbul 2019, 5174 say\u0131l\u0131 kanun gere\u011fince T\u00fcrkiye Odalar ve Borsalar Birli\u011fi (TOBB) izni ile d\u00fczenleniyor.<\/p>","protected":false},"excerpt":{"rendered":"<p>Sorry, this entry is only available in Turkish. For the sake of viewer convenience, the content is shown below in the alternative language. You may click the link to switch the active language.\u0130stanbul, 25-26 Nisan tarihlerinde ICSG \u0130stanbul 2019\u2019a (7. Uluslararas\u0131 \u0130stanbul Ak\u0131ll\u0131 \u015eebekeler ve \u015eehirler Kongre ve Fuar\u0131) ev sahipli\u011fi yap\u0131yor. ICSG \u0130stanbul 2019 [&hellip;]<\/p>\n","protected":false},"author":1,"featured_media":82893,"comment_status":"open","ping_status":"open","sticky":false,"template":"","format":"standard","meta":[],"categories":[51,53,52],"tags":[1603,41976,41978,4462,40546,1824,2258,67,1009,18958,103,12,6466,41975,8187,1854,41977,15850],"views":1105,"_links":{"self":[{"href":"https:\/\/www.enerjigazetesi.ist\/en\/wp-json\/wp\/v2\/posts\/82892"}],"collection":[{"href":"https:\/\/www.enerjigazetesi.ist\/en\/wp-json\/wp\/v2\/posts"}],"about":[{"href":"https:\/\/www.enerjigazetesi.ist\/en\/wp-json\/wp\/v2\/types\/post"}],"author":[{"embeddable":true,"href":"https:\/\/www.enerjigazetesi.ist\/en\/wp-json\/wp\/v2\/users\/1"}],"replies":[{"embeddable":true,"href":"https:\/\/www.enerjigazetesi.ist\/en\/wp-json\/wp\/v2\/comments?post=82892"}],"version-history":[{"count":3,"href":"https:\/\/www.enerjigazetesi.ist\/en\/wp-json\/wp\/v2\/posts\/82892\/revisions"}],"predecessor-version":[{"id":82897,"href":"https:\/\/www.enerjigazetesi.ist\/en\/wp-json\/wp\/v2\/posts\/82892\/revisions\/82897"}],"wp:featuredmedia":[{"embeddable":true,"href":"https:\/\/www.enerjigazetesi.ist\/en\/wp-json\/wp\/v2\/media\/82893"}],"wp:attachment":[{"href":"https:\/\/www.enerjigazetesi.ist\/en\/wp-json\/wp\/v2\/media?parent=82892"}],"wp:term":[{"taxonomy":"category","embeddable":true,"href":"https:\/\/www.enerjigazetesi.ist\/en\/wp-json\/wp\/v2\/categories?post=82892"},{"taxonomy":"post_tag","embeddable":true,"href":"https:\/\/www.enerjigazetesi.ist\/en\/wp-json\/wp\/v2\/tags?post=82892"}],"curies":[{"name":"wp","href":"https:\/\/api.w.org\/{rel}","templated":true}]}}