{"id":82852,"date":"2018-12-03T23:46:53","date_gmt":"2018-12-03T20:46:53","guid":{"rendered":"https:\/\/www.enerjigazetesi.ist\/?p=82852"},"modified":"2018-12-03T23:46:53","modified_gmt":"2018-12-03T20:46:53","slug":"polonyanin-ilk-nukleer-santrali-2033-yilinda-faaliyete-gececek","status":"publish","type":"post","link":"https:\/\/www.enerjigazetesi.ist\/en\/polonyanin-ilk-nukleer-santrali-2033-yilinda-faaliyete-gececek\/","title":{"rendered":"(Turkish) Polonya\u2019n\u0131n \u0130lk N\u00fckleer Santrali 2033 Y\u0131l\u0131nda Faaliyete Ge\u00e7ecek"},"content":{"rendered":"<p class=\"qtranxs-available-languages-message qtranxs-available-languages-message-en\">Sorry, this entry is only available in <a href=\"https:\/\/www.enerjigazetesi.ist\/tr\/wp-json\/wp\/v2\/posts\/82852\" class=\"qtranxs-available-language-link qtranxs-available-language-link-tr\" title=\"Turkish\">Turkish<\/a>. For the sake of viewer convenience, the content is shown below in the alternative language. You may click the link to switch the active language.<\/p><p><strong>Enerji Bakanl\u0131\u011f\u0131n\u0131n Cuma g\u00fcn\u00fc yapt\u0131\u011f\u0131 a\u00e7\u0131klamada, h\u00fck\u00fcmetten projeye izin gelirse, Polonya\u2019n\u0131n ilk n\u00fckleer enerji santralinin 2033 y\u0131l\u0131nda faaliyete ge\u00e7mesi bekleniyor.<img loading=\"lazy\" class=\"alignright size-medium wp-image-82853\" src=\"https:\/\/www.enerjigazetesi.ist\/wp-content\/uploads\/2018\/12\/polonyanin-ilk-nukleer-santrali-2033-yilinda-faaliyete-gececek-300x162.jpg\" alt=\"\" width=\"300\" height=\"162\" srcset=\"https:\/\/www.enerjigazetesi.ist\/wp-content\/uploads\/2018\/12\/polonyanin-ilk-nukleer-santrali-2033-yilinda-faaliyete-gececek-300x162.jpg 300w, https:\/\/www.enerjigazetesi.ist\/wp-content\/uploads\/2018\/12\/polonyanin-ilk-nukleer-santrali-2033-yilinda-faaliyete-gececek-768x414.jpg 768w, https:\/\/www.enerjigazetesi.ist\/wp-content\/uploads\/2018\/12\/polonyanin-ilk-nukleer-santrali-2033-yilinda-faaliyete-gececek-500x270.jpg 500w, https:\/\/www.enerjigazetesi.ist\/wp-content\/uploads\/2018\/12\/polonyanin-ilk-nukleer-santrali-2033-yilinda-faaliyete-gececek-80x43.jpg 80w, https:\/\/www.enerjigazetesi.ist\/wp-content\/uploads\/2018\/12\/polonyanin-ilk-nukleer-santrali-2033-yilinda-faaliyete-gececek.jpg 1000w\" sizes=\"(max-width: 300px) 100vw, 300px\" \/> <\/strong><\/p>\n<p>Bakanl\u0131k, planlanan ilk n\u00fckleer santralin 1-1,5 gigawatt (GW) kapasiteye sahip olaca\u011f\u0131n\u0131 belirterek, 2040\u00a0y\u0131l\u0131na kadar yapt\u0131\u011f\u0131 taslak enerji stratejisinden bahsetti. Bakanl\u0131k, Polonya\u2019n\u0131n 2043 y\u0131l\u0131na kadar toplamda 6-9 GW\u2019l\u0131k bir n\u00fckleer enerji elde etmesini bekliyor ve bu da elektrik \u00fcretiminin yakla\u015f\u0131k % 10\u2019unu olu\u015fturuyor.<\/p>\n<p>Enerji Bakan\u0131 Krzysztof Tchorzewski Cuma g\u00fcn\u00fc d\u00fczenledi\u011fi bas\u0131n toplant\u0131s\u0131nda, \u201cN\u00fckleer santral, karbon emisyonlar\u0131n\u0131n azalt\u0131lmas\u0131n\u0131 h\u0131zland\u0131rmam\u0131za yard\u0131mc\u0131 olacak\u201d dedi. Bakanl\u0131k, Polonya\u2019n\u0131n 1990 y\u0131l\u0131na g\u00f6re karbon emisyonlar\u0131n\u0131 2030 y\u0131l\u0131na kadar % 30 azaltmay\u0131 planlad\u0131\u011f\u0131n\u0131 belirtti.<\/p>\n<p><a href=\"https:\/\/www.reuters.com\/article\/us-poland-nuclearpower\/poland-expects-first-nuclear-power-plant-to-start-in-2033-idUSKCN1NS1DB\">Reuters<\/a><\/p>","protected":false},"excerpt":{"rendered":"<p>Sorry, this entry is only available in Turkish. For the sake of viewer convenience, the content is shown below in the alternative language. You may click the link to switch the active language.Enerji Bakanl\u0131\u011f\u0131n\u0131n Cuma g\u00fcn\u00fc yapt\u0131\u011f\u0131 a\u00e7\u0131klamada, h\u00fck\u00fcmetten projeye izin gelirse, Polonya\u2019n\u0131n ilk n\u00fckleer enerji santralinin 2033 y\u0131l\u0131nda faaliyete ge\u00e7mesi bekleniyor. Bakanl\u0131k, planlanan ilk [&hellip;]<\/p>\n","protected":false},"author":1,"featured_media":82853,"comment_status":"open","ping_status":"open","sticky":false,"template":"","format":"standard","meta":[],"categories":[53,43],"tags":[67,1009,2221,12249,41961,36443,23134,36444,25480,34931,34930],"views":833,"_links":{"self":[{"href":"https:\/\/www.enerjigazetesi.ist\/en\/wp-json\/wp\/v2\/posts\/82852"}],"collection":[{"href":"https:\/\/www.enerjigazetesi.ist\/en\/wp-json\/wp\/v2\/posts"}],"about":[{"href":"https:\/\/www.enerjigazetesi.ist\/en\/wp-json\/wp\/v2\/types\/post"}],"author":[{"embeddable":true,"href":"https:\/\/www.enerjigazetesi.ist\/en\/wp-json\/wp\/v2\/users\/1"}],"replies":[{"embeddable":true,"href":"https:\/\/www.enerjigazetesi.ist\/en\/wp-json\/wp\/v2\/comments?post=82852"}],"version-history":[{"count":1,"href":"https:\/\/www.enerjigazetesi.ist\/en\/wp-json\/wp\/v2\/posts\/82852\/revisions"}],"predecessor-version":[{"id":82854,"href":"https:\/\/www.enerjigazetesi.ist\/en\/wp-json\/wp\/v2\/posts\/82852\/revisions\/82854"}],"wp:featuredmedia":[{"embeddable":true,"href":"https:\/\/www.enerjigazetesi.ist\/en\/wp-json\/wp\/v2\/media\/82853"}],"wp:attachment":[{"href":"https:\/\/www.enerjigazetesi.ist\/en\/wp-json\/wp\/v2\/media?parent=82852"}],"wp:term":[{"taxonomy":"category","embeddable":true,"href":"https:\/\/www.enerjigazetesi.ist\/en\/wp-json\/wp\/v2\/categories?post=82852"},{"taxonomy":"post_tag","embeddable":true,"href":"https:\/\/www.enerjigazetesi.ist\/en\/wp-json\/wp\/v2\/tags?post=82852"}],"curies":[{"name":"wp","href":"https:\/\/api.w.org\/{rel}","templated":true}]}}