{"id":82840,"date":"2018-12-03T23:19:40","date_gmt":"2018-12-03T20:19:40","guid":{"rendered":"https:\/\/www.enerjigazetesi.ist\/?p=82840"},"modified":"2018-12-03T23:19:40","modified_gmt":"2018-12-03T20:19:40","slug":"konyada-ruzgar-ile-200-bin-dekarlik-tarim-arazisinin-sulamasi-yapilacak","status":"publish","type":"post","link":"https:\/\/www.enerjigazetesi.ist\/en\/konyada-ruzgar-ile-200-bin-dekarlik-tarim-arazisinin-sulamasi-yapilacak\/","title":{"rendered":"(Turkish) Konya\u2019da R\u00fczgar \u0130le 200 Bin Dekarl\u0131k Tar\u0131m Arazisinin Sulamas\u0131 Yap\u0131lacak"},"content":{"rendered":"<p class=\"qtranxs-available-languages-message qtranxs-available-languages-message-en\">Sorry, this entry is only available in <a href=\"https:\/\/www.enerjigazetesi.ist\/tr\/wp-json\/wp\/v2\/posts\/82840\" class=\"qtranxs-available-language-link qtranxs-available-language-link-tr\" title=\"Turkish\">Turkish<\/a>. For the sake of viewer convenience, the content is shown below in the alternative language. You may click the link to switch the active language.<\/p><p><strong>Konya\u2019n\u0131n H\u00fcy\u00fck il\u00e7esinde kurulan 30\u2019ar metre \u00e7ap\u0131ndaki 2 r\u00fczgar g\u00fcl\u00fcnden meydana getirilen santralde \u00fcretilecek enerjiyle, 200 bin dekarl\u0131k tar\u0131m arazisinin sulanmas\u0131 sa\u011flanacak.<\/strong><\/p>\n<p>H\u00fcy\u00fck Ziraat Odas\u0131 taraf\u0131ndan 2009 y\u0131l\u0131nda ilk ad\u0131m\u0131 at\u0131lan r\u00fczgar enerjisi santrali projesine, Kalkanma Bakanl\u0131\u011f\u0131 Konya Ovas\u0131 Projesi B\u00f6lge Kalk\u0131nma \u0130daresi Ba\u015fkanl\u0131\u011f\u0131 ile Konya B\u00fcy\u00fck\u015fehir Belediyesi destek <img loading=\"lazy\" class=\"alignright size-medium wp-image-82841\" src=\"https:\/\/www.enerjigazetesi.ist\/wp-content\/uploads\/2018\/12\/konyada-ruzgar-ile-200-bin-dekarlik-tarim-arazisinin-sulamasi-yapilacak-300x199.jpg\" alt=\"\" width=\"300\" height=\"199\" srcset=\"https:\/\/www.enerjigazetesi.ist\/wp-content\/uploads\/2018\/12\/konyada-ruzgar-ile-200-bin-dekarlik-tarim-arazisinin-sulamasi-yapilacak-300x199.jpg 300w, https:\/\/www.enerjigazetesi.ist\/wp-content\/uploads\/2018\/12\/konyada-ruzgar-ile-200-bin-dekarlik-tarim-arazisinin-sulamasi-yapilacak-500x332.jpg 500w, https:\/\/www.enerjigazetesi.ist\/wp-content\/uploads\/2018\/12\/konyada-ruzgar-ile-200-bin-dekarlik-tarim-arazisinin-sulamasi-yapilacak-75x50.jpg 75w, https:\/\/www.enerjigazetesi.ist\/wp-content\/uploads\/2018\/12\/konyada-ruzgar-ile-200-bin-dekarlik-tarim-arazisinin-sulamasi-yapilacak-450x300.jpg 450w, https:\/\/www.enerjigazetesi.ist\/wp-content\/uploads\/2018\/12\/konyada-ruzgar-ile-200-bin-dekarlik-tarim-arazisinin-sulamasi-yapilacak.jpg 696w\" sizes=\"(max-width: 300px) 100vw, 300px\" \/>verdi. Santralde 60\u2019ar metre y\u00fcksekli\u011finde 30\u2019ar metre \u00e7ap\u0131nda iki r\u00fczgar t\u00fcrbini bulundu\u011funu ifade eden d\u00f6nemin \u0130lmen Belde Belediye Ba\u015fkan\u0131 ve H\u00fcy\u00fck Ziraat Odas\u0131 eski Ba\u015fkan\u0131 H\u00fcrriyet \u015eahin, santralin 2019 y\u0131l\u0131nda elektrik \u00fcretmeye ba\u015flayaca\u011f\u0131n\u0131 kaydetti.<\/p>\n<p>Projenin hayata ge\u00e7irilmesiyle birlikte 200 bin dekar alan\u0131n bundan faydalanaca\u011f\u0131n\u0131 belirten \u015eahin, \u201cBuras\u0131 Bey\u015fehir G\u00f6l\u00fc\u2019ne ku\u015f u\u00e7umu 15 kilometre mesafede uzakl\u0131kta. Projeyle birlikte H\u00fcy\u00fck\u2019teki \u00e7ift\u00e7imizin sulama derdi kalmayacak. B\u00f6lgemizde 15 bin 500 n\u00fcfusumuz var. Bu projeyi devreye soktu\u011fumuzda, bu b\u00f6lgemizin b\u00fct\u00fcn kooperatiflerinin hatta d\u0131\u015fardan gelecek \u00f6zel m\u00fcte\u015febbislerin bile enerjisine yetece\u011fini d\u00fc\u015f\u00fcn\u00fcyoruz. 200 bin dekarl\u0131k topra\u011f\u0131n tamam\u0131n\u0131n sulanmas\u0131n\u0131 hedefliyoruz. B\u00f6lgemizde r\u00fczgar esintimiz olduk\u00e7a y\u00fcksek. Bunu enerjiye d\u00f6n\u00fc\u015ft\u00fcrece\u011fiz. Yani halk diliyle, su var, toprak var, enerji var, un var, ya\u011f var, \u015feker var, helvay\u0131 da \u00e7ift\u00e7imiz yapacak\u201d dedi.<\/p>","protected":false},"excerpt":{"rendered":"<p>Sorry, this entry is only available in Turkish. For the sake of viewer convenience, the content is shown below in the alternative language. You may click the link to switch the active language.Konya\u2019n\u0131n H\u00fcy\u00fck il\u00e7esinde kurulan 30\u2019ar metre \u00e7ap\u0131ndaki 2 r\u00fczgar g\u00fcl\u00fcnden meydana getirilen santralde \u00fcretilecek enerjiyle, 200 bin dekarl\u0131k tar\u0131m arazisinin sulanmas\u0131 sa\u011flanacak. H\u00fcy\u00fck [&hellip;]<\/p>\n","protected":false},"author":1,"featured_media":82841,"comment_status":"open","ping_status":"open","sticky":false,"template":"","format":"standard","meta":[],"categories":[51,53,50],"tags":[67,1009,18,2441,24626,35002,16,24949,119,34960,105],"views":1429,"_links":{"self":[{"href":"https:\/\/www.enerjigazetesi.ist\/en\/wp-json\/wp\/v2\/posts\/82840"}],"collection":[{"href":"https:\/\/www.enerjigazetesi.ist\/en\/wp-json\/wp\/v2\/posts"}],"about":[{"href":"https:\/\/www.enerjigazetesi.ist\/en\/wp-json\/wp\/v2\/types\/post"}],"author":[{"embeddable":true,"href":"https:\/\/www.enerjigazetesi.ist\/en\/wp-json\/wp\/v2\/users\/1"}],"replies":[{"embeddable":true,"href":"https:\/\/www.enerjigazetesi.ist\/en\/wp-json\/wp\/v2\/comments?post=82840"}],"version-history":[{"count":1,"href":"https:\/\/www.enerjigazetesi.ist\/en\/wp-json\/wp\/v2\/posts\/82840\/revisions"}],"predecessor-version":[{"id":82842,"href":"https:\/\/www.enerjigazetesi.ist\/en\/wp-json\/wp\/v2\/posts\/82840\/revisions\/82842"}],"wp:featuredmedia":[{"embeddable":true,"href":"https:\/\/www.enerjigazetesi.ist\/en\/wp-json\/wp\/v2\/media\/82841"}],"wp:attachment":[{"href":"https:\/\/www.enerjigazetesi.ist\/en\/wp-json\/wp\/v2\/media?parent=82840"}],"wp:term":[{"taxonomy":"category","embeddable":true,"href":"https:\/\/www.enerjigazetesi.ist\/en\/wp-json\/wp\/v2\/categories?post=82840"},{"taxonomy":"post_tag","embeddable":true,"href":"https:\/\/www.enerjigazetesi.ist\/en\/wp-json\/wp\/v2\/tags?post=82840"}],"curies":[{"name":"wp","href":"https:\/\/api.w.org\/{rel}","templated":true}]}}