{"id":82837,"date":"2018-12-03T14:11:37","date_gmt":"2018-12-03T11:11:37","guid":{"rendered":"https:\/\/www.enerjigazetesi.ist\/?p=82837"},"modified":"2018-12-03T14:11:37","modified_gmt":"2018-12-03T11:11:37","slug":"elektrik-ve-dogalgazda-indirim-yolda","status":"publish","type":"post","link":"https:\/\/www.enerjigazetesi.ist\/en\/elektrik-ve-dogalgazda-indirim-yolda\/","title":{"rendered":"(Turkish) Elektrik ve Do\u011falgaz&#8217;da \u0130ndirim Yolda!"},"content":{"rendered":"<p class=\"qtranxs-available-languages-message qtranxs-available-languages-message-en\">Sorry, this entry is only available in <a href=\"https:\/\/www.enerjigazetesi.ist\/tr\/wp-json\/wp\/v2\/posts\/82837\" class=\"qtranxs-available-language-link qtranxs-available-language-link-tr\" title=\"Turkish\">Turkish<\/a>. For the sake of viewer convenience, the content is shown below in the alternative language. You may click the link to switch the active language.<\/p><p><strong>Do\u011falgaz ve elektrik piyasalar\u0131nda son d\u00f6nemlerde d\u00f6vizin d\u00fc\u015fmesiyle beklenen \u2018indirim\u2019 havas\u0131n\u0131n \u00f6nc\u00fcs\u00fc spot piyasalarda fiyatlar\u0131n d\u00fc\u015fmesiyle kendini g\u00f6sterdi. Enerji uzmanlar\u0131na g\u00f6re spot piyasadaki indirim yak\u0131n zamanda faturalara da yans\u0131yacak ve vatanda\u015f\u0131n cebini do\u011frudan etkileyecek.<\/strong><\/p>\n<p>Enerji Ekonomisi Derne\u011fi Ba\u015fkan\u0131 Prof. Dr. G\u00fcrkan Kumbaro\u011flu, d\u00f6vizin ate\u015finin d\u00fc\u015fmesi ve TL\u2019nin de\u011fer kazanmas\u0131n\u0131n ard\u0131ndan \u2018fiyatlarda en az y\u00fczde 10 indirim beklentimiz\u2019 var diyerek bu indirimin ilk <img loading=\"lazy\" class=\"alignleft size-medium wp-image-82838\" src=\"https:\/\/www.enerjigazetesi.ist\/wp-content\/uploads\/2018\/12\/elektrik-ve-dogalgazda-indirim-yolda-300x170.jpg\" alt=\"\" width=\"300\" height=\"170\" srcset=\"https:\/\/www.enerjigazetesi.ist\/wp-content\/uploads\/2018\/12\/elektrik-ve-dogalgazda-indirim-yolda-300x170.jpg 300w, https:\/\/www.enerjigazetesi.ist\/wp-content\/uploads\/2018\/12\/elektrik-ve-dogalgazda-indirim-yolda-768x434.jpg 768w, https:\/\/www.enerjigazetesi.ist\/wp-content\/uploads\/2018\/12\/elektrik-ve-dogalgazda-indirim-yolda-500x283.jpg 500w, https:\/\/www.enerjigazetesi.ist\/wp-content\/uploads\/2018\/12\/elektrik-ve-dogalgazda-indirim-yolda-80x45.jpg 80w, https:\/\/www.enerjigazetesi.ist\/wp-content\/uploads\/2018\/12\/elektrik-ve-dogalgazda-indirim-yolda.jpg 810w\" sizes=\"(max-width: 300px) 100vw, 300px\" \/>ad\u0131m\u0131n\u0131n spot piyasas\u0131nda geldi\u011fini dile getirmi\u015fti.<\/p>\n<p>Elektri\u011fin spot piyasadaki d\u00fc\u015f\u00fc\u015f\u00fcn\u00fcn Eyl\u00fcl-Aral\u0131k d\u00f6neminde y\u00fczde 11\u2019e ula\u015ft\u0131\u011f\u0131na vurgu yapan Kumbaro\u011flu, \u201cSon 3 ayl\u0131k periyot incelendi\u011finde fiyatlar Ekim\u2019de Eyl\u00fcl ay\u0131na g\u00f6re y\u00fczde 3 gerilemi\u015fti. Kas\u0131m ay\u0131na geldi\u011fimizde ise bu kez Ekime g\u00f6re d\u00fc\u015f\u00fc\u015f y\u00fczde 8 olmu\u015ftur. Spot piyasada son 3 ayda y\u00fczde 11\u2019lik d\u00fc\u015f\u00fc\u015f ya\u015fanm\u0131\u015f. \u015eimdi s\u0131ra ayn\u0131 d\u00fc\u015f\u00fc\u015f\u00fcn vatanda\u015f\u0131n cebine de do\u011frudan yans\u0131mas\u0131. Tabi spottaki indirim vatanda\u015f\u0131n cebine do\u011frudan ne zaman yans\u0131r sorusuna \u015fimdiden kesin bir tarih vermek zor. Ancak 1 Ocak d\u00f6nemine kadar indirim olma ihtimali \u00e7ok y\u00fcksektir\u201d dedi.<\/p>\n<p>Spot piyasada sadece elektrikte de\u011fil do\u011falgazda da indirim oldu\u011fu bilgisini veren Kumbaro\u011flu, \u015f\u00f6yle devam etti:<\/p>\n<p>\u201cDo\u011falgazda da Eyl\u00fcl-Kas\u0131m aral\u0131\u011f\u0131nda y\u00fczde 6\u2019l\u0131k bir d\u00fc\u015f\u00fc\u015f oldu\u011funu g\u00f6r\u00fcyoruz. Tabi burada yine ayn\u0131 soru g\u00fcndeme geliyor. Bu indirim vatanda\u015f\u0131n do\u011falgaz faturas\u0131na ne zaman yans\u0131yacak? Tarih konusunda net bir \u015fey s\u00f6ylemek m\u00fcmk\u00fcn de\u011fil ama ben en uzak tarihin 1 Ocak 2019 oldu\u011fu inanc\u0131nday\u0131m.\u00a0Enerji Bakanl\u0131\u011f\u0131 ve ilgili di\u011fer kurumlar mutlaka bir \u00e7al\u0131\u015fma yapacak ve m\u00fcmk\u00fcn olan en k\u0131sa s\u00fcrede vatanda\u015flar\u0131n fatura tutar\u0131n\u0131n d\u00fc\u015fmesini sa\u011flayacak indirim konusunda ad\u0131m atacakt\u0131r.\u201d<\/p>","protected":false},"excerpt":{"rendered":"<p>Sorry, this entry is only available in Turkish. For the sake of viewer convenience, the content is shown below in the alternative language. You may click the link to switch the active language.Do\u011falgaz ve elektrik piyasalar\u0131nda son d\u00f6nemlerde d\u00f6vizin d\u00fc\u015fmesiyle beklenen \u2018indirim\u2019 havas\u0131n\u0131n \u00f6nc\u00fcs\u00fc spot piyasalarda fiyatlar\u0131n d\u00fc\u015fmesiyle kendini g\u00f6sterdi. Enerji uzmanlar\u0131na g\u00f6re spot piyasadaki [&hellip;]<\/p>\n","protected":false},"author":1,"featured_media":82838,"comment_status":"open","ping_status":"open","sticky":false,"template":"","format":"standard","meta":[],"categories":[46,51,53],"tags":[1128,19761,34929,23219,67,1009,34935,2388,34937,34936],"views":948,"_links":{"self":[{"href":"https:\/\/www.enerjigazetesi.ist\/en\/wp-json\/wp\/v2\/posts\/82837"}],"collection":[{"href":"https:\/\/www.enerjigazetesi.ist\/en\/wp-json\/wp\/v2\/posts"}],"about":[{"href":"https:\/\/www.enerjigazetesi.ist\/en\/wp-json\/wp\/v2\/types\/post"}],"author":[{"embeddable":true,"href":"https:\/\/www.enerjigazetesi.ist\/en\/wp-json\/wp\/v2\/users\/1"}],"replies":[{"embeddable":true,"href":"https:\/\/www.enerjigazetesi.ist\/en\/wp-json\/wp\/v2\/comments?post=82837"}],"version-history":[{"count":1,"href":"https:\/\/www.enerjigazetesi.ist\/en\/wp-json\/wp\/v2\/posts\/82837\/revisions"}],"predecessor-version":[{"id":82839,"href":"https:\/\/www.enerjigazetesi.ist\/en\/wp-json\/wp\/v2\/posts\/82837\/revisions\/82839"}],"wp:featuredmedia":[{"embeddable":true,"href":"https:\/\/www.enerjigazetesi.ist\/en\/wp-json\/wp\/v2\/media\/82838"}],"wp:attachment":[{"href":"https:\/\/www.enerjigazetesi.ist\/en\/wp-json\/wp\/v2\/media?parent=82837"}],"wp:term":[{"taxonomy":"category","embeddable":true,"href":"https:\/\/www.enerjigazetesi.ist\/en\/wp-json\/wp\/v2\/categories?post=82837"},{"taxonomy":"post_tag","embeddable":true,"href":"https:\/\/www.enerjigazetesi.ist\/en\/wp-json\/wp\/v2\/tags?post=82837"}],"curies":[{"name":"wp","href":"https:\/\/api.w.org\/{rel}","templated":true}]}}