{"id":828,"date":"2012-07-10T09:28:11","date_gmt":"2012-07-10T06:28:11","guid":{"rendered":"https:\/\/www.enerjigazetesi.ist\/?p=828"},"modified":"2012-07-10T09:48:19","modified_gmt":"2012-07-10T06:48:19","slug":"hava-kirliligi-kontrolu-yonetmeligi-ve-is-sagligi-ve-guvenligi-kanunu-resmi-gazetede-yayimlandi","status":"publish","type":"post","link":"https:\/\/www.enerjigazetesi.ist\/en\/hava-kirliligi-kontrolu-yonetmeligi-ve-is-sagligi-ve-guvenligi-kanunu-resmi-gazetede-yayimlandi\/","title":{"rendered":"(Turkish) Hava Kirlili\u011fi Kontrol\u00fc Y\u00f6netmeli\u011fi ve \u0130\u015f Sa\u011fl\u0131\u011f\u0131 ve G\u00fcvenli\u011finde De\u011fi\u015fiklik"},"content":{"rendered":"<p class=\"qtranxs-available-languages-message qtranxs-available-languages-message-en\">Sorry, this entry is only available in <a href=\"https:\/\/www.enerjigazetesi.ist\/tr\/wp-json\/wp\/v2\/posts\/828\" class=\"qtranxs-available-language-link qtranxs-available-language-link-tr\" title=\"Turkish\">Turkish<\/a>. For the sake of viewer convenience, the content is shown below in the alternative language. You may click the link to switch the active language.<\/p><p><strong>SANAY\u0130 KAYNAKLI HAVA K\u0130RL\u0130L\u0130\u011e\u0130 KONTROL\u00dc Y\u00d6NETMEL\u0130\u011e\u0130NDE DE\u011e\u0130\u015e\u0130KL\u0130K YAPILMASINA DA\u0130R Y\u00d6NETMEL\u0130K 16.06.2012 TAR\u0130H\u0130NDE RESM\u0130 GAZETEDE YAYINLANDI\u2026<\/strong><\/p>\n<p><img loading=\"lazy\" class=\"alignright  wp-image-830\" title=\"hava-kirliligi\" src=\"https:\/\/www.enerjigazetesi.ist\/wp-content\/uploads\/2012\/07\/hava-kirliligi-150x150.jpg\" alt=\"\" width=\"238\" height=\"228\" \/>MADDE 1 &#8211; 3\/7\/2009 tarihli ve 27277 say\u0131l\u0131 Resm\u00ee Gazete&#8217;de yay\u0131mlanan Sanayi Kaynakl\u0131 Hava Kirlili\u011finin Kontrol\u00fc Y\u00f6netmeli\u011finin Ge\u00e7ici 1 inci maddesi a\u015fa\u011f\u0131daki \u015fekilde de\u011fi\u015ftirilmi\u015ftir.<\/p>\n<p>&#8220;GE\u00c7\u0130C\u0130 MADDE 1 &#8211; (1) Organik, inorganik gaz ve buhar emisyonlar\u0131 ve kanserojen maddeler i\u00e7in, 1\/1\/2012 tarihinden itibaren,<\/p>\n<p>(2) Organik, inorganik ve di\u011fer \u00f6zel toz emisyonlar\u0131 i\u00e7in; 1\/1\/2014 tarihinden itibaren,<\/p>\n<p>Ek-1 de verilen s\u0131n\u0131r de\u011ferler ge\u00e7erli olmay\u0131p Ek-7 deki tablolar ve s\u0131n\u0131r de\u011ferler uygulanacakt\u0131r.&#8221;<\/p>\n<p>MADDE 2 &#8211; Bu Y\u00f6netmelik yay\u0131m\u0131 tarihinde y\u00fcr\u00fcrl\u00fc\u011fe girer.<\/p>\n<p>MADDE 3 &#8211; Bu Y\u00f6netmelik h\u00fck\u00fcmlerini \u00c7evre ve \u015eehircilik Bakan\u0131 y\u00fcr\u00fct\u00fcr.<\/p>\n<p><a href=\"http:\/\/www.resmi-gazete.org\/rega\/sanayi-kaynakli-hava-kirliliginin-kontrolu-yonetmeliginde-degisiklik-yapilmasina-dair-yonetmelik-31564.htm\" target=\"_blank\">\u0130lgili Y\u00f6netmelik \u0130\u00e7in T\u0131klay\u0131n&gt;&gt;&gt;<\/a><\/p>\n<p><strong>\u0130\u015e SA\u011eLI\u011eI VE G\u00dcVENL\u0130\u011e\u0130 KANUNU RESM\u0130 GAZETEDE YAYINLANDI\u2026<\/strong><\/p>\n<p>\u0130\u015fyerlerinde i\u015f sa\u011fl\u0131\u011f\u0131 ve g\u00fcvenli\u011finin sa\u011flanmas\u0131 ve mevcut sa\u011fl\u0131k ve g\u00fcvenlik \u015fartlar\u0131n\u0131n iyile\u015ftirilmesi i\u00e7in i\u015fveren ve \u00e7al\u0131\u015fanlar\u0131n g\u00f6rev, yetki, sorumluluk, hak ve y\u00fck\u00fcml\u00fcl\u00fcklerini belirleyen i\u015f sa\u011fl\u0131\u011f\u0131 ve g\u00fcvenli\u011fi kanunu Cumhurba\u015fkan\u0131 Abdullah G\u00fcl\u2019\u00fcn onay\u0131ndan sonra resmi gazetede yay\u0131nlanarak y\u00fcr\u00fcrl\u00fc\u011fe girdi.<\/p>\n<p>Buna g\u00f6re \u00e7al\u0131\u015fan\u0131n \u00f6l\u00fcm\u00fc veya maluliyetiyle sonu\u00e7lanacak \u015fekilde v\u00fccut b\u00fct\u00fcnl\u00fc\u011f\u00fcn\u00fcn bozulmas\u0131na neden olan i\u015f kazas\u0131 veya meslek hastal\u0131\u011f\u0131n\u0131n meydana gelmesinde ihmali tespit edilen i\u015fyeri hekimi veya i\u015f g\u00fcvenli\u011fi uzman\u0131n\u0131n yetki belgesi ask\u0131ya al\u0131nacak.<\/p>\n<p>Kanun, i\u015fyerlerinde i\u015f sa\u011fl\u0131\u011f\u0131 ve g\u00fcvenli\u011finin sa\u011flanmas\u0131 ve mevcut sa\u011fl\u0131k ve g\u00fcvenlik \u015fartlar\u0131n\u0131n iyile\u015ftirilmesi i\u00e7in i\u015fveren ve \u00e7al\u0131\u015fanlar\u0131n g\u00f6rev, yetki, sorumluluk, hak ve y\u00fck\u00fcml\u00fcl\u00fcklerini d\u00fczenliyor. Kanun, kamu ve \u00f6zel sekt\u00f6re ait b\u00fct\u00fcn i\u015flere ve i\u015fyerlerine, bu i\u015fyerlerinin i\u015fverenleri ile i\u015fveren vekillerine, \u00e7\u0131rak ve stajyerler de dahil olmak \u00fczere t\u00fcm \u00e7al\u0131\u015fanlar\u0131na faaliyet konular\u0131na bak\u0131lmaks\u0131z\u0131n uygulanacak. Fabrika, bak\u0131m merkezi, dikimevi ve benzeri i\u015fyerlerindekiler hari\u00e7 T\u00fcrk Silahl\u0131 Kuvvetleri, genel kolluk kuvvetleri ve Milli \u0130stihbarat Te\u015fkilat\u0131 M\u00fcste\u015farl\u0131\u011f\u0131n\u0131n faaliyetleri, afet ve acil durum birimlerinin m\u00fcdahale faaliyetleri.<\/p>\n<p>ev hizmetleri, \u00e7al\u0131\u015fan istihdam etmeksizin kendi nam ve hesab\u0131na mal ve hizmet \u00fcretimi yapanlara, h\u00fck\u00fcml\u00fc ve tutuklulara y\u00f6nelik infaz hizmetleri s\u0131ras\u0131nda, iyile\u015ftirme kapsam\u0131nda yap\u0131lan i\u015f yurdu, e\u011fitim, g\u00fcvenlik ve meslek edindirme faaliyetleri bu kanun h\u00fckm\u00fcnde uygulanamayacak. \u0130\u015fveren ad\u0131na hareket eden, i\u015fin ve i\u015fyerinin y\u00f6netiminde g\u00f6rev alan i\u015fveren vekilleri, bu Kanunun uygulanmas\u0131 bak\u0131m\u0131ndan i\u015fveren say\u0131lacak.<\/p>\n<p><strong>-\u0130\u015eVEREN\u0130N GENEL Y\u00dcK\u00dcML\u00dcL\u00dc\u011e\u00dc-<\/strong><\/p>\n<p>\u0130\u015fveren, \u00e7al\u0131\u015fanlar\u0131n i\u015fle ilgili sa\u011fl\u0131k ve g\u00fcvenli\u011fini sa\u011flamakla y\u00fck\u00fcml\u00fc olup bu \u00e7er\u00e7evede mesleki risklerin \u00f6nlenmesi, e\u011fitim ve bilgi verilmesi dahil her t\u00fcrl\u00fc tedbirin al\u0131nmas\u0131, organizasyonun yap\u0131lmas\u0131, gerekli ara\u00e7 ve gere\u00e7lerin sa\u011flanmas\u0131, sa\u011fl\u0131k ve g\u00fcvenlik tedbirlerinin de\u011fi\u015fen \u015fartlara uygun hale getirilmesi ve mevcut durumun iyile\u015ftirilmesi i\u00e7in \u00e7al\u0131\u015fmalar yapacak. \u0130\u015fyerinde al\u0131nan i\u015f sa\u011fl\u0131\u011f\u0131 ve g\u00fcvenli\u011fi tedbirlerine uyulup uyulmad\u0131\u011f\u0131n\u0131 izler, denetler ve uygunsuzluklar\u0131n giderilmesini sa\u011flayacak. Risk de\u011ferlendirmesi yapacak veya yapt\u0131racak. \u00c7al\u0131\u015fana g\u00f6rev verirken, \u00e7al\u0131\u015fan\u0131n sa\u011fl\u0131k ve g\u00fcvenlik y\u00f6n\u00fcnden i\u015fe uygunlu\u011funu g\u00f6z \u00f6n\u00fcne alacak. Yeterli bilgi ve talimat verilenler d\u0131\u015f\u0131ndaki \u00e7al\u0131\u015fanlar\u0131n hayati ve \u00f6zel tehlike bulunan yerlere girmemesi i\u00e7in gerekli tedbirleri alacak.<\/p>\n<p>\u0130\u015fyeri d\u0131\u015f\u0131ndaki uzman ki\u015fi ve kurulu\u015flardan hizmet al\u0131nmas\u0131, i\u015fverenin sorumluluklar\u0131n\u0131 ortadan kald\u0131rmayacak. \u00c7al\u0131\u015fanlar\u0131n i\u015f sa\u011fl\u0131\u011f\u0131 ve g\u00fcvenli\u011fi alan\u0131ndaki y\u00fck\u00fcml\u00fcl\u00fckleri, i\u015fverenin sorumluluklar\u0131n\u0131 etkilemeyecek. \u0130\u015fveren, i\u015f sa\u011fl\u0131\u011f\u0131 ve g\u00fcvenli\u011fi tedbirlerinin maliyetini \u00e7al\u0131\u015fanlara yans\u0131tamayacak.<\/p>\n<p><strong>-R\u0130SKLERDEN KORUNMA \u0130LKELER\u0130-<\/strong><\/p>\n<p>\u0130\u015fverenin y\u00fck\u00fcml\u00fcl\u00fcklerinin yerine getirilmesinde g\u00f6z \u00f6n\u00fcnde bulundurulacak ilkeler \u015f\u00f6yle olacak: .<\/p>\n<p>&#8220;Risklerden ka\u00e7\u0131nmak, ka\u00e7\u0131n\u0131lmas\u0131 m\u00fcmk\u00fcn olmayan riskleri analiz etmek, risklerle kayna\u011f\u0131nda m\u00fccadele etmek. \u0130\u015fin ki\u015filere uygun hale getirilmesi i\u00e7in i\u015fyerlerinin tasar\u0131m\u0131 ile i\u015f ekipman\u0131, \u00e7al\u0131\u015fma \u015fekli ve \u00fcretim metotlar\u0131n\u0131n se\u00e7iminde \u00f6zen g\u00f6stermek, \u00f6zellikle tekd\u00fcze \u00e7al\u0131\u015fma ve \u00fcretim temposunun sa\u011fl\u0131k ve g\u00fcvenli\u011fe olumsuz etkilerini \u00f6nlemek, \u00f6nlenemiyor ise en aza indirmek. Teknik geli\u015fmelere uyum sa\u011flamak. Tehlikeli olan\u0131, tehlikesiz veya daha az tehlikeli olanla de\u011fi\u015ftirmek. Teknoloji, i\u015f organizasyonu, \u00e7al\u0131\u015fma \u015fartlar\u0131, sosyal ili\u015fkiler ve \u00e7al\u0131\u015fma ortam\u0131 ile ilgili fakt\u00f6rlerin etkilerini kapsayan tutarl\u0131 ve genel bir \u00f6nleme politikas\u0131 geli\u015ftirmek. Toplu korunma tedbirlerine, ki\u015fisel korunma tedbirlerine g\u00f6re \u00f6ncelik vermek. \u00c7al\u0131\u015fanlara uygun talimatlar vermek.&#8221;<\/p>\n<p><strong>-\u0130\u015e SA\u011eLI\u011eI VE G\u00dcVENL\u0130\u011e\u0130 H\u0130ZMETLER\u0130-<\/strong><\/p>\n<p>\u0130\u015f sa\u011fl\u0131\u011f\u0131 ve g\u00fcvenli\u011fi hizmetleri, mesleki risklerin \u00f6nlenmesi ve bu risklerden korunulmas\u0131na y\u00f6nelik \u00e7al\u0131\u015fmalar\u0131 da kapsayacak. \u0130\u015f sa\u011fl\u0131\u011f\u0131 ve g\u00fcvenli\u011fi hizmetlerinin sunulmas\u0131 i\u00e7in i\u015fveren \u00e7al\u0131\u015fanlar\u0131 aras\u0131ndan i\u015f g\u00fcvenli\u011fi uzman\u0131, i\u015fyeri hekimi ve di\u011fer sa\u011fl\u0131k personeli g\u00f6revlendirecek. \u00c7al\u0131\u015fanlar\u0131 aras\u0131nda belirlenen niteliklere sahip personel bulunmamas\u0131 halinde, bu hizmetin tamam\u0131n\u0131 veya bir k\u0131sm\u0131n\u0131 ortak sa\u011fl\u0131k ve g\u00fcvenlik birimlerinden hizmet alarak yerine getirebilecek. Ancak belirlenen niteliklere ve gerekli belgeye sahip olmas\u0131 halinde, tehlike s\u0131n\u0131f\u0131 ve \u00e7al\u0131\u015fan say\u0131s\u0131 dikkate al\u0131narak, bu hizmetin yerine getirilmesini kendisi \u00fcstlenebilecek. G\u00f6revlendirdikleri ki\u015fi veya hizmet ald\u0131\u011f\u0131 kurum ve kurulu\u015flar\u0131n g\u00f6revlerini yerine getirmeleri amac\u0131yla ara\u00e7, gere\u00e7, mekan ve zaman gibi gerekli b\u00fct\u00fcn ihtiya\u00e7lar\u0131n\u0131 kar\u015f\u0131layacak. \u0130\u015fyerinde sa\u011fl\u0131k ve g\u00fcvenlik hizmetlerini y\u00fcr\u00fctenler aras\u0131nda i\u015f birli\u011fi ve koordinasyonu sa\u011flayacak. G\u00f6revlendirdikleri ki\u015fi veya hizmet ald\u0131\u011f\u0131 kurum ve kurulu\u015flar taraf\u0131ndan i\u015f sa\u011fl\u0131\u011f\u0131 ve g\u00fcvenli\u011fi ile ilgili mevzuata uygun olan ve yaz\u0131l\u0131 olarak bildirilen tedbirleri yerine getirecek.<\/p>\n<p>\u00c7al\u0131\u015fanlar\u0131n sa\u011fl\u0131k ve g\u00fcvenli\u011fini etkiledi\u011fi bilinen veya etkilemesi muhtemel konular hakk\u0131nda; g\u00f6revlendirdikleri ki\u015fi veya hizmet ald\u0131\u011f\u0131 kurum ve kurulu\u015flar\u0131, ba\u015fka i\u015fyerlerinden \u00e7al\u0131\u015fmak \u00fczere kendi i\u015fyerine gelen \u00e7al\u0131\u015fanlar\u0131 ve bunlar\u0131n i\u015fverenlerini bilgilendirecek.<\/p>\n<p><strong>-\u0130\u015e SA\u011eLI\u011eI VE G\u00dcVENL\u0130\u011e\u0130 H\u0130ZMETLER\u0130N\u0130N DESTEKLENMES\u0130-<\/strong><\/p>\n<p>\u0130\u015f sa\u011fl\u0131\u011f\u0131 ve g\u00fcvenli\u011fi hizmetlerinin yerine getirilmesi i\u00e7in, \u00c7al\u0131\u015fma ve Sosyal G\u00fcvenlik Bakanl\u0131\u011f\u0131&#8217;nca destek sa\u011flanabilecek \u015fartlar \u015f\u00f6yle olacak:<\/p>\n<p>Kamu kurum ve kurulu\u015flar\u0131 hari\u00e7 ondan az \u00e7al\u0131\u015fan\u0131 bulunanlardan, \u00e7ok tehlikeli ve tehlikeli s\u0131n\u0131fta yer alan i\u015fyerleri faydalanabilecek. Ancak, Bakanlar Kurulu, ondan az \u00e7al\u0131\u015fan\u0131 bulunanlardan az tehlikeli s\u0131n\u0131fta yer alan i\u015fyerlerinin de faydalanmas\u0131na karar verebilecek. Giderler, i\u015f kazas\u0131 ve meslek hastal\u0131\u011f\u0131 bak\u0131m\u0131ndan k\u0131sa vadeli sigorta kollar\u0131 i\u00e7in toplanan primlerden kaynak aktar\u0131lmak suretiyle, Sosyal G\u00fcvenlik Kurumu taraf\u0131ndan finanse edilecek. Uygulamada, Sosyal G\u00fcvenlik Kurumu kay\u0131tlar\u0131 esas al\u0131nacak.<\/p>\n<p>Bu Kanun ve di\u011fer mevzuat gere\u011fince yap\u0131lan kontrol ve denetimlerde; istihdam etti\u011fi ki\u015filerin sigortal\u0131l\u0131k bildiriminde bulunmad\u0131\u011f\u0131 tespit edilen i\u015fverenlerden, tespit tarihine kadar yap\u0131lan \u00f6demeler yasal faizi ile birlikte Sosyal G\u00fcvenlik Kurumunca tahsil edilir ve bu durumdaki i\u015fverenler, sa\u011flanan destekten \u00fc\u00e7 y\u0131l s\u00fcreyle faydalanamayacak.<\/p>\n<p>Uygulamaya ili\u015fkin olarak ortaya \u00e7\u0131kabilecek teredd\u00fctleri gidermeye, uygulamay\u0131 y\u00f6nlendirmeye ve do\u011fabilecek sorunlar\u0131 \u00e7\u00f6zmeye Bakanl\u0131k yetkili olacak.<\/p>\n<p><strong>-\u0130\u015eYER\u0130 HEK\u0130M\u0130N\u0130N HAK VE YETK\u0130LER\u0130 KISITLANAMAYACAK-<\/strong><\/p>\n<p>\u0130\u015fyeri hekimi ve i\u015f g\u00fcvenli\u011fi uzmanlar\u0131n\u0131n hak ve yetkileri, g\u00f6revlerini yerine getirmeleri nedeniyle k\u0131s\u0131tlanamayacak. \u0130\u015fyeri hekimi ve i\u015f g\u00fcvenli\u011fi uzmanlar\u0131; g\u00f6revlendirildikleri i\u015fyerlerinde i\u015f sa\u011fl\u0131\u011f\u0131 ve g\u00fcvenli\u011fiyle ilgili al\u0131nmas\u0131 gereken tedbirleri i\u015fverene yaz\u0131l\u0131 olarak bildirecek. Bildirilen hususlardan hayati tehlike arz edenlerin i\u015fveren taraf\u0131ndan yerine getirilmemesi halinde, bu hususu Bakanl\u0131\u011f\u0131n yetkili birimine iletilecek. Hizmet sunan kurulu\u015flar ile i\u015fyeri hekimi ve i\u015f g\u00fcvenli\u011fi uzmanlar\u0131, i\u015f sa\u011fl\u0131\u011f\u0131 ve g\u00fcvenli\u011fi hizmetlerinin y\u00fcr\u00fct\u00fclmesindeki ihmallerinden dolay\u0131, hizmet sunduklar\u0131 i\u015fverene kar\u015f\u0131 sorumlu olacak.<\/p>\n<p>\u00c7al\u0131\u015fan\u0131n \u00f6l\u00fcm\u00fc veya maluliyetiyle sonu\u00e7lanacak \u015fekilde v\u00fccut b\u00fct\u00fcnl\u00fc\u011f\u00fcn\u00fcn bozulmas\u0131na neden olan i\u015f kazas\u0131 veya meslek hastal\u0131\u011f\u0131n\u0131n meydana gelmesinde ihmali tespit edilen i\u015fyeri hekimi veya i\u015f g\u00fcvenli\u011fi uzman\u0131n\u0131n yetki belgesi ask\u0131ya al\u0131nacak.<\/p>\n<p><strong>-\u0130\u015e G\u00dcVENL\u0130\u011e\u0130 UZMANLARININ G\u00d6REV ALAB\u0130LMES\u0130 \u0130\u00c7\u0130N-<\/strong><\/p>\n<p>\u0130\u015f g\u00fcvenli\u011fi uzmanlar\u0131n\u0131n g\u00f6rev alabilmeleri i\u00e7in; \u00e7ok tehlikeli s\u0131n\u0131fta yer alan i\u015fyerlerinde &#8220;A&#8221; s\u0131n\u0131f\u0131, tehlikeli s\u0131n\u0131fta yer alan i\u015fyerlerinde en az &#8220;B&#8221; s\u0131n\u0131f\u0131, az tehlikeli s\u0131n\u0131fta yer alan i\u015fyerlerinde ise en az &#8220;C&#8221; s\u0131n\u0131f\u0131 i\u015f g\u00fcvenli\u011fi uzmanl\u0131\u011f\u0131 belgesine sahip olmalar\u0131 \u015fart\u0131 aranacak. Bakanl\u0131k, i\u015f g\u00fcvenli\u011fi uzmanlar\u0131n\u0131n ve i\u015fyeri hekimlerinin g\u00f6revlendirilmesi konusunda sekt\u00f6rel alanda \u00f6zel d\u00fczenleme yapabilecek. Belirlenen \u00e7al\u0131\u015fma s\u00fcresi nedeniyle i\u015fyeri hekimi ve i\u015f g\u00fcvenli\u011fi uzman\u0131n\u0131n tam s\u00fcreli g\u00f6revlendirilmesi gereken durumlarda; i\u015fveren, i\u015fyeri sa\u011fl\u0131k ve g\u00fcvenlik birimi kuracak. Bu durumda, \u00e7al\u0131\u015fanlar\u0131n tabi oldu\u011fu kanun h\u00fck\u00fcmleri sakl\u0131 kalmak kayd\u0131yla, 4857 say\u0131l\u0131 \u0130\u015f Kanununa g\u00f6re belirlenen haftal\u0131k \u00e7al\u0131\u015fma s\u00fcresi dikkate al\u0131nacak.<\/p>\n<p><strong>-\u0130\u015eYER\u0130 TEHL\u0130KE SINIFININ BEL\u0130RLENMES\u0130-<\/strong><\/p>\n<p>\u0130\u015fyeri tehlike s\u0131n\u0131flar\u0131 belirlenen k\u0131sa vadeli sigorta kollar\u0131 prim tarifesi de dikkate al\u0131narak, \u0130\u015f Sa\u011fl\u0131\u011f\u0131 ve G\u00fcvenli\u011fi Genel M\u00fcd\u00fcr\u00fcn\u00fcn Ba\u015fkanl\u0131\u011f\u0131nda ilgili taraflarca olu\u015fturulan komisyonun g\u00f6r\u00fc\u015fleri do\u011frultusunda, Bakanl\u0131k\u00e7a \u00e7\u0131kar\u0131lacak tebli\u011f ile tespit edilecek. \u0130\u015fyeri tehlike s\u0131n\u0131flar\u0131n\u0131n tespitinde, o i\u015fyerinde yap\u0131lan as\u0131l i\u015f dikkate al\u0131nacak.<\/p>\n<p><strong>-AC\u0130L DURUM PLANLARI, YANGINLA M\u00dcCADELE VE \u0130LK YARDIM-<\/strong><\/p>\n<p>\u0130\u015fveren, \u00e7al\u0131\u015fma ortam\u0131, kullan\u0131lan maddeler, i\u015f ekipman\u0131 ile \u00e7evre \u015fartlar\u0131n\u0131 dikkate alarak meydana gelebilecek acil durumlar\u0131 \u00f6nceden de\u011ferlendirerek, \u00e7al\u0131\u015fanlar\u0131 ve \u00e7al\u0131\u015fma \u00e7evresini etkilemesi m\u00fcmk\u00fcn ve muhtemel acil durumlar\u0131 belirler ve bunlar\u0131n olumsuz etkilerini \u00f6nleyici ve s\u0131n\u0131rland\u0131r\u0131c\u0131 tedbirleri alacak. Acil durumlar\u0131n olumsuz etkilerinden korunmak \u00fczere gerekli \u00f6l\u00e7\u00fcm ve de\u011ferlendirmeleri yapar, acil durum planlar\u0131n\u0131 haz\u0131rlayacak. Acil durumlarla m\u00fccadele i\u00e7in i\u015fyerinin b\u00fcy\u00fckl\u00fc\u011f\u00fc ve ta\u015f\u0131d\u0131\u011f\u0131 \u00f6zel tehlikeler, yap\u0131lan i\u015fin niteli\u011fi, \u00e7al\u0131\u015fan say\u0131s\u0131 ile i\u015fyerinde bulunan di\u011fer ki\u015fileri dikkate alarak; \u00f6nleme, koruma, tahliye, yang\u0131nla m\u00fccadele, ilk yard\u0131m ve benzeri konularda uygun donan\u0131ma sahip ve bu konularda e\u011fitimli yeterli say\u0131da ki\u015fiyi g\u00f6revlendirir, ara\u00e7 ve gere\u00e7leri sa\u011flayarak e\u011fitim ve tatbikatlar\u0131 yapt\u0131r\u0131r ve ekiplerin her zaman haz\u0131r bulunmalar\u0131n\u0131 sa\u011flayacak. \u00d6zellikle ilk yard\u0131m, acil t\u0131bbi m\u00fcdahale, kurtarma ve yang\u0131nla m\u00fccadele konular\u0131nda, i\u015fyeri d\u0131\u015f\u0131ndaki kurulu\u015flarla irtibat\u0131 sa\u011flayacak gerekli d\u00fczenlemeleri yapacak.<\/p>\n<p><strong>-TAHL\u0130YE-<\/strong><\/p>\n<p>Ciddi, yak\u0131n ve \u00f6nlenemeyen tehlikenin meydana gelmesi durumunda i\u015fveren \u00e7al\u0131\u015fanlar\u0131n i\u015fi b\u0131rakarak derhal \u00e7al\u0131\u015fma yerlerinden ayr\u0131l\u0131p g\u00fcvenli bir yere gidebilmeleri i\u00e7in, \u00f6nceden gerekli d\u00fczenlemeleri yapar ve \u00e7al\u0131\u015fanlara gerekli talimatlar\u0131 verecek. Durumun devam etmesi halinde, zorunluluk olmad\u0131k\u00e7a, gerekli donan\u0131ma sahip ve \u00f6zel olarak g\u00f6revlendirilenler d\u0131\u015f\u0131ndaki \u00e7al\u0131\u015fanlardan i\u015flerine devam etmelerini isteyemeyecek. \u0130\u015fveren, \u00e7al\u0131\u015fanlar\u0131n kendileri veya di\u011fer ki\u015filerin g\u00fcvenli\u011fi i\u00e7in ciddi ve yak\u0131n bir tehlike ile kar\u015f\u0131la\u015ft\u0131klar\u0131 ve amirine hemen haber veremedikleri durumlarda; istenmeyen sonu\u00e7lar\u0131n \u00f6nlenmesi i\u00e7in, bilgileri ve mevcut teknik donan\u0131mlar\u0131 \u00e7er\u00e7evesinde m\u00fcdahale edebilmelerine imkan sa\u011flayacak. B\u00f6yle bir durumda \u00e7al\u0131\u015fanlar, ihmal veya dikkatsiz davran\u0131\u015flar\u0131 olmad\u0131k\u00e7a yapt\u0131klar\u0131 m\u00fcdahaleden dolay\u0131 sorumlu tutulamayacak.<\/p>\n<p><strong>-\u00c7ALI\u015eMAKTAN KA\u00c7INMA HAKKI-<\/strong><\/p>\n<p>Ciddi ve yak\u0131n tehlike ile kar\u015f\u0131 kar\u015f\u0131ya kalan \u00e7al\u0131\u015fanlar kurula, kurulun bulunmad\u0131\u011f\u0131 i\u015fyerlerinde ise i\u015fverene ba\u015fvurarak durumun tespit edilmesini ve gerekli tedbirlerin al\u0131nmas\u0131na karar verilmesini talep edebilecek. Kurul acilen toplanarak, i\u015fveren ise derhal karar\u0131n\u0131 verir ve durumu tutanakla tespit eder. Karar, \u00e7al\u0131\u015fana ve \u00e7al\u0131\u015fan temsilcisine yaz\u0131l\u0131 olarak bildirilecek.<\/p>\n<p><strong>-\u0130\u015e KAZASI VE MESLEK HASTALIKLARININ KAYIT VE B\u0130LD\u0130R\u0130M\u0130-<\/strong><\/p>\n<p>\u0130\u015fveren b\u00fct\u00fcn i\u015f kazalar\u0131n\u0131n ve meslek hastal\u0131klar\u0131n\u0131n kayd\u0131n\u0131 tutar, gerekli incelemeleri yaparak bunlar ile ilgili raporlar\u0131 d\u00fczenleyecek. \u0130\u015fyerinde i\u015f sa\u011fl\u0131\u011f\u0131 ve g\u00fcvenli\u011finin sa\u011flanmas\u0131 ve s\u00fcrd\u00fcr\u00fclebilmesi amac\u0131yla i\u015fveren, \u00e7al\u0131\u015fanlar\u0131 ve \u00e7al\u0131\u015fan temsilcilerini i\u015fyerinin \u00f6zelliklerini de dikkate alarak bilgilendirme yapacak. \u0130\u015fveren, \u00e7al\u0131\u015fanlar\u0131n i\u015f sa\u011fl\u0131\u011f\u0131 ve g\u00fcvenli\u011fi e\u011fitimlerini almas\u0131n\u0131 sa\u011flayacak. Bu e\u011fitim \u00f6zellikle; i\u015fe ba\u015flamadan \u00f6nce, \u00e7al\u0131\u015fma yeri veya i\u015f de\u011fi\u015fikli\u011finde, i\u015f ekipman\u0131n\u0131n de\u011fi\u015fmesi halinde veya yeni teknoloji uygulanmas\u0131 halinde verilir. E\u011fitimler, de\u011fi\u015fen ve ortaya \u00e7\u0131kan yeni risklere uygun olarak yenilenecek, gerekti\u011finde ve d\u00fczenli aral\u0131klarla tekrarlanacak. \u00c7al\u0131\u015fan temsilcileri \u00f6zel olarak e\u011fitilecek, \u00e7al\u0131\u015fanlar\u0131n g\u00f6r\u00fc\u015fleri al\u0131nacak, kat\u0131l\u0131mlar\u0131 sa\u011flanacak.<\/p>\n<p><strong>-\u00c7ALI\u015eAN TEMS\u0130LC\u0130S\u0130 G\u00d6REVLEND\u0130R\u0130LECEK-<\/strong><\/p>\n<p>\u0130\u015fveren; i\u015fyerinin de\u011fi\u015fik b\u00f6l\u00fcmlerindeki riskler ve \u00e7al\u0131\u015fan say\u0131lar\u0131n\u0131 g\u00f6z \u00f6n\u00fcnde bulundurarak dengeli da\u011f\u0131l\u0131ma \u00f6zen g\u00f6stermek kayd\u0131yla, \u00e7al\u0131\u015fanlar aras\u0131nda yap\u0131lacak se\u00e7im veya se\u00e7imle belirlenemedi\u011fi durumda atama yoluyla, \u00e7al\u0131\u015fan temsilcisini g\u00f6revlendirecek. \u0130ki ile elli aras\u0131nda \u00e7al\u0131\u015fan\u0131 bulunan i\u015fyerlerinde bir temsilci olacak. 51 ile 100 aras\u0131nda \u00e7al\u0131\u015fan\u0131 bulunan i\u015fyerlerinde 2 temsilci bulundurulacak. 101 ile 500 aras\u0131nda \u00e7al\u0131\u015fan\u0131 bulunan i\u015fyerlerinde 3, 501 ile bin aras\u0131nda \u00e7al\u0131\u015fan\u0131 bulunan i\u015fyerlerinde 4, bin 1 ile 2 bin aras\u0131nda \u00e7al\u0131\u015fan\u0131 bulunan i\u015fyerlerinde 5, 2 bin 1 ve \u00fczeri \u00e7al\u0131\u015fan\u0131 bulunan i\u015fyerlerinde 6 temsilci olacak.<\/p>\n<p><strong>-\u0130\u015eVEREN KURUL KARARLARINI UYGULAYACAK-<\/strong><\/p>\n<p>\u00dclke genelinde i\u015f sa\u011fl\u0131\u011f\u0131 ve g\u00fcvenli\u011fi ile ilgili politika ve stratejilerin belirlenmesi i\u00e7in tavsiyelerde bulunmak \u00fczere Konsey kuruldu. Konsey y\u0131lda iki defa ola\u011fan toplanacak. \u0130\u015f sa\u011fl\u0131\u011f\u0131 ve g\u00fcvenli\u011fi kurulu 50 ve daha fazla \u00e7al\u0131\u015fan\u0131n bulundu\u011fu ve alt\u0131 aydan fazla s\u00fcren s\u00fcrekli i\u015flerin yap\u0131ld\u0131\u011f\u0131 i\u015fyerlerinde i\u015fveren, i\u015f sa\u011fl\u0131\u011f\u0131 ve g\u00fcvenli\u011fi ile ilgili \u00e7al\u0131\u015fmalarda bulunmak \u00fczere kurul olu\u015fturacak. \u0130\u015fveren, i\u015f sa\u011fl\u0131\u011f\u0131 ve g\u00fcvenli\u011fi mevzuat\u0131na uygun kurul kararlar\u0131n\u0131 uygulayacak. \u0130\u015f sa\u011fl\u0131\u011f\u0131 ve g\u00fcvenli\u011finin koordinasyonu, ayn\u0131 \u00e7al\u0131\u015fma alan\u0131n\u0131 birden fazla i\u015fverenin payla\u015fmas\u0131 durumunda i\u015fverenler; i\u015f hijyeni ile i\u015f sa\u011fl\u0131\u011f\u0131 ve g\u00fcvenli\u011fi \u00f6nlemlerinin uygulanmas\u0131nda i\u015f birli\u011fi yapacak, yap\u0131lan i\u015fin yap\u0131s\u0131 g\u00f6z \u00f6n\u00fcne al\u0131narak mesleki risklerin \u00f6nlenmesi ve bu risklerden korunulmas\u0131 \u00e7al\u0131\u015fmalar\u0131n\u0131 koordinasyon i\u00e7inde yapacak, birbirlerini ve \u00e7al\u0131\u015fan temsilcilerini bu riskler konusunda bilgilendirecek.<\/p>\n<p>Birden fazla i\u015fyerinin bulundu\u011fu i\u015f merkezleri, i\u015f hanlar\u0131, sanayi b\u00f6lgeleri veya siteleri gibi yerlerde, i\u015f sa\u011fl\u0131\u011f\u0131 ve g\u00fcvenli\u011fi konusundaki koordinasyon y\u00f6netim taraf\u0131ndan sa\u011flan\u0131r. Y\u00f6netim, i\u015fyerlerinde i\u015f sa\u011fl\u0131\u011f\u0131 ve g\u00fcvenli\u011fi y\u00f6n\u00fcnden di\u011fer i\u015fyerlerini etkileyecek tehlikeler hususunda gerekli tedbirleri almalar\u0131 i\u00e7in i\u015fverenleri uyar\u0131r. Bu uyar\u0131lara uymayan i\u015fverenleri Bakanl\u0131\u011fa bildirecek.<\/p>\n<p><strong>-\u0130DAR\u0130 PARA CEZALARI VE UYGULANMASI-<\/strong><\/p>\n<p>Y\u00fck\u00fcml\u00fcl\u00fcklerini yerine getirmeyen i\u015fverene, her bir y\u00fck\u00fcml\u00fcl\u00fck i\u00e7in ayr\u0131 ayr\u0131 2 bin TL ceza uygulanacak. \u0130\u015f yerinde i\u015f yeri hekimi veya i\u015f g\u00fcvenli\u011fi uzman\u0131 g\u00f6revlendirmeyen i\u015fverene, g\u00f6revlendirmedi\u011fi her ki\u015fi i\u00e7in 5 bin TL, ayk\u0131r\u0131l\u0131\u011f\u0131n devam etti\u011fi her ay i\u00e7in ayn\u0131 miktar, di\u011fer sa\u011fl\u0131k personeli g\u00f6revlendirmeyen i\u015fverene 2 bin 500 TL; risk de\u011ferlendirmesi yapmayan veya yapt\u0131rmayan i\u015fverene 3 bin TL ceza verilecek.<\/p>\n<p><strong>-BA\u011eIMLILIK YAPAN MADDELER\u0130 KULLANMA YASA\u011eI-<\/strong><\/p>\n<p>\u0130\u015fyerine, sarho\u015f veya uyu\u015fturucu madde alm\u0131\u015f olarak gelmek ve i\u015fyerinde alkoll\u00fc i\u00e7ki veya uyu\u015fturucu madde kullanmak yasak olacak. \u0130\u015fveren; i\u015fyeri eklentilerinden say\u0131lan k\u0131s\u0131mlarda, ne gibi hallerde, hangi zamanda ve hangi \u015fartlarla alkoll\u00fc i\u00e7ki i\u00e7ilebilece\u011fini belirleme yetkisine sahip olacak.<\/p>\n<p>Alkoll\u00fc i\u00e7ki yap\u0131lan i\u015fyerlerinde \u00e7al\u0131\u015fan ve i\u015fin gere\u011fi olarak \u00fcretileni denetlemekle g\u00f6revlendirilenlere, kapal\u0131 kaplarda veya a\u00e7\u0131k olarak alkoll\u00fc i\u00e7ki sat\u0131lan veya i\u00e7ilen i\u015fyerlerinde i\u015fin gere\u011fi alkoll\u00fc i\u00e7ki i\u00e7mek zorunda olanlara, i\u015finin niteli\u011fi gere\u011fi m\u00fc\u015fterilerle birlikte alkoll\u00fc i\u00e7ki i\u00e7mek zorunda olanlara i\u00e7ki yasa\u011f\u0131 olmayacak.<\/p>\n<p><strong>-G\u00dcVENL\u0130K RAPORU VEYA B\u00dcY\u00dcK KAZA \u00d6NLEME POL\u0130T\u0130KA BELGES\u0130-<\/strong><\/p>\n<p>\u0130\u015fletmeye ba\u015flanmadan \u00f6nce, b\u00fcy\u00fck end\u00fcstriyel kaza olu\u015fabilecek i\u015fyerleri i\u00e7in, i\u015fyerlerinin b\u00fcy\u00fckl\u00fc\u011f\u00fcne g\u00f6re b\u00fcy\u00fck kaza \u00f6nleme politika belgesi veya g\u00fcvenlik raporu i\u015fveren taraf\u0131ndan haz\u0131rlanacak. G\u00fcvenlik raporu haz\u0131rlama y\u00fck\u00fcml\u00fcl\u00fc\u011f\u00fc bulunan i\u015fveren, haz\u0131rlad\u0131klar\u0131 g\u00fcvenlik raporlar\u0131n\u0131n i\u00e7erik ve yeterlilikleri Bakanl\u0131k\u00e7a incelenmesini m\u00fcteakip i\u015fyerlerini i\u015fletmeye a\u00e7abilecek.<\/p>\n<p><strong>-YAYIN ZORUNLULU\u011eU-<\/strong><\/p>\n<p>T\u00fcrkiye Radyo-Televizyon Kurumu ile ulusal, b\u00f6lgesel ve yerel yay\u0131n yapan \u00f6zel televizyon kurulu\u015flar\u0131 ve radyolar; ayda en az altm\u0131\u015f dakika i\u015f sa\u011fl\u0131\u011f\u0131 ve g\u00fcvenli\u011fi, \u00e7al\u0131\u015fma hayat\u0131nda kay\u0131t d\u0131\u015f\u0131l\u0131\u011f\u0131n \u00f6nlenmesi, sosyal g\u00fcvenlik, i\u015f\u00e7i ve i\u015fveren ili\u015fkileri konular\u0131nda uyar\u0131c\u0131 ve e\u011fitici mahiyette yay\u0131nlar yapmak zorunda olacak. Bu yay\u0131nlar, asgari otuz dakikas\u0131 17: 00-22: 00 saatleri aras\u0131nda olmak \u00fczere, 8: 00-22: 00 saatleri aras\u0131nda yap\u0131lacak ve yay\u0131nlar\u0131n kopyalar\u0131 her ay d\u00fczenli olarak Radyo ve Televizyon \u00dcst Kuruluna teslim edilecek.<\/p>\n<p>Bu madde kapsam\u0131nda yap\u0131lan yay\u0131nlar i\u00e7in herhangi bir bedel \u00f6denmeyecek.<\/p>\n<p><strong>-\u0130\u015e G\u00dcVENL\u0130\u011e\u0130 UZMANI G\u00d6REVLEND\u0130RME Y\u00dcK\u00dcML\u00dcL\u00dc\u011e\u00dc-<\/strong><\/p>\n<p>\u00c7ok tehlikeli s\u0131n\u0131fta yer alan i\u015fyerlerinde &#8220;A&#8221; s\u0131n\u0131f\u0131 belgeye sahip i\u015f g\u00fcvenli\u011fi uzman\u0131 g\u00f6revlendirme y\u00fck\u00fcml\u00fcl\u00fc\u011f\u00fc, bu i\u015fyerlerinde Kanunun y\u00fcr\u00fcrl\u00fc\u011fe girdi\u011fi tarihten itibaren d\u00f6rt y\u0131l s\u00fcreyle &#8220;B&#8221; s\u0131n\u0131f\u0131 belgeye sahip i\u015f g\u00fcvenli\u011fi uzman\u0131 g\u00f6revlendirilmesi; tehlikeli s\u0131n\u0131fta yer alan i\u015fyerlerinde ise &#8220;B&#8221;s\u0131n\u0131f\u0131 belgeye sahip i\u015f g\u00fcvenli\u011fi uzman\u0131 g\u00f6revlendirme y\u00fck\u00fcml\u00fcl\u00fc\u011f\u00fc, bu i\u015fyerlerinde Kanunun y\u00fcr\u00fcrl\u00fc\u011fe girdi\u011fi tarihten itibaren \u00fc\u00e7 y\u0131l s\u00fcreyle &#8220;C&#8221; s\u0131n\u0131f\u0131 belgeye sahip i\u015f g\u00fcvenli\u011fi uzman\u0131 g\u00f6revlendirilmesi kayd\u0131yla yerine getirilmi\u015f say\u0131lacak.<\/p>\n<p>Bug\u00fcn itibar\u0131ylaba\u015f i\u015f m\u00fcfetti\u015fi kadrolar\u0131nda bulunanlar, hi\u00e7bir i\u015fleme gerek kalmaks\u0131z\u0131n \u0130\u015f Ba\u015fm\u00fcfetti\u015fi kadrolar\u0131na atanm\u0131\u015f say\u0131lacak. Bu Kanunun yay\u0131mland\u0131\u011f\u0131 tarihte \u0130\u015f Sa\u011fl\u0131\u011f\u0131 ve G\u00fcvenli\u011fi Merkez M\u00fcd\u00fcrl\u00fc\u011f\u00fcnde \u0130\u015f\u00e7i Sa\u011fl\u0131\u011f\u0131 ve \u0130\u015f G\u00fcvenli\u011fi Enstit\u00fc M\u00fcd\u00fcr\u00fc ile \u0130\u015f\u00e7i Sa\u011fl\u0131\u011f\u0131 ve \u0130\u015f G\u00fcvenli\u011fi Enstit\u00fc M\u00fcd\u00fcr Yard\u0131mc\u0131s\u0131 unvanl\u0131 kadrolarda bulunanlar\u0131n g\u00f6revleri, bu Kanunun yay\u0131mland\u0131\u011f\u0131 tarihte sona erecek ve bunlar en ge\u00e7 bir ay i\u00e7inde derece ve kademelerine uygun di\u011fer kadrolara atanacak. Bunlar, yeni bir kadroya atan\u0131ncaya kadar, eski kadrolar\u0131na ait ayl\u0131k, ek g\u00f6sterge ve her t\u00fcrl\u00fc zam ve tazminatlar ile di\u011fer mali haklar\u0131n\u0131 almaya devam edecek. Bu Kanuna ekli listelerde ihdas edilen kadrolardan bo\u015f bulunan 20 \u0130\u015f Sa\u011fl\u0131\u011f\u0131 ve G\u00fcvenli\u011fi Uzman\u0131, 100 \u0130\u015f Sa\u011fl\u0131\u011f\u0131 ve G\u00fcvenli\u011fi Uzman Yard\u0131mc\u0131s\u0131, 40 Memur, 40 Veri Haz\u0131rlama ve Kontrol \u0130\u015fletmeni ve 10 M\u00fchendis kadrosuna, 21\/12\/2011 tarihli ve 6260 say\u0131l\u0131 2012 y\u0131l\u0131 Merkezi Y\u00f6netim B\u00fct\u00e7e Kanundaki s\u0131n\u0131rlamalara tabi olmadan 2012 y\u0131l\u0131 i\u00e7inde atama yap\u0131labilecek. .<\/p>\n<p><strong>&#8211; Y\u00dcR\u00dcRL\u00dcK TAR\u0130H\u0130 &#8211;<\/strong><\/p>\n<p>\u0130\u015f sa\u011fl\u0131\u011f\u0131 ve g\u00fcvenli\u011fi hizmetleri, \u0130\u015f sa\u011fl\u0131\u011f\u0131 ve g\u00fcvenli\u011fi hizmetlerinin desteklenmesi ve \u0130\u015fyeri hekimleri ve i\u015f g\u00fcvenli\u011fi uzmanlar\u0131 ile ilgili maddeler ile kamu kurumlar\u0131 ile 50&#8217;den az \u00e7al\u0131\u015fan\u0131 olan ve az tehlikeli s\u0131n\u0131fta yer alan i\u015fyerleri i\u00e7in yay\u0131m\u0131 tarihinden itibaren iki y\u0131l sonra, 50&#8217;den az \u00e7al\u0131\u015fan\u0131 olan tehlikeli ve \u00e7ok tehlikeli s\u0131n\u0131fta yer alan i\u015fyerleri i\u00e7in bir y\u0131l sonra, di\u011fer i\u015fyerleri i\u00e7in bug\u00fcnden itibaren 6 ay sonra y\u00fcr\u00fcrl\u00fc\u011fe girecek. Yasan\u0131n getirdi\u011fi yeniliklere uygun kadrolar, \u00e7ok tehlikeli ve tehlikeli s\u0131n\u0131f i\u015fyerlerinde i\u015fg\u00fcvenli\u011fi uzman\u0131 bulundurulmas\u0131, i\u015fyeri tehlike s\u0131n\u0131flar\u0131n\u0131n belirlenmesi, i\u015f sa\u011fl\u0131\u011f\u0131 ve g\u00fcvenli\u011fi hizmeti sunucular\u0131n\u0131n belgeleriyle ilgili esaslar\u0131n \u00c7al\u0131\u015fma ve Sosyal G\u00fcvenlik Bakanl\u0131\u011f\u0131 taraf\u0131ndan belirlenmesi, bug\u00fcnden itibaren y\u00fcr\u00fcrl\u00fc\u011fe girmi\u015f olacak. Yasan\u0131n getirdi\u011fi di\u011fer d\u00fczenlemeler, 6 ay sonra y\u00fcr\u00fcrl\u00fc\u011fe girecek. &#8211; Ankara<\/p>","protected":false},"excerpt":{"rendered":"<p>Sorry, this entry is only available in Turkish. For the sake of viewer convenience, the content is shown below in the alternative language. You may click the link to switch the active language.SANAY\u0130 KAYNAKLI HAVA K\u0130RL\u0130L\u0130\u011e\u0130 KONTROL\u00dc Y\u00d6NETMEL\u0130\u011e\u0130NDE DE\u011e\u0130\u015e\u0130KL\u0130K YAPILMASINA DA\u0130R Y\u00d6NETMEL\u0130K 16.06.2012 TAR\u0130H\u0130NDE RESM\u0130 GAZETEDE YAYINLANDI\u2026 MADDE 1 &#8211; 3\/7\/2009 tarihli ve 27277 say\u0131l\u0131 [&hellip;]<\/p>\n","protected":false},"author":1,"featured_media":830,"comment_status":"open","ping_status":"open","sticky":false,"template":"","format":"standard","meta":[],"categories":[53,52],"tags":[67,122,123],"views":1837,"_links":{"self":[{"href":"https:\/\/www.enerjigazetesi.ist\/en\/wp-json\/wp\/v2\/posts\/828"}],"collection":[{"href":"https:\/\/www.enerjigazetesi.ist\/en\/wp-json\/wp\/v2\/posts"}],"about":[{"href":"https:\/\/www.enerjigazetesi.ist\/en\/wp-json\/wp\/v2\/types\/post"}],"author":[{"embeddable":true,"href":"https:\/\/www.enerjigazetesi.ist\/en\/wp-json\/wp\/v2\/users\/1"}],"replies":[{"embeddable":true,"href":"https:\/\/www.enerjigazetesi.ist\/en\/wp-json\/wp\/v2\/comments?post=828"}],"version-history":[{"count":9,"href":"https:\/\/www.enerjigazetesi.ist\/en\/wp-json\/wp\/v2\/posts\/828\/revisions"}],"predecessor-version":[{"id":842,"href":"https:\/\/www.enerjigazetesi.ist\/en\/wp-json\/wp\/v2\/posts\/828\/revisions\/842"}],"wp:featuredmedia":[{"embeddable":true,"href":"https:\/\/www.enerjigazetesi.ist\/en\/wp-json\/wp\/v2\/media\/830"}],"wp:attachment":[{"href":"https:\/\/www.enerjigazetesi.ist\/en\/wp-json\/wp\/v2\/media?parent=828"}],"wp:term":[{"taxonomy":"category","embeddable":true,"href":"https:\/\/www.enerjigazetesi.ist\/en\/wp-json\/wp\/v2\/categories?post=828"},{"taxonomy":"post_tag","embeddable":true,"href":"https:\/\/www.enerjigazetesi.ist\/en\/wp-json\/wp\/v2\/tags?post=828"}],"curies":[{"name":"wp","href":"https:\/\/api.w.org\/{rel}","templated":true}]}}